{"id":117854,"date":"2018-10-16T20:36:07","date_gmt":"2018-10-16T23:36:07","guid":{"rendered":"http:\/\/www.r2cpress.com.br\/v1\/?p=117854"},"modified":"2018-10-16T20:36:07","modified_gmt":"2018-10-16T23:36:07","slug":"rui-costa-se-reune-com-liderancas-politicas-de-oito-territorios-de-identidade-da-bahia","status":"publish","type":"post","link":"https:\/\/www.r2cpress.com.br\/v1\/2018\/10\/16\/rui-costa-se-reune-com-liderancas-politicas-de-oito-territorios-de-identidade-da-bahia\/","title":{"rendered":"Rui Costa se re\u00fane com lideran\u00e7as pol\u00edticas de oito territ\u00f3rios de identidade da Bahia"},"content":{"rendered":"<div><a href=\"http:\/\/www.r2cpress.com.br\/v1\/wp-content\/uploads\/2018\/08\/rui.jpeg\"><img loading=\"lazy\" class=\"aligncenter  wp-image-116960\" src=\"http:\/\/www.r2cpress.com.br\/v1\/wp-content\/uploads\/2018\/08\/rui-1024x576.jpeg\" alt=\"\" width=\"413\" height=\"232\" srcset=\"https:\/\/www.r2cpress.com.br\/v1\/wp-content\/uploads\/2018\/08\/rui-1024x576.jpeg 1024w, https:\/\/www.r2cpress.com.br\/v1\/wp-content\/uploads\/2018\/08\/rui-300x169.jpeg 300w, https:\/\/www.r2cpress.com.br\/v1\/wp-content\/uploads\/2018\/08\/rui-768x432.jpeg 768w, https:\/\/www.r2cpress.com.br\/v1\/wp-content\/uploads\/2018\/08\/rui.jpeg 1280w\" sizes=\"(max-width: 413px) 100vw, 413px\" \/><\/a>Reeleito com a maior vota\u00e7\u00e3o da hist\u00f3ria da Bahia, o governador Rui Costa vai a seis cidades do interior para reuni\u00f5es com lideran\u00e7as pol\u00edticas de oito territ\u00f3rios de identidade do estado esta semana. Os encontros v\u00e3o acontecer na quarta-feira (17), em Itapetinga e Itabuna; na quinta, em Teixeira de Freitas e Porto Seguro; e na sexta, em Vit\u00f3ria da Conquista e Jequi\u00e9.<\/div>\n<div><\/div>\n<div>A primeira reuni\u00e3o pol\u00edtica, com lideran\u00e7as do M\u00e9dio Sudoeste da Bahia, ser\u00e1 \u00e0s 9h de quarta no Rotary Club de Itapetinga. Neste mesmo dia, Rui Costa vai a Itabuna para o encontro com representantes do territ\u00f3rio Litoral Sul, \u00e0s 14h, no audit\u00f3rio da Faculdade Santo Agostinho.<\/div>\n<div><\/div>\n<div>Na quinta, as reuni\u00f5es ser\u00e3o em Teixeira de Freitas \u00e0s 9h, no Espa\u00e7o D Cerimonial, no bairro de Monte Castelo; e em Porto Seguro, \u00e0s 14h, no Hotel Solar Imperador. Os territ\u00f3rios de identidade contemplados nos encontros ser\u00e3o, respectivamente, Extremo Sul e Costa do Descobrimento.<\/div>\n<div><\/div>\n<div>As reuni\u00f5es desta semana ser\u00e3o finalizadas na sexta. \u00c0s 9h, Rui Costa estar\u00e1 em Vit\u00f3ria da Conquista (territ\u00f3rios Sudoeste Baiano e Sert\u00e3o Produtivo) e \u00e0s 14h na cidade de Jequi\u00e9 (M\u00e9dio Rio de Contas e Vale do Jiquiri\u00e7a). Os espa\u00e7os dos encontros ainda n\u00e3o foram definidos.<\/div>\n<div><\/div>\n<div>O objetivo do governador \u00e9 agradecer o resultado do primeiro turno e promover uma discuss\u00e3o acerca do segundo turno das elei\u00e7\u00f5es presidenciais. Rui Costa estar\u00e1 acompanhado da chapa majorit\u00e1ria da coliga\u00e7\u00e3o Mais Trabalho por Toda a Bahia e de deputados federais e estaduais votados nas regi\u00f5es visitadas.\u00a0<b>A imprensa n\u00e3o ter\u00e1 acesso \u00e0s reuni\u00f5es, mas o governador atender\u00e1 a imprensa antes do in\u00edcio de cada assembleia.<\/b><\/div>\n<div><b>\u00a0<\/b><\/div>\n<div id=\"x_Signature\">\n<div id=\"x_divtagdefaultwrapper\" dir=\"ltr\">\n<div>\n<div id=\"x_x_x_x_x_Signature\">\n<div id=\"x_x_x_x_x_divtagdefaultwrapper\"><span style=\"color: black;\"><b><br \/>\n<\/b><\/span><\/p>\n<div><span style=\"font-family: Calibri, Helvetica, sans-serif; font-size: small;\"><b>\u00a0<\/b><\/span><\/div>\n<div><span style=\"font-family: Calibri, Helvetica, sans-serif; font-size: small;\">\u00a0<\/span><\/div>\n<div id=\"LPBorder_GT_15349577535270.035153593737161426\"><\/div>\n<\/div>\n<\/div>\n<\/div>\n<\/div>\n<\/div>\n","protected":false},"excerpt":{"rendered":"<p>Reeleito com a maior vota\u00e7\u00e3o da hist\u00f3ria da Bahia, o governador Rui Costa vai a seis cidades do interior para reuni\u00f5es com lideran\u00e7as pol\u00edticas de oito territ\u00f3rios de identidade do estado esta semana. Os encontros v\u00e3o acontecer na quarta-feira (17), em Itapetinga e Itabuna; na quinta, em Teixeira de Freitas e Porto Seguro; e na [&hellip;]<\/p>\n","protected":false},"author":2,"featured_media":0,"comment_status":"open","ping_status":"open","sticky":false,"template":"","format":"standard","meta":{"_links_to":"","_links_to_target":""},"categories":[22],"tags":[],"_links":{"self":[{"href":"https:\/\/www.r2cpress.com.br\/v1\/wp-json\/wp\/v2\/posts\/117854"}],"collection":[{"href":"https:\/\/www.r2cpress.com.br\/v1\/wp-json\/wp\/v2\/posts"}],"about":[{"href":"https:\/\/www.r2cpress.com.br\/v1\/wp-json\/wp\/v2\/types\/post"}],"author":[{"embeddable":true,"href":"https:\/\/www.r2cpress.com.br\/v1\/wp-json\/wp\/v2\/users\/2"}],"replies":[{"embeddable":true,"href":"https:\/\/www.r2cpress.com.br\/v1\/wp-json\/wp\/v2\/comments?post=117854"}],"version-history":[{"count":1,"href":"https:\/\/www.r2cpress.com.br\/v1\/wp-json\/wp\/v2\/posts\/117854\/revisions"}],"predecessor-version":[{"id":117855,"href":"https:\/\/www.r2cpress.com.br\/v1\/wp-json\/wp\/v2\/posts\/117854\/revisions\/117855"}],"wp:attachment":[{"href":"https:\/\/www.r2cpress.com.br\/v1\/wp-json\/wp\/v2\/media?parent=117854"}],"wp:term":[{"taxonomy":"category","embeddable":true,"href":"https:\/\/www.r2cpress.com.br\/v1\/wp-json\/wp\/v2\/categories?post=117854"},{"taxonomy":"post_tag","embeddable":true,"href":"https:\/\/www.r2cpress.com.br\/v1\/wp-json\/wp\/v2\/tags?post=117854"}],"curies":[{"name":"wp","href":"https:\/\/api.w.org\/{rel}","templated":true}]}}