{"id":117857,"date":"2018-10-17T14:31:18","date_gmt":"2018-10-17T17:31:18","guid":{"rendered":"http:\/\/www.r2cpress.com.br\/v1\/?p=117857"},"modified":"2018-10-17T14:31:18","modified_gmt":"2018-10-17T17:31:18","slug":"burger-king-e-condenado-a-indenizar-mae-e-filho-abordados-por-seguranca-por-racismo","status":"publish","type":"post","link":"https:\/\/www.r2cpress.com.br\/v1\/2018\/10\/17\/burger-king-e-condenado-a-indenizar-mae-e-filho-abordados-por-seguranca-por-racismo\/","title":{"rendered":"Burger King \u00e9 condenado a indenizar m\u00e3e e filho abordados por seguran\u00e7a por racismo"},"content":{"rendered":"<p><img loading=\"lazy\" class=\"alignnone \" src=\"https:\/\/www.bahianoticias.com.br\/fotos\/justica_noticias\/59635\/IMAGEM_NOTICIA_original.jpg\" width=\"458\" height=\"280\" \/><\/p>\n<p>A rede de lanchonetes Burger King foi condenada a indenizar uma designer e seu filho em R$ 24 mil por danos morais. M\u00e3e e filho foram v\u00edtimas de ato de racismo praticado pelo seguran\u00e7a do estabelecimento. A condena\u00e7\u00e3o foi proferida pela 12\u00aa C\u00e2mara C\u00edvel do Tribunal de Justi\u00e7a do Rio de Janeiro (TJ-RJ). Para a C\u00e2mara, n\u00e3o \u00e9 poss\u00edvel presumir que algu\u00e9m \u00e9 criminoso por ser negro. \u00a0 De acordo com os autos, a designer e o filho sa\u00edram da praia e foram para uma unidade do Burger King em Ipanema, na zona sul do Rio de Janeiro. Enquanto a mulher comprava um lanche, o menino foi encher os copos na m\u00e1quina de refrigerantes. Nisso, um seguran\u00e7a do restaurante o abordou, chamando-o de \u201cmoleque\u201d. Constrangido, o garoto ficou cabisbaixo, com os olhos cheios de l\u00e1grimas. Ele j\u00e1 estava sendo expulso quando a m\u00e3e interviu na abordagem. Ela perguntou ao seguran\u00e7a se ele teria a mesma atitude caso o jovem n\u00e3o fosse negro. \u00a0 No processo, afirmaram que a abordagem foi racista e gerou traumas para o garoto, que ficou mais introvertido e com medo de ficar sozinho em estabelecimentos comerciais. Em sua defesa, o Burger King tratou o caso como mero aborrecimento. Em primeira inst\u00e2ncia, o Burger King foi condenado a pagar indeniza\u00e7\u00e3o por danos morais de R$ 12 mil a cada um dos autores. A companhia recorreu, mas o relator do caso no TJ-RJ, desembargador Jaime Dias Pinheiro Filho, manteve a senten\u00e7a. \u00a0 \u00a0\u201cO ato perpetrado pelo preposto da recorrente n\u00e3o encontra qualquer justificativa. Sua conduta \u00e9 preconceituosa ao presumir que o menor negro seria um delinquente t\u00e3o somente em raz\u00e3o da cor de sua pele\u201d, declarou o desembargador no voto. Para o relator, o ato \u00e9 ainda mais grave por ter sido praticado contra menor de idade.<\/p>\n","protected":false},"excerpt":{"rendered":"<p>A rede de lanchonetes Burger King foi condenada a indenizar uma designer e seu filho em R$ 24 mil por danos morais. M\u00e3e e filho foram v\u00edtimas de ato de racismo praticado pelo seguran\u00e7a do estabelecimento. A condena\u00e7\u00e3o foi proferida pela 12\u00aa C\u00e2mara C\u00edvel do Tribunal de Justi\u00e7a do Rio de Janeiro (TJ-RJ). Para a [&hellip;]<\/p>\n","protected":false},"author":2,"featured_media":0,"comment_status":"open","ping_status":"open","sticky":false,"template":"","format":"standard","meta":{"_links_to":"","_links_to_target":""},"categories":[1],"tags":[],"_links":{"self":[{"href":"https:\/\/www.r2cpress.com.br\/v1\/wp-json\/wp\/v2\/posts\/117857"}],"collection":[{"href":"https:\/\/www.r2cpress.com.br\/v1\/wp-json\/wp\/v2\/posts"}],"about":[{"href":"https:\/\/www.r2cpress.com.br\/v1\/wp-json\/wp\/v2\/types\/post"}],"author":[{"embeddable":true,"href":"https:\/\/www.r2cpress.com.br\/v1\/wp-json\/wp\/v2\/users\/2"}],"replies":[{"embeddable":true,"href":"https:\/\/www.r2cpress.com.br\/v1\/wp-json\/wp\/v2\/comments?post=117857"}],"version-history":[{"count":1,"href":"https:\/\/www.r2cpress.com.br\/v1\/wp-json\/wp\/v2\/posts\/117857\/revisions"}],"predecessor-version":[{"id":117858,"href":"https:\/\/www.r2cpress.com.br\/v1\/wp-json\/wp\/v2\/posts\/117857\/revisions\/117858"}],"wp:attachment":[{"href":"https:\/\/www.r2cpress.com.br\/v1\/wp-json\/wp\/v2\/media?parent=117857"}],"wp:term":[{"taxonomy":"category","embeddable":true,"href":"https:\/\/www.r2cpress.com.br\/v1\/wp-json\/wp\/v2\/categories?post=117857"},{"taxonomy":"post_tag","embeddable":true,"href":"https:\/\/www.r2cpress.com.br\/v1\/wp-json\/wp\/v2\/tags?post=117857"}],"curies":[{"name":"wp","href":"https:\/\/api.w.org\/{rel}","templated":true}]}}