{"id":117859,"date":"2018-10-17T14:36:24","date_gmt":"2018-10-17T17:36:24","guid":{"rendered":"http:\/\/www.r2cpress.com.br\/v1\/?p=117859"},"modified":"2018-10-17T14:36:24","modified_gmt":"2018-10-17T17:36:24","slug":"aviao-saiu-de-vitoria-da-conquista-e-atingido-por-raio-e-faz-pouso-de-emergencia","status":"publish","type":"post","link":"https:\/\/www.r2cpress.com.br\/v1\/2018\/10\/17\/aviao-saiu-de-vitoria-da-conquista-e-atingido-por-raio-e-faz-pouso-de-emergencia\/","title":{"rendered":"Avi\u00e3o saiu de Vit\u00f3ria da Conquista \u00e9 atingido por raio e faz pouso de emerg\u00eancia"},"content":{"rendered":"<p><img loading=\"lazy\" class=\"alignnone size-large\" src=\"https:\/\/4.bp.blogspot.com\/-8FZf0s3mcXc\/W8ZVHRtxKMI\/AAAAAAACA4A\/pm4hsy8_WIwyHkj0H1IExFWMm7PIeDlxQCLcBGAs\/s1600\/csm_aeroportoconquista_b240d31007.jpg\" width=\"500\" height=\"311\" \/><\/p>\n<div>\n<p>O dia foi de desespero para passageiros que pegaram um avi\u00e3o da empresa Azul, que saiu de Vit\u00f3ria da Conquista, no Sudoeste baiano, em dire\u00e7\u00e3o a Belo Horizonte (MG), na manh\u00e3 desta ter\u00e7a-feira (16). A aeronave foi atingida por um raio e teve que pousar na cidade de Montes Claros, a 354 quil\u00f4metros da capital mineira.<\/p>\n<\/div>\n<div><\/div>\n<div>Uma das passageiras, a jornalista Ellen Lapa, relatou em seu Instagram o desespero dos passageiros. \u201cNosso avi\u00e3o foi atingido por um raio. N\u00f3s tivemos que descer em Montes Claros. Foi gritaria, desespero, pipoco, mas pousamos em Montes Claros. Foram altas emo\u00e7\u00f5es\u201d, escreveu.<\/div>\n<div><\/div>\n<div>Ao CORREIO, Ellen explicou que o avi\u00e3o foi atingido ap\u00f3s 40 minutos de voo. \u201cN\u00f3s escutamos um barulho e vimos fogo pela janela, como se fosse uma explos\u00e3o. O fogo cessou ao fim dessa explos\u00e3o. Depois de alguns minutos, o piloto explicou que hav\u00edamos sido atingidos por um raio, que estava tudo bem, os sistemas da aeronave todos ok, por\u00e9m que ele iria parar em Montes Claros por seguran\u00e7a\u201d, relatou.<\/div>\n<div><\/div>\n<div>A jornalista disse ainda que alguns passageiros entraram em p\u00e2nico e precisaram ser acalmados por aeromo\u00e7as. \u201cUma senhora se desesperou, alguns choraram, mas no geral n\u00e3o houve muito p\u00e2nico\u201d, avaliou.<\/div>\n<div>DO CORREIO<\/div>\n","protected":false},"excerpt":{"rendered":"<p>O dia foi de desespero para passageiros que pegaram um avi\u00e3o da empresa Azul, que saiu de Vit\u00f3ria da Conquista, no Sudoeste baiano, em dire\u00e7\u00e3o a Belo Horizonte (MG), na manh\u00e3 desta ter\u00e7a-feira (16). A aeronave foi atingida por um raio e teve que pousar na cidade de Montes Claros, a 354 quil\u00f4metros da capital [&hellip;]<\/p>\n","protected":false},"author":2,"featured_media":0,"comment_status":"open","ping_status":"open","sticky":false,"template":"","format":"standard","meta":{"_links_to":"","_links_to_target":""},"categories":[1],"tags":[],"_links":{"self":[{"href":"https:\/\/www.r2cpress.com.br\/v1\/wp-json\/wp\/v2\/posts\/117859"}],"collection":[{"href":"https:\/\/www.r2cpress.com.br\/v1\/wp-json\/wp\/v2\/posts"}],"about":[{"href":"https:\/\/www.r2cpress.com.br\/v1\/wp-json\/wp\/v2\/types\/post"}],"author":[{"embeddable":true,"href":"https:\/\/www.r2cpress.com.br\/v1\/wp-json\/wp\/v2\/users\/2"}],"replies":[{"embeddable":true,"href":"https:\/\/www.r2cpress.com.br\/v1\/wp-json\/wp\/v2\/comments?post=117859"}],"version-history":[{"count":1,"href":"https:\/\/www.r2cpress.com.br\/v1\/wp-json\/wp\/v2\/posts\/117859\/revisions"}],"predecessor-version":[{"id":117860,"href":"https:\/\/www.r2cpress.com.br\/v1\/wp-json\/wp\/v2\/posts\/117859\/revisions\/117860"}],"wp:attachment":[{"href":"https:\/\/www.r2cpress.com.br\/v1\/wp-json\/wp\/v2\/media?parent=117859"}],"wp:term":[{"taxonomy":"category","embeddable":true,"href":"https:\/\/www.r2cpress.com.br\/v1\/wp-json\/wp\/v2\/categories?post=117859"},{"taxonomy":"post_tag","embeddable":true,"href":"https:\/\/www.r2cpress.com.br\/v1\/wp-json\/wp\/v2\/tags?post=117859"}],"curies":[{"name":"wp","href":"https:\/\/api.w.org\/{rel}","templated":true}]}}