{"id":117904,"date":"2018-10-19T15:23:23","date_gmt":"2018-10-19T18:23:23","guid":{"rendered":"http:\/\/www.r2cpress.com.br\/v1\/?p=117904"},"modified":"2018-10-19T15:23:23","modified_gmt":"2018-10-19T18:23:23","slug":"pai-e-filho-sao-resgatados-de-trabalho-escravo-em-fazenda","status":"publish","type":"post","link":"https:\/\/www.r2cpress.com.br\/v1\/2018\/10\/19\/pai-e-filho-sao-resgatados-de-trabalho-escravo-em-fazenda\/","title":{"rendered":"Pai e filho s\u00e3o resgatados de trabalho escravo em fazenda"},"content":{"rendered":"<p><em><a href=\"http:\/\/www.r2cpress.com.br\/v1\/wp-content\/uploads\/2018\/10\/PHOTO-2018-10-18-21-06-16.jpg\"><img loading=\"lazy\" class=\"aligncenter  wp-image-117905\" src=\"http:\/\/www.r2cpress.com.br\/v1\/wp-content\/uploads\/2018\/10\/PHOTO-2018-10-18-21-06-16-1024x768.jpg\" alt=\"\" width=\"518\" height=\"389\" srcset=\"https:\/\/www.r2cpress.com.br\/v1\/wp-content\/uploads\/2018\/10\/PHOTO-2018-10-18-21-06-16-1024x768.jpg 1024w, https:\/\/www.r2cpress.com.br\/v1\/wp-content\/uploads\/2018\/10\/PHOTO-2018-10-18-21-06-16-300x225.jpg 300w, https:\/\/www.r2cpress.com.br\/v1\/wp-content\/uploads\/2018\/10\/PHOTO-2018-10-18-21-06-16-768x576.jpg 768w, https:\/\/www.r2cpress.com.br\/v1\/wp-content\/uploads\/2018\/10\/PHOTO-2018-10-18-21-06-16.jpg 1280w\" sizes=\"(max-width: 518px) 100vw, 518px\" \/><\/a>Opera\u00e7\u00e3o com participa\u00e7\u00e3o de auditores fiscais do Minist\u00e9rio do Trabalho encontrou irregularidades em propriedade rural do pai de um ex-deputado preso na Lava-Jato<\/em><\/p>\n<p>Auditores fiscais do Minist\u00e9rio do Trabalho resgataram nesta semana um homem que era mantido em condi\u00e7\u00f5es an\u00e1logas \u00e0s de escravid\u00e3o com seu filho, na Fazenda Riach\u00e3o, em Entre Rios (BA), durante uma opera\u00e7\u00e3o da Comiss\u00e3o Estadual de Erradica\u00e7\u00e3o do Trabalho Escravo (Coetrae-BA). A propriedade rural pertence a Manoelito Arg\u00f4lo dos Santos, ex-prefeito de Entre Rios, dono de diversas fazendas de gado e pai do ex-deputado federal Luiz Arg\u00f4lo, que cumpre pena de 11 anos e 11 meses em regime fechado ap\u00f3s condena\u00e7\u00e3o na Opera\u00e7\u00e3o Lava-Jato.<\/p>\n<p>A equipe de fiscaliza\u00e7\u00e3o encontrou diversas irregularidades trabalhistas e o trabalhador que vivia com o filho em um alojamento com p\u00e9ssimas condi\u00e7\u00f5es de sa\u00fade e higiene, sem \u00e1gua pot\u00e1vel. Nenhum empregado das fazendas tinha carteira de trabalho assinada.<\/p>\n<p>Al\u00e9m da fazenda Riach\u00e3o, a equipe foi ao Rancho Alegre, tamb\u00e9m em Entre Rios, e n\u00e3o encontrou o propriet\u00e1rio \u2013 que foi visto na regi\u00e3o, mas n\u00e3o apareceu para falar com os agentes p\u00fablicos. Ao fiscalizar os locais e entrevistar os 15 empregados, os auditores detectaram diversos il\u00edcitos, que resultar\u00e3o em autos de infra\u00e7\u00e3o, com aplica\u00e7\u00e3o de multas. Os trabalhadores n\u00e3o tinham equipamentos de prote\u00e7\u00e3o, ningu\u00e9m fazia exames m\u00e9dicos ocupacionais e alguns recebiam menos do que um sal\u00e1rio m\u00ednimo. Tamb\u00e9m n\u00e3o era feito o recolhimento do Fundo de Garantia do Tempo de Servi\u00e7o (FGTS) e ningu\u00e9m tirava f\u00e9rias. Os relatos dos trabalhadores falam de at\u00e9 30 anos nessas condi\u00e7\u00f5es de trabalho.<\/p>\n<p><strong>Morcegos<\/strong>\u00a0&#8211; Pai e filho encontrados em condi\u00e7\u00f5es an\u00e1logas \u00e0 de escravid\u00e3o estavam dentro de um casebre sem \u00e1gua, com gambiarras el\u00e9tricas, manchas de fezes de morcegos nas paredes e banheiro contendo apenas um vaso sanit\u00e1rio sem descarga. N\u00e3o havia local para armazenar alimentos, o que obrigava os dois moradores a usar arames para pendurar a comida em sacos, de modo a proteg\u00ea-la de roedores. O empregado teve que levar colch\u00f5es e roupas de cama pr\u00f3prios, pois o empregador n\u00e3o os fornecia. Al\u00e9m disso, eles tinham que usar a \u00e1gua suja de um po\u00e7o, armazenada em vasilhames de \u00f3leo reaproveitados.<\/p>\n<p>Outro fato que chamou a aten\u00e7\u00e3o dos fiscais foi que havia centenas de filtros de \u00e1gua de barro amontoados na varanda de uma casa da fazenda. Alguns estavam quebrados, mas muitos permaneciam dentro de caixas. A equipe documentou o fato e comunicou o Minist\u00e9rio P\u00fablico do Estado da Bahia para que sejam apurados a origem e o destino do material encontrado.<\/p>\n<p>As propriedades t\u00eam pista de pouso e hangar para avi\u00f5es. Ao lado da casa da fam\u00edlia na sede da fazenda Rancho Alegre h\u00e1 um grande parque de exposi\u00e7\u00f5es, que leva o nome de seu propriet\u00e1rio, pol\u00edtico influente na regi\u00e3o e que se notabilizou pelas festas e os leil\u00f5es de gado.<\/p>\n<p><strong>Pagamento<\/strong>\u00a0&#8211; O valor total devido aos empregados pela fazenda supera os R$ 150 mil. Uma reuni\u00e3o foi realizada ao fim da tarde dessa quinta-feira (18) com os representantes do empregador, que se recusou a regularizar os v\u00ednculos e realizar o pagamento dos trabalhadores. Ser\u00e1 ajuizada a\u00e7\u00e3o civil p\u00fablica em face do empregador e ele tamb\u00e9m dever\u00e1 ser responsabilizado por meio de a\u00e7\u00e3o penal.<\/p>\n<p>Al\u00e9m dos auditores da Superintend\u00eancia Regional do Trabalho, a for\u00e7a-tarefa contou com a participa\u00e7\u00e3o do Minist\u00e9rio P\u00fablico do Trabalho, da Pol\u00edcia Rodovi\u00e1ria Federal e da Secretaria Estadual de Justi\u00e7a Direitos Humanos e Desenvolvimento Social.<\/p>\n<p><a href=\"http:\/\/www.r2cpress.com.br\/v1\/wp-content\/uploads\/2018\/10\/PHOTO-2018-10-18-21-05-05.jpg\"><img loading=\"lazy\" class=\"aligncenter  wp-image-117906\" src=\"http:\/\/www.r2cpress.com.br\/v1\/wp-content\/uploads\/2018\/10\/PHOTO-2018-10-18-21-05-05-768x1024.jpg\" alt=\"\" width=\"412\" height=\"549\" srcset=\"https:\/\/www.r2cpress.com.br\/v1\/wp-content\/uploads\/2018\/10\/PHOTO-2018-10-18-21-05-05-768x1024.jpg 768w, https:\/\/www.r2cpress.com.br\/v1\/wp-content\/uploads\/2018\/10\/PHOTO-2018-10-18-21-05-05-225x300.jpg 225w, https:\/\/www.r2cpress.com.br\/v1\/wp-content\/uploads\/2018\/10\/PHOTO-2018-10-18-21-05-05.jpg 960w\" sizes=\"(max-width: 412px) 100vw, 412px\" \/><\/a><\/p>\n<p>&nbsp;<\/p>\n<p class=\"x_MsoNormal\">\n","protected":false},"excerpt":{"rendered":"<p>Opera\u00e7\u00e3o com participa\u00e7\u00e3o de auditores fiscais do Minist\u00e9rio do Trabalho encontrou irregularidades em propriedade rural do pai de um ex-deputado preso na Lava-Jato Auditores fiscais do Minist\u00e9rio do Trabalho resgataram nesta semana um homem que era mantido em condi\u00e7\u00f5es an\u00e1logas \u00e0s de escravid\u00e3o com seu filho, na Fazenda Riach\u00e3o, em Entre Rios (BA), durante uma [&hellip;]<\/p>\n","protected":false},"author":2,"featured_media":0,"comment_status":"open","ping_status":"open","sticky":false,"template":"","format":"standard","meta":{"_links_to":"","_links_to_target":""},"categories":[1],"tags":[],"_links":{"self":[{"href":"https:\/\/www.r2cpress.com.br\/v1\/wp-json\/wp\/v2\/posts\/117904"}],"collection":[{"href":"https:\/\/www.r2cpress.com.br\/v1\/wp-json\/wp\/v2\/posts"}],"about":[{"href":"https:\/\/www.r2cpress.com.br\/v1\/wp-json\/wp\/v2\/types\/post"}],"author":[{"embeddable":true,"href":"https:\/\/www.r2cpress.com.br\/v1\/wp-json\/wp\/v2\/users\/2"}],"replies":[{"embeddable":true,"href":"https:\/\/www.r2cpress.com.br\/v1\/wp-json\/wp\/v2\/comments?post=117904"}],"version-history":[{"count":1,"href":"https:\/\/www.r2cpress.com.br\/v1\/wp-json\/wp\/v2\/posts\/117904\/revisions"}],"predecessor-version":[{"id":117907,"href":"https:\/\/www.r2cpress.com.br\/v1\/wp-json\/wp\/v2\/posts\/117904\/revisions\/117907"}],"wp:attachment":[{"href":"https:\/\/www.r2cpress.com.br\/v1\/wp-json\/wp\/v2\/media?parent=117904"}],"wp:term":[{"taxonomy":"category","embeddable":true,"href":"https:\/\/www.r2cpress.com.br\/v1\/wp-json\/wp\/v2\/categories?post=117904"},{"taxonomy":"post_tag","embeddable":true,"href":"https:\/\/www.r2cpress.com.br\/v1\/wp-json\/wp\/v2\/tags?post=117904"}],"curies":[{"name":"wp","href":"https:\/\/api.w.org\/{rel}","templated":true}]}}