{"id":117938,"date":"2018-10-23T13:54:44","date_gmt":"2018-10-23T16:54:44","guid":{"rendered":"http:\/\/www.r2cpress.com.br\/v1\/?p=117938"},"modified":"2018-10-23T13:54:44","modified_gmt":"2018-10-23T16:54:44","slug":"urucuca-semana-do-empreendedor-supera-expectativas","status":"publish","type":"post","link":"https:\/\/www.r2cpress.com.br\/v1\/2018\/10\/23\/urucuca-semana-do-empreendedor-supera-expectativas\/","title":{"rendered":"URU\u00c7UCA: SEMANA DO EMPREENDEDOR SUPERA EXPECTATIVAS"},"content":{"rendered":"<p><img loading=\"lazy\" class=\"alignnone \" src=\"https:\/\/i2.wp.com\/ipolitica.blog.br\/wp-content\/uploads\/2018\/10\/SEMANA-DO-EMPREENDEDOR-07-FOTO-ROBERTO-SANTOS.jpg?w=800&amp;ssl=1\" width=\"431\" height=\"283\" \/><\/p>\n<p>A prefeitura de Uru\u00e7uca, por meio da Secretaria de Desenvolvimento Econ\u00f4mico, realizou de 19 a 21 de outubro, a Semana do empreendedor com palestras, oficinas, mostra de produtos e servi\u00e7os, feira de agricultura org\u00e2nica e apresenta\u00e7\u00f5es culturais. O evento abrangeu os empreendedores do munic\u00edpio, rurais e urbanos e envolveu os diversos setores da economia, como lojistas, artes\u00e3os, agricultores e profissionais liberais.<\/p>\n<p>O pequeno agricultor Fernando dos Santos disse que o evento \u00e9 uma grande refer\u00eancia para a regi\u00e3o dando oportunidade ao agricultor produzir e comercializar. \u201c\u00c9 um grande avan\u00e7o, a prefeitura de Uru\u00e7uca tem compromisso com o agricultor. Agrade\u00e7o ao prefeito Moacyr e ao secret\u00e1rio Agdo e espero que mais vezes aconte\u00e7a esse evento.\u201d.<\/p>\n<p>A comerciante Lenice de Jesus parabenizou a organiza\u00e7\u00e3o do evento e a oportunidade de oferecer e promover seu tempero caseiro de v\u00e1rios sabores. \u201cFoi uma boa ideia de incentivar as pessoas que tem seu pequeno com\u00e9rcio, estou muito feliz\u201d, comentou\u2026<\/p>\n<p>O Secret\u00e1rio Municipal de Desenvolvimento Econ\u00f4mico, \u00c1guido Muniz, afirmou que a preocupa\u00e7\u00e3o da atual gest\u00e3o \u00e9 gerar emprego e renda para a popula\u00e7\u00e3o. \u201cN\u00f3s buscamos reunir todo o empreendedorismo da cidade munic\u00edpio, em um evento \u00fanico, com objetivo de despertar ideias para o aproveitamento aqui dentro do munic\u00edpio. \u00c1guido adiantou que o evento superou as expectativas da organiza\u00e7\u00e3o, com a participa\u00e7\u00e3o de v\u00e1rios munic\u00edpios da regi\u00e3o.<\/p>\n<p>O Prefeito Moacyr Leite lembrou que a Semana do Empreendedor est\u00e1 inserida na Semana Nacional de Ci\u00eancia e Tecnologia, pois considera importante que o comerciante conhe\u00e7a a ci\u00eancia e a tecnologia para melhor empreender. \u201cNosso projeto \u00e9 de gera\u00e7\u00e3o de emprego e renda, \u00e9 fazer com que nossos jovens aprendam desde cedo a empreender e ter sucesso com conhecimento de ci\u00eancia e tecnologia\u201d, afirmou.<\/p>\n<p>DO\u00a0IPOL\u00cdTICA<\/p>\n","protected":false},"excerpt":{"rendered":"<p>A prefeitura de Uru\u00e7uca, por meio da Secretaria de Desenvolvimento Econ\u00f4mico, realizou de 19 a 21 de outubro, a Semana do empreendedor com palestras, oficinas, mostra de produtos e servi\u00e7os, feira de agricultura org\u00e2nica e apresenta\u00e7\u00f5es culturais. O evento abrangeu os empreendedores do munic\u00edpio, rurais e urbanos e envolveu os diversos setores da economia, como [&hellip;]<\/p>\n","protected":false},"author":2,"featured_media":0,"comment_status":"open","ping_status":"open","sticky":false,"template":"","format":"standard","meta":{"_links_to":"","_links_to_target":""},"categories":[1],"tags":[],"_links":{"self":[{"href":"https:\/\/www.r2cpress.com.br\/v1\/wp-json\/wp\/v2\/posts\/117938"}],"collection":[{"href":"https:\/\/www.r2cpress.com.br\/v1\/wp-json\/wp\/v2\/posts"}],"about":[{"href":"https:\/\/www.r2cpress.com.br\/v1\/wp-json\/wp\/v2\/types\/post"}],"author":[{"embeddable":true,"href":"https:\/\/www.r2cpress.com.br\/v1\/wp-json\/wp\/v2\/users\/2"}],"replies":[{"embeddable":true,"href":"https:\/\/www.r2cpress.com.br\/v1\/wp-json\/wp\/v2\/comments?post=117938"}],"version-history":[{"count":1,"href":"https:\/\/www.r2cpress.com.br\/v1\/wp-json\/wp\/v2\/posts\/117938\/revisions"}],"predecessor-version":[{"id":117939,"href":"https:\/\/www.r2cpress.com.br\/v1\/wp-json\/wp\/v2\/posts\/117938\/revisions\/117939"}],"wp:attachment":[{"href":"https:\/\/www.r2cpress.com.br\/v1\/wp-json\/wp\/v2\/media?parent=117938"}],"wp:term":[{"taxonomy":"category","embeddable":true,"href":"https:\/\/www.r2cpress.com.br\/v1\/wp-json\/wp\/v2\/categories?post=117938"},{"taxonomy":"post_tag","embeddable":true,"href":"https:\/\/www.r2cpress.com.br\/v1\/wp-json\/wp\/v2\/tags?post=117938"}],"curies":[{"name":"wp","href":"https:\/\/api.w.org\/{rel}","templated":true}]}}