{"id":117947,"date":"2018-10-24T12:25:08","date_gmt":"2018-10-24T15:25:08","guid":{"rendered":"http:\/\/www.r2cpress.com.br\/v1\/?p=117947"},"modified":"2018-10-24T12:25:08","modified_gmt":"2018-10-24T15:25:08","slug":"noite-de-talentos-de-ilheus","status":"publish","type":"post","link":"https:\/\/www.r2cpress.com.br\/v1\/2018\/10\/24\/noite-de-talentos-de-ilheus\/","title":{"rendered":"NOITE DE TALENTOS DE ILH\u00c9US"},"content":{"rendered":"<div>\n<div><a href=\"http:\/\/www.r2cpress.com.br\/v1\/wp-content\/uploads\/2018\/10\/reg.jpg\"><img loading=\"lazy\" class=\"size-full wp-image-117948 alignleft\" src=\"http:\/\/www.r2cpress.com.br\/v1\/wp-content\/uploads\/2018\/10\/reg.jpg\" alt=\"\" width=\"384\" height=\"216\" srcset=\"https:\/\/www.r2cpress.com.br\/v1\/wp-content\/uploads\/2018\/10\/reg.jpg 384w, https:\/\/www.r2cpress.com.br\/v1\/wp-content\/uploads\/2018\/10\/reg-300x169.jpg 300w\" sizes=\"(max-width: 384px) 100vw, 384px\" \/><\/a>local :\u00a0 \u00e1rea de lazer do Palacete Misael Tavares<br \/>\nPra\u00e7a Rui Barbosa<\/p>\n<p>Com o objetivo de expor os produtos para comercializa\u00e7\u00e3o, mostrar suas artes e o TALENTO de cada um dos participantes, a Loja Ma\u00e7\u00f4nica e a Legi\u00e3o Feminina Regenera\u00e7\u00e3o Sul Bahiana &#8211; Ilh\u00e9us, promovem neste s\u00e1bado (27), das 17 \u00e0s 22 horas, nos sal\u00f5es, p\u00e1tios e \u00e1rea de lazer do Palacete Misael Tavares, situado na Pra\u00e7a Rui Barbosa, uma NOITE DE TALENTOS.<br \/>\nO evento ter\u00e1 a participa\u00e7\u00e3o de Lojas Ma\u00e7\u00f4nicas, Alas femininas e a comunidade de Ilh\u00e9us.<\/p>\n<p>Na programa\u00e7\u00e3o constam apresenta\u00e7\u00f5es\u00a0 musicais, exposi\u00e7\u00e3o de artesanatos, trabalhos em mosaicos, doces e sucos artesanais, pinturas em tecido e em telas, bordados, trabalhos manuais (bolsas, surpresas, sand\u00e1lias), dentre outros.<\/p>\n<p>J\u00e1 para o p\u00fablico infantil os coordenadores do evento v\u00e3o oferecer diversas atra\u00e7\u00f5es, a exemplo de pula-pula, piscinas de bolinhas e in\u00fameras brincadeiras.<\/p>\n<p>Inscri\u00e7\u00e3o \u2013 A inscri\u00e7\u00e3o \u00e9 gratuita para expor ou apresentar os trabalhos pode ser feita at\u00e9 esta quinta-feira (25), por meio de telefone (73) 3231-2013, na sede da secretaria da ma\u00e7onaria, das 9h30min \u00e0s 11h30min e das 15 \u00e0s 17 horas. Tamb\u00e9m n\u00e3o ser\u00e1 cobrada nenhuma taxa extra, pois o p\u00fablico ter\u00e1 acesso livre em todas as depend\u00eancias do evento.<\/p>\n<p>Vamos prestigiar mais este evento da FAM\u00cdLIA MA\u00c7\u00d4NICA DE ILH\u00c9US<\/p><\/div>\n<\/div>\n<div><\/div>\n","protected":false},"excerpt":{"rendered":"<p>local :\u00a0 \u00e1rea de lazer do Palacete Misael Tavares Pra\u00e7a Rui Barbosa Com o objetivo de expor os produtos para comercializa\u00e7\u00e3o, mostrar suas artes e o TALENTO de cada um dos participantes, a Loja Ma\u00e7\u00f4nica e a Legi\u00e3o Feminina Regenera\u00e7\u00e3o Sul Bahiana &#8211; Ilh\u00e9us, promovem neste s\u00e1bado (27), das 17 \u00e0s 22 horas, nos sal\u00f5es, [&hellip;]<\/p>\n","protected":false},"author":2,"featured_media":0,"comment_status":"open","ping_status":"open","sticky":false,"template":"","format":"standard","meta":{"_links_to":"","_links_to_target":""},"categories":[34],"tags":[],"_links":{"self":[{"href":"https:\/\/www.r2cpress.com.br\/v1\/wp-json\/wp\/v2\/posts\/117947"}],"collection":[{"href":"https:\/\/www.r2cpress.com.br\/v1\/wp-json\/wp\/v2\/posts"}],"about":[{"href":"https:\/\/www.r2cpress.com.br\/v1\/wp-json\/wp\/v2\/types\/post"}],"author":[{"embeddable":true,"href":"https:\/\/www.r2cpress.com.br\/v1\/wp-json\/wp\/v2\/users\/2"}],"replies":[{"embeddable":true,"href":"https:\/\/www.r2cpress.com.br\/v1\/wp-json\/wp\/v2\/comments?post=117947"}],"version-history":[{"count":1,"href":"https:\/\/www.r2cpress.com.br\/v1\/wp-json\/wp\/v2\/posts\/117947\/revisions"}],"predecessor-version":[{"id":117949,"href":"https:\/\/www.r2cpress.com.br\/v1\/wp-json\/wp\/v2\/posts\/117947\/revisions\/117949"}],"wp:attachment":[{"href":"https:\/\/www.r2cpress.com.br\/v1\/wp-json\/wp\/v2\/media?parent=117947"}],"wp:term":[{"taxonomy":"category","embeddable":true,"href":"https:\/\/www.r2cpress.com.br\/v1\/wp-json\/wp\/v2\/categories?post=117947"},{"taxonomy":"post_tag","embeddable":true,"href":"https:\/\/www.r2cpress.com.br\/v1\/wp-json\/wp\/v2\/tags?post=117947"}],"curies":[{"name":"wp","href":"https:\/\/api.w.org\/{rel}","templated":true}]}}