{"id":117976,"date":"2018-10-25T17:31:57","date_gmt":"2018-10-25T20:31:57","guid":{"rendered":"http:\/\/www.r2cpress.com.br\/v1\/?p=117976"},"modified":"2018-10-25T17:48:11","modified_gmt":"2018-10-25T20:48:11","slug":"projeto-verao-na-prevencao-de-afogamentos","status":"publish","type":"post","link":"https:\/\/www.r2cpress.com.br\/v1\/2018\/10\/25\/projeto-verao-na-prevencao-de-afogamentos\/","title":{"rendered":"PROJETO VER\u00c3O NA PREVEN\u00c7\u00c3O DE AFOGAMENTOS"},"content":{"rendered":"<div><a href=\"http:\/\/www.r2cpress.com.br\/v1\/wp-content\/uploads\/2018\/01\/Nilson-Pessoa.jpg\"><img loading=\"lazy\" class=\"wp-image-113056 alignleft\" src=\"http:\/\/www.r2cpress.com.br\/v1\/wp-content\/uploads\/2018\/01\/Nilson-Pessoa.jpg\" alt=\"\" width=\"248\" height=\"186\" srcset=\"https:\/\/www.r2cpress.com.br\/v1\/wp-content\/uploads\/2018\/01\/Nilson-Pessoa.jpg 640w, https:\/\/www.r2cpress.com.br\/v1\/wp-content\/uploads\/2018\/01\/Nilson-Pessoa-300x225.jpg 300w\" sizes=\"(max-width: 248px) 100vw, 248px\" \/><\/a>Li release sobre o Projeto Ver\u00e3o 2018\/2019 e parabenizo a Prefeitura de Ilh\u00e9us por, enfim, acrescentar ao projeto algumas medidas de preven\u00e7\u00e3o a afogamentos em nossas praias durante a temporada, per\u00edodo de maior \u00edndice.<\/div>\n<div>\n<div>Por uma feliz coincid\u00eancia, as a\u00e7\u00f5es ora divulgadas eu vinha sugerindo aqui mesmo, no R2CPRESS, h\u00e1 algum tempo, como podemos ver nas transcri\u00e7\u00f5es abaixo.<\/div>\n<div>Gostaria de aproveitar o momento e refor\u00e7ar a sugest\u00e3o de uma medida a mais que poderia ser analisada e, quem sabe, viabilizada. Trata-se de placas de advert\u00eancia de\u00a0<u>dupla face<\/u>, que seriam\u00a0fincadas na areia e poderiam ser\u00a0visualizadas tanto por quem chega \u00e0 praia quanto por quem caminha pela faixa de areia;\u00a0 vale salientar que essas placas teriam efeito duradouro ao longo do ano, n\u00e3o s\u00f3 na temporada de ver\u00e3o.<\/div>\n<div>Maiores detalhes sobre as placas est\u00e3o no texto publicado em 14\/12\/2015 Clique:<\/div>\n<div>&#8220;<a id=\"LPlnk740819\" href=\"http:\/\/www.r2cpress.com.br\/v1\/2015\/12\/14\/praias-placas\/\" target=\"_blank\" rel=\"noopener noreferrer\" data-auth=\"NotApplicable\">http:\/\/www.r2cpress.com.br\/v1\/2015\/12\/14\/praias-placas\/<\/a>&#8221; .<\/div>\n<div><\/div>\n<div>Concluo, parabenizando tamb\u00e9m ao Grupo de Salva-Vidas de Ilh\u00e9us pelo excelente trabalho que vem realizando.<\/div>\n<div><\/div>\n<div><span style=\"font-size: small;\"><i>Nilson Pessoa\u00a0<\/i><\/span><span style=\"font-size: small;\">says:<\/span><\/div>\n<div><a id=\"LPlnk337705\" href=\"http:\/\/www.r2cpress.com.br\/v1\/2017\/06\/16\/projeto-informar-para-nao-afogar-levara-informacoes-a-frequentadores-da-praia-de-sao-domingos-em-ilheus\/#comment-16472\" target=\"_blank\" rel=\"noopener noreferrer\" data-auth=\"NotApplicable\"><span style=\"font-size: small;\">17 de junho de 2017 \u00e0s 8:18<\/span><\/a><\/div>\n<div><span style=\"font-size: small;\"><i>&#8230; Iniciativa louv\u00e1vel. S\u00f3 n\u00e3o consigo entender como, at\u00e9 hoje, nunca vi uma campanha efetiva com, por exemplo, panfletagem nas praias e fixa\u00e7\u00e3o de cartazes nas cabanas, hot\u00e9is, pousadas, etc, contendo informa\u00e7\u00f5es b\u00e1sicas aos banhistas, inclusive turistas, sobre preven\u00e7\u00e3o de afogamento nas praias de Ilh\u00e9us, destacando as caracter\u00edsticas pr\u00f3prias das correntezas e buracos e quais as precau\u00e7\u00f5es ou cuidados necess\u00e1rios. As praias de Recife s\u00e3o cheias de placas sobre a presen\u00e7a de tubar\u00f5es e isso n\u00e3o influenciou no fluxo tur\u00edstico daquela cidade.<\/i><\/span><\/div>\n<p><strong><em><br \/>\n<span style=\"font-size: small;\"><i>Nilson Pessoa\u00a0<\/i><\/span><span style=\"font-size: small;\">says:<\/span><\/em><\/strong><\/p>\n<div><a id=\"LPlnk627680\" href=\"http:\/\/www.r2cpress.com.br\/v1\/2017\/08\/04\/projeto-trabalha-informacao-a-banhistas-para-evitar-afogamento-nas-praias-de-ilheus\/#comment-17114\" target=\"_blank\" rel=\"noopener noreferrer\" data-auth=\"NotApplicable\"><span style=\"font-size: small;\">4 de agosto de 2017 \u00e0s 18:14<\/span><\/a><\/div>\n<div><span style=\"font-size: small;\"><i>&#8230; Vamos l\u00e1, mais uma vez:<\/i><\/span><i><br \/>\n<\/i><span style=\"font-size: small;\"><i>O projeto poderia ganhar uma abrang\u00eancia maior, aumentando-se a quantidade de placas de advert\u00eancia nas praias; fixa\u00e7\u00e3o de cartazes nas cabanas, pousadas, hot\u00e9is, postos de combust\u00edveis e diversos locais; panfletagem nas praias e em outros pontos estrat\u00e9gicos da cidade, sempre orientando sobre os riscos de afogamentos e as caracter\u00edsticas das nossas praias (correntezas, buracos). O custo dessa complementa\u00e7\u00e3o seria \u00ednfimo diante do benef\u00edcio da preserva\u00e7\u00e3o de vidas, a a\u00e7\u00e3o traria uma visibilidade maior sobre o tema e a Prefeitura ficaria bem na foto, por, finalmente, dar uma aten\u00e7\u00e3o maior ao assunto.<\/i><\/span><i><br \/>\n<\/i><span style=\"font-size: small;\"><i>Posso estar enganado, mas a impress\u00e3o que d\u00e1 \u00e9 de que o projeto Informar para n\u00e3o Afogar s\u00f3 surgiu gra\u00e7as \u00e0 iniciativa, esfor\u00e7o e dedica\u00e7\u00e3o do Grupo de Salva-Vidas.<\/i><\/span><\/div>\n<div><\/div>\n<p><strong><em>Nilson Pessoa<\/em><\/strong><\/p>\n<\/div>\n<div><\/div>\n<div><\/div>\n<p>&nbsp;<\/p>\n","protected":false},"excerpt":{"rendered":"<p>Li release sobre o Projeto Ver\u00e3o 2018\/2019 e parabenizo a Prefeitura de Ilh\u00e9us por, enfim, acrescentar ao projeto algumas medidas de preven\u00e7\u00e3o a afogamentos em nossas praias durante a temporada, per\u00edodo de maior \u00edndice. Por uma feliz coincid\u00eancia, as a\u00e7\u00f5es ora divulgadas eu vinha sugerindo aqui mesmo, no R2CPRESS, h\u00e1 algum tempo, como podemos ver [&hellip;]<\/p>\n","protected":false},"author":2,"featured_media":0,"comment_status":"open","ping_status":"open","sticky":false,"template":"","format":"standard","meta":{"_links_to":"","_links_to_target":""},"categories":[10],"tags":[],"_links":{"self":[{"href":"https:\/\/www.r2cpress.com.br\/v1\/wp-json\/wp\/v2\/posts\/117976"}],"collection":[{"href":"https:\/\/www.r2cpress.com.br\/v1\/wp-json\/wp\/v2\/posts"}],"about":[{"href":"https:\/\/www.r2cpress.com.br\/v1\/wp-json\/wp\/v2\/types\/post"}],"author":[{"embeddable":true,"href":"https:\/\/www.r2cpress.com.br\/v1\/wp-json\/wp\/v2\/users\/2"}],"replies":[{"embeddable":true,"href":"https:\/\/www.r2cpress.com.br\/v1\/wp-json\/wp\/v2\/comments?post=117976"}],"version-history":[{"count":6,"href":"https:\/\/www.r2cpress.com.br\/v1\/wp-json\/wp\/v2\/posts\/117976\/revisions"}],"predecessor-version":[{"id":117982,"href":"https:\/\/www.r2cpress.com.br\/v1\/wp-json\/wp\/v2\/posts\/117976\/revisions\/117982"}],"wp:attachment":[{"href":"https:\/\/www.r2cpress.com.br\/v1\/wp-json\/wp\/v2\/media?parent=117976"}],"wp:term":[{"taxonomy":"category","embeddable":true,"href":"https:\/\/www.r2cpress.com.br\/v1\/wp-json\/wp\/v2\/categories?post=117976"},{"taxonomy":"post_tag","embeddable":true,"href":"https:\/\/www.r2cpress.com.br\/v1\/wp-json\/wp\/v2\/tags?post=117976"}],"curies":[{"name":"wp","href":"https:\/\/api.w.org\/{rel}","templated":true}]}}