{"id":11803,"date":"2011-03-29T17:09:49","date_gmt":"2011-03-29T20:09:49","guid":{"rendered":"http:\/\/www.r2cpress.com.br\/v1\/?p=11803"},"modified":"2011-03-29T17:09:49","modified_gmt":"2011-03-29T20:09:49","slug":"heckel-januario-em-porraqui","status":"publish","type":"post","link":"https:\/\/www.r2cpress.com.br\/v1\/2011\/03\/29\/heckel-januario-em-porraqui\/","title":{"rendered":"Heckel Janu\u00e1rio em: PORRAQUI!"},"content":{"rendered":"<p><img align = \"left\" src = \"http:\/\/www.r2cpress.com.br\/v1\/wp-content\/uploads\/HECKEL-NOVA.jpg\"\/>Yes, n\u00f3s temos banana. Ora se temos! Da \u00e9poca em que Braguinha, Alberto Ribeiro e Carmem Miranda propagaram o Brasil pro resto do mundo para c\u00e1, a produ\u00e7\u00e3o do delicioso e nutritivo fruto da bananeira aumentou substancialmente.  Mas como tamb\u00e9m produzimos suco de laranja, petr\u00f3leo \u2013e o \u201cpr\u00e9-sal\u201d vem a\u00ed\u2013 e um grande leque de outros produtos \u201cpra dar e vender\u201d, a pejorativa alcunha de \u201cRep\u00fablica das bananas\u201d n\u00e3o cabe mais \u00e0 na\u00e7\u00e3o brasileira como diziam os estadunidenses daqueles tempos. Prova isso a visita do simp\u00e1tico casal Obama que no m\u00ednimo sugere respeito, visto ser a primeira vez que um chefe norte-americano toma a iniciativa de visitar um territ\u00f3rio antes de visitado.  <\/p>\n<p><!--more--><\/p>\n<p>\tApesar de a seguran\u00e7a presidencial ter mais parecido um aparato de guerra (faltando somente os ca\u00e7as e os invis\u00edveis B-2 porque estavam na L\u00edbia), dando a impress\u00e3o que os ianques queriam mostrar a continuidade de seu poderio no planeta, presen\u00e7a t\u00e3o ilustre pode ainda significar o alvorecer de uma nova era, e uma mulher e um negro na presid\u00eancia destes pa\u00edses americanos, s\u00e3o fortes ind\u00edcios.  <\/p>\n<p> \t\u00c9 isso. Nos dias de hoje \u00e9 inconceb\u00edvel \u2013nem  na base da for\u00e7a nem da artimanha\u2013  como antigamente, a pretens\u00e3o imperialista americana.  O chefe de l\u00e1 j\u00e1 n\u00e3o pisa aqui indecentemente confundindo alhos com bugalhos como fez Ronald Reagan no encontro oficial com Jo\u00e3o Figueiredo (\u00faltimo mandat\u00e1rio do regime ditatorial militar) ao dizer que estava feliz por estar na Bol\u00edvia, garfe inserida nos anais de Bras\u00edlia.  <\/p>\n<p>\tBarack Obama pelos menos e diferente de seus antecessores, demonstrou conhecer mais a nossa cultura, e chegou at\u00e9, revestido da malandragem brasileira, ensaiar uma \u201cembaixadinha\u201d na Cidade de Deus enganando a torcida. Suas coloca\u00e7\u00f5es, discursando no Teatro Municipal do Rio foram quase todas dentro dos conformes, s\u00f3 pecando quando ao se referir \u00e0 praxe de o Brasil ser chamado de \u201cpa\u00eds do futuro\u201d, enfatizar que esse \u201cfuturo\u201d j\u00e1 havia chegado.  Infelizmente n\u00e3o chegou presidente, e a presidenta Dilma em sua fala de posse reconhecia a necessidade de reformas estruturais como a tribut\u00e1ria, pol\u00edtica e outras, os altos n\u00edveis de impunidade, e contundente dizia que vigiaria de perto o caminhar da sa\u00fade, educa\u00e7\u00e3o e seguran\u00e7a, pilares b\u00e1sicos de um pa\u00eds desenvolvido, mas sempre andando de muletas.   Por falar na chefa, sem ficar em mat\u00e9ria de habilidade atr\u00e1s do ianque, h\u00e1 de se esperar ent\u00e3o que no jogo de interesses das partes, nas rela\u00e7\u00f5es comerciais, na troca de nossa banana n\u00e3o predomine prol EUA o \u201ctudo para o vosso reino, para o nosso, nada\u201d, velha subservi\u00eancia adotada, n\u00e3o faz muito, nos acordos entre os mandat\u00e1rios daqui e os da na\u00e7\u00e3o nortista.  <\/p>\n<p>Ah, com Bill Clinton e FHC um outro babado fort\u00edssimo igualmente nos registros palacianos, deixara a diplomacia brasileira porraqui! Qual e por qu\u00ea? Porque \u00e0 \u00e9poca vazara um documento em que o Bill havia dito que \u201ccorrup\u00e7\u00e3o no Brasil \u00e9 end\u00eamica\u201d. Bom&#8230;<\/p>\n<p>\t\t\t\t\t\tHeckel Janu\u00e1rio<\/p>\n","protected":false},"excerpt":{"rendered":"<p>Yes, n\u00f3s temos banana. Ora se temos! Da \u00e9poca em que Braguinha, Alberto Ribeiro e Carmem Miranda propagaram o Brasil pro resto do mundo para c\u00e1, a produ\u00e7\u00e3o do delicioso e nutritivo fruto da bananeira aumentou substancialmente. Mas como tamb\u00e9m produzimos suco de laranja, petr\u00f3leo \u2013e o \u201cpr\u00e9-sal\u201d vem a\u00ed\u2013 e um grande leque de [&hellip;]<\/p>\n","protected":false},"author":2,"featured_media":0,"comment_status":"open","ping_status":"open","sticky":false,"template":"","format":"standard","meta":{"_links_to":"","_links_to_target":""},"categories":[10],"tags":[],"_links":{"self":[{"href":"https:\/\/www.r2cpress.com.br\/v1\/wp-json\/wp\/v2\/posts\/11803"}],"collection":[{"href":"https:\/\/www.r2cpress.com.br\/v1\/wp-json\/wp\/v2\/posts"}],"about":[{"href":"https:\/\/www.r2cpress.com.br\/v1\/wp-json\/wp\/v2\/types\/post"}],"author":[{"embeddable":true,"href":"https:\/\/www.r2cpress.com.br\/v1\/wp-json\/wp\/v2\/users\/2"}],"replies":[{"embeddable":true,"href":"https:\/\/www.r2cpress.com.br\/v1\/wp-json\/wp\/v2\/comments?post=11803"}],"version-history":[{"count":2,"href":"https:\/\/www.r2cpress.com.br\/v1\/wp-json\/wp\/v2\/posts\/11803\/revisions"}],"predecessor-version":[{"id":11805,"href":"https:\/\/www.r2cpress.com.br\/v1\/wp-json\/wp\/v2\/posts\/11803\/revisions\/11805"}],"wp:attachment":[{"href":"https:\/\/www.r2cpress.com.br\/v1\/wp-json\/wp\/v2\/media?parent=11803"}],"wp:term":[{"taxonomy":"category","embeddable":true,"href":"https:\/\/www.r2cpress.com.br\/v1\/wp-json\/wp\/v2\/categories?post=11803"},{"taxonomy":"post_tag","embeddable":true,"href":"https:\/\/www.r2cpress.com.br\/v1\/wp-json\/wp\/v2\/tags?post=11803"}],"curies":[{"name":"wp","href":"https:\/\/api.w.org\/{rel}","templated":true}]}}