{"id":118050,"date":"2018-10-31T18:44:38","date_gmt":"2018-10-31T21:44:38","guid":{"rendered":"http:\/\/www.r2cpress.com.br\/v1\/?p=118050"},"modified":"2018-10-31T18:44:38","modified_gmt":"2018-10-31T21:44:38","slug":"marao-busca-recursos-em-brasilia-para-solucionar-problemas-dos-morros","status":"publish","type":"post","link":"https:\/\/www.r2cpress.com.br\/v1\/2018\/10\/31\/marao-busca-recursos-em-brasilia-para-solucionar-problemas-dos-morros\/","title":{"rendered":"MAR\u00c3O BUSCA RECURSOS EM BRAS\u00cdLIA PARA SOLUCIONAR PROBLEMAS DOS MORROS"},"content":{"rendered":"<p><img loading=\"lazy\" class=\"alignnone \" src=\"https:\/\/i1.wp.com\/ipolitica.blog.br\/wp-content\/uploads\/2018\/10\/Prefeito-M%C3%A1rio-Alexandre-deputado-Claudio-Cajado-ministro-Ant%C3%B4nio-de-P%C3%A1dua-Andrade-e-coronel-Newton-Ramlow.jpeg?w=640&amp;ssl=1\" width=\"475\" height=\"378\" \/><\/p>\n<p>O prefeito de Ilh\u00e9us, M\u00e1rio Alexandre, acompanhado do deputado federal, Claudio Cajado, reuniu-se com o ministro da Integra\u00e7\u00e3o Nacional, Ant\u00f4nio de P\u00e1dua Andrade, e o coordenador nacional da Defesa Civil, coronel Newton Ramlow, nesta ter\u00e7a feira (30), para solicitar recursos emergenciais direcionados \u00e0 melhoria da infraestrutura das \u00e1reas altas da cidade. A prioridade para o governo municipal \u00e9 garantir a seguran\u00e7a das fam\u00edlias que residem nas encostas dos morros, onde h\u00e1 risco de deslizamento de terras durante os per\u00edodos de chuvas intensas.<\/p>\n<p>Durante a audi\u00eancia, o prefeito tratou com o ministro sobre a libera\u00e7\u00e3o dos recursos referentes \u00e0 Situa\u00e7\u00e3o de Emerg\u00eancia decretada em Ilh\u00e9us em junho deste ano, ap\u00f3s as chuvas intensas que atingiram morros e altos da cidade. O processo, na \u00e9poca, foi inspecionado e liberado pela Defesa Civil do Estado.<!--more--><\/p>\n<p>Em fevereiro de 2017, o prefeito M\u00e1rio Alexandre tamb\u00e9m esteve no Minist\u00e9rio da Integra\u00e7\u00e3o Nacional reivindicando apoio do governo federal para obras de infraestrutura nos morros de Ilh\u00e9us. \u201c\u00c9 uma popula\u00e7\u00e3o castigada, esquecida por governos anteriores, que enfrenta dificuldades com as chuvas e at\u00e9 corre risco de morte\u201d, salientou.<\/p>\n<p>DO IPOLITICA<\/p>\n","protected":false},"excerpt":{"rendered":"<p>O prefeito de Ilh\u00e9us, M\u00e1rio Alexandre, acompanhado do deputado federal, Claudio Cajado, reuniu-se com o ministro da Integra\u00e7\u00e3o Nacional, Ant\u00f4nio de P\u00e1dua Andrade, e o coordenador nacional da Defesa Civil, coronel Newton Ramlow, nesta ter\u00e7a feira (30), para solicitar recursos emergenciais direcionados \u00e0 melhoria da infraestrutura das \u00e1reas altas da cidade. A prioridade para o [&hellip;]<\/p>\n","protected":false},"author":2,"featured_media":0,"comment_status":"open","ping_status":"open","sticky":false,"template":"","format":"standard","meta":{"_links_to":"","_links_to_target":""},"categories":[14],"tags":[],"_links":{"self":[{"href":"https:\/\/www.r2cpress.com.br\/v1\/wp-json\/wp\/v2\/posts\/118050"}],"collection":[{"href":"https:\/\/www.r2cpress.com.br\/v1\/wp-json\/wp\/v2\/posts"}],"about":[{"href":"https:\/\/www.r2cpress.com.br\/v1\/wp-json\/wp\/v2\/types\/post"}],"author":[{"embeddable":true,"href":"https:\/\/www.r2cpress.com.br\/v1\/wp-json\/wp\/v2\/users\/2"}],"replies":[{"embeddable":true,"href":"https:\/\/www.r2cpress.com.br\/v1\/wp-json\/wp\/v2\/comments?post=118050"}],"version-history":[{"count":1,"href":"https:\/\/www.r2cpress.com.br\/v1\/wp-json\/wp\/v2\/posts\/118050\/revisions"}],"predecessor-version":[{"id":118051,"href":"https:\/\/www.r2cpress.com.br\/v1\/wp-json\/wp\/v2\/posts\/118050\/revisions\/118051"}],"wp:attachment":[{"href":"https:\/\/www.r2cpress.com.br\/v1\/wp-json\/wp\/v2\/media?parent=118050"}],"wp:term":[{"taxonomy":"category","embeddable":true,"href":"https:\/\/www.r2cpress.com.br\/v1\/wp-json\/wp\/v2\/categories?post=118050"},{"taxonomy":"post_tag","embeddable":true,"href":"https:\/\/www.r2cpress.com.br\/v1\/wp-json\/wp\/v2\/tags?post=118050"}],"curies":[{"name":"wp","href":"https:\/\/api.w.org\/{rel}","templated":true}]}}