{"id":118068,"date":"2018-11-01T18:37:44","date_gmt":"2018-11-01T21:37:44","guid":{"rendered":"http:\/\/www.r2cpress.com.br\/v1\/?p=118068"},"modified":"2018-11-01T18:37:44","modified_gmt":"2018-11-01T21:37:44","slug":"cemiterios-de-ilheus-receberao-milhares-de-visitantes-no-dia-de-finados","status":"publish","type":"post","link":"https:\/\/www.r2cpress.com.br\/v1\/2018\/11\/01\/cemiterios-de-ilheus-receberao-milhares-de-visitantes-no-dia-de-finados\/","title":{"rendered":"Cemit\u00e9rios de Ilh\u00e9us receber\u00e3o milhares de visitantes no Dia de Finados"},"content":{"rendered":"<p><img loading=\"lazy\" class=\"alignnone size-large\" src=\"http:\/\/portalfacilclientes.blob.core.windows.net\/uploads\/ILHEUS\/img\/%7B6334E2BD-CBAC-ED06-BCEA-6ACCB4C7BEAB%7D\/%7B6334E2BD-CBAC-ED06-BCEA-6ACCB4C7BEAB%7D_650X450.jpg\" width=\"650\" height=\"450\" \/><\/p>\n<p>Nesta quinta-feira, 2 de novembro, os port\u00f5es dos cemit\u00e9rios municipais estar\u00e3o abertos das 7 \u00e0s 17 horas, a fim de receber milhares de visitantes para as celebra\u00e7\u00f5es em homenagem ao Dia de Finados. Como tradi\u00e7\u00e3o, a Diocese de Ilh\u00e9us informou que vai contar com vig\u00edlias e missas durante a programa\u00e7\u00e3o. Como neste ano a data cai numa sexta-feira, o movimento nos cemit\u00e9rios pode ser grande por se tratar de um final de semana prolongado.<\/p>\n<p>Os cemit\u00e9rios do Nossa Senhora da Vit\u00f3ria, no Alto Teres\u00f3polis; S\u00e3o Jo\u00e3o Batista, no Nelson Costa; S\u00e3o Jorge, no Alto do Bas\u00edlio; Nossa Senhora da Escada, em Oliven\u00e7a; Salobrinho, e nas localidades de Couto e Juerana, devem receber maior fluxo de visitantes no feriado nacional. A coordena\u00e7\u00e3o informa que os cemit\u00e9rios do Bas\u00edlio e do Nelson Costa se encontram no extremo de suas capacidades e pede a todos os visitantes desses espa\u00e7os que tenham o m\u00e1ximo de cuidado no contato com os t\u00famulos e que evitem deixar lixo nos locais.<\/p>\n<p><strong>Celebra\u00e7\u00f5es<\/strong>\u00a0\u2013 Haver\u00e1 vig\u00edlia de Finados na par\u00f3quia da Vit\u00f3ria, no Alto Teres\u00f3polis, nesta quinta-feira (1), a partir das 19h30min, com celebra\u00e7\u00e3o do vig\u00e1rio paroquial, o padre Dami\u00e3o Borges, al\u00e9m de Via Sacra e Ter\u00e7o dos Falecidos. J\u00e1 na sexta-feira, as celebra\u00e7\u00f5es religiosas ocorrer\u00e3o \u00e0s 7 horas na par\u00f3quia de Nossa Senhora das Vit\u00f3rias, localizada no bairro do mesmo nome, e no Alto Teres\u00f3polis. Em seguida, \u00e0s 8 horas, ocorre missa na Catedral de S\u00e3o Sebasti\u00e3o. Depois, \u00e0s 9 e \u00e0s 16 horas, respectivamente, na par\u00f3quia da Vit\u00f3ria.<\/p>\n<p>Tradicionalmente, o Dia de Finados \u00e9 marcado pela ampla visita\u00e7\u00e3o popular aos t\u00famulos, em gesto de respeito e tributo \u00e0 mem\u00f3ria dos entes queridos. A Administra\u00e7\u00e3o Municipal se sensibiliza com a import\u00e2ncia deste momento e trabalha com efici\u00eancia para garantir o bem-estar de todos. Al\u00e9m da manuten\u00e7\u00e3o realizada durante todo o ano no local, a Prefeitura de Ilh\u00e9us, por meio da Secretaria de Servi\u00e7os Urbanos (Secsurb) procedeu com intenso trabalho de limpeza geral e melhorias nos cemit\u00e9rios municipais.<\/p>\n<p>&nbsp;<\/p>\n<p>&nbsp;<\/p>\n","protected":false},"excerpt":{"rendered":"<p>Nesta quinta-feira, 2 de novembro, os port\u00f5es dos cemit\u00e9rios municipais estar\u00e3o abertos das 7 \u00e0s 17 horas, a fim de receber milhares de visitantes para as celebra\u00e7\u00f5es em homenagem ao Dia de Finados. Como tradi\u00e7\u00e3o, a Diocese de Ilh\u00e9us informou que vai contar com vig\u00edlias e missas durante a programa\u00e7\u00e3o. Como neste ano a data [&hellip;]<\/p>\n","protected":false},"author":2,"featured_media":0,"comment_status":"open","ping_status":"open","sticky":false,"template":"","format":"standard","meta":{"_links_to":"","_links_to_target":""},"categories":[1],"tags":[],"_links":{"self":[{"href":"https:\/\/www.r2cpress.com.br\/v1\/wp-json\/wp\/v2\/posts\/118068"}],"collection":[{"href":"https:\/\/www.r2cpress.com.br\/v1\/wp-json\/wp\/v2\/posts"}],"about":[{"href":"https:\/\/www.r2cpress.com.br\/v1\/wp-json\/wp\/v2\/types\/post"}],"author":[{"embeddable":true,"href":"https:\/\/www.r2cpress.com.br\/v1\/wp-json\/wp\/v2\/users\/2"}],"replies":[{"embeddable":true,"href":"https:\/\/www.r2cpress.com.br\/v1\/wp-json\/wp\/v2\/comments?post=118068"}],"version-history":[{"count":1,"href":"https:\/\/www.r2cpress.com.br\/v1\/wp-json\/wp\/v2\/posts\/118068\/revisions"}],"predecessor-version":[{"id":118069,"href":"https:\/\/www.r2cpress.com.br\/v1\/wp-json\/wp\/v2\/posts\/118068\/revisions\/118069"}],"wp:attachment":[{"href":"https:\/\/www.r2cpress.com.br\/v1\/wp-json\/wp\/v2\/media?parent=118068"}],"wp:term":[{"taxonomy":"category","embeddable":true,"href":"https:\/\/www.r2cpress.com.br\/v1\/wp-json\/wp\/v2\/categories?post=118068"},{"taxonomy":"post_tag","embeddable":true,"href":"https:\/\/www.r2cpress.com.br\/v1\/wp-json\/wp\/v2\/tags?post=118068"}],"curies":[{"name":"wp","href":"https:\/\/api.w.org\/{rel}","templated":true}]}}