{"id":118108,"date":"2018-11-07T13:20:45","date_gmt":"2018-11-07T16:20:45","guid":{"rendered":"http:\/\/www.r2cpress.com.br\/v1\/?p=118108"},"modified":"2018-11-07T13:20:45","modified_gmt":"2018-11-07T16:20:45","slug":"nota-publica-operacoes-da-policia-federal-em-ilheus","status":"publish","type":"post","link":"https:\/\/www.r2cpress.com.br\/v1\/2018\/11\/07\/nota-publica-operacoes-da-policia-federal-em-ilheus\/","title":{"rendered":"NOTA P\u00daBLICA \u2013 OPERA\u00c7\u00d5ES DA POL\u00cdCIA FEDERAL EM ILH\u00c9US"},"content":{"rendered":"<p><img loading=\"lazy\" class=\"alignnone \" src=\"https:\/\/i0.wp.com\/ipolitica.blog.br\/wp-content\/uploads\/2018\/01\/prefeitura-de-ilheus.jpg?w=640&amp;ssl=1\" width=\"452\" height=\"339\" \/><\/p>\n<p>A Prefeitura de Ilh\u00e9us, levando em conta a deflagra\u00e7\u00e3o, na manh\u00e3 desta ter\u00e7a-feira (6), de duas opera\u00e7\u00f5es simult\u00e2neas da Pol\u00edcia Federal, com o objetivo de desarticular organiza\u00e7\u00f5es criminosas especializadas em fraudar licita\u00e7\u00f5es e desviar recursos p\u00fablicos que atuavam em diversos munic\u00edpios da regi\u00e3o sul da Bahia, esclarece que, no \u00e2mbito municipal, houve apenas busca e apreens\u00e3o de documentos relacionados aos processos de licita\u00e7\u00f5es, nos quais, a pol\u00edcia entendeu que poderia ter havido atua\u00e7\u00e3o das empresas investigadas. Al\u00e9m disso, durante o procedimento, servidores municipais cooperaram, prestando esclarecimentos e se colocando \u00e0 disposi\u00e7\u00e3o para demais informa\u00e7\u00f5es.<\/p>\n<p>Para obter mais informa\u00e7\u00f5es, a Secretaria Municipal de Comunica\u00e7\u00e3o, ouviu a Procuradoria Geral do Munic\u00edpio, que na oportunidade, destacou que esse tipo de opera\u00e7\u00e3o \u00e9 importante para o combate \u00e0 pr\u00e1tica de \u201ccartel\u201d ou \u201cconcerta\u00e7\u00e3o\u201d entre licitantes que, n\u00e3o raras as vezes, se ajustam entre si, com o objetivo de arrancar alguma vantagem das licita\u00e7\u00f5es, e que essa opera\u00e7\u00e3o espec\u00edfica tinha como alvo empresas e seus dirigentes, n\u00e3o tendo sido expedido nenhum mandado de busca e apreens\u00e3o contra ocupantes de cargos p\u00fablicos da atual gest\u00e3o.<\/p>\n<p>Do ipolitica<\/p>\n","protected":false},"excerpt":{"rendered":"<p>A Prefeitura de Ilh\u00e9us, levando em conta a deflagra\u00e7\u00e3o, na manh\u00e3 desta ter\u00e7a-feira (6), de duas opera\u00e7\u00f5es simult\u00e2neas da Pol\u00edcia Federal, com o objetivo de desarticular organiza\u00e7\u00f5es criminosas especializadas em fraudar licita\u00e7\u00f5es e desviar recursos p\u00fablicos que atuavam em diversos munic\u00edpios da regi\u00e3o sul da Bahia, esclarece que, no \u00e2mbito municipal, houve apenas busca e [&hellip;]<\/p>\n","protected":false},"author":2,"featured_media":0,"comment_status":"open","ping_status":"open","sticky":false,"template":"","format":"standard","meta":{"_links_to":"","_links_to_target":""},"categories":[1],"tags":[],"_links":{"self":[{"href":"https:\/\/www.r2cpress.com.br\/v1\/wp-json\/wp\/v2\/posts\/118108"}],"collection":[{"href":"https:\/\/www.r2cpress.com.br\/v1\/wp-json\/wp\/v2\/posts"}],"about":[{"href":"https:\/\/www.r2cpress.com.br\/v1\/wp-json\/wp\/v2\/types\/post"}],"author":[{"embeddable":true,"href":"https:\/\/www.r2cpress.com.br\/v1\/wp-json\/wp\/v2\/users\/2"}],"replies":[{"embeddable":true,"href":"https:\/\/www.r2cpress.com.br\/v1\/wp-json\/wp\/v2\/comments?post=118108"}],"version-history":[{"count":1,"href":"https:\/\/www.r2cpress.com.br\/v1\/wp-json\/wp\/v2\/posts\/118108\/revisions"}],"predecessor-version":[{"id":118109,"href":"https:\/\/www.r2cpress.com.br\/v1\/wp-json\/wp\/v2\/posts\/118108\/revisions\/118109"}],"wp:attachment":[{"href":"https:\/\/www.r2cpress.com.br\/v1\/wp-json\/wp\/v2\/media?parent=118108"}],"wp:term":[{"taxonomy":"category","embeddable":true,"href":"https:\/\/www.r2cpress.com.br\/v1\/wp-json\/wp\/v2\/categories?post=118108"},{"taxonomy":"post_tag","embeddable":true,"href":"https:\/\/www.r2cpress.com.br\/v1\/wp-json\/wp\/v2\/tags?post=118108"}],"curies":[{"name":"wp","href":"https:\/\/api.w.org\/{rel}","templated":true}]}}