{"id":118110,"date":"2018-11-07T13:23:01","date_gmt":"2018-11-07T16:23:01","guid":{"rendered":"http:\/\/www.r2cpress.com.br\/v1\/?p=118110"},"modified":"2018-11-07T13:23:01","modified_gmt":"2018-11-07T16:23:01","slug":"ilheus-parceria-garante-recuperacao-da-antiga-casa-brasil","status":"publish","type":"post","link":"https:\/\/www.r2cpress.com.br\/v1\/2018\/11\/07\/ilheus-parceria-garante-recuperacao-da-antiga-casa-brasil\/","title":{"rendered":"ILH\u00c9US: PARCERIA GARANTE RECUPERA\u00c7\u00c3O DA ANTIGA CASA BRASIL"},"content":{"rendered":"<p><img loading=\"lazy\" class=\"alignnone \" src=\"https:\/\/i0.wp.com\/ipolitica.blog.br\/wp-content\/uploads\/2018\/11\/Inaugura%C3%A7%C3%A3o-Farm%C3%A1cia-Ultra-Popular.-Foto-Rodrigo-Macedo-5.jpg?w=640&amp;ssl=1\" width=\"424\" height=\"282\" \/><\/p>\n<p>A inaugura\u00e7\u00e3o de mais um empreendimento do Grupo Velanes, na segunda-feira (5), marcou o avan\u00e7o do trabalho da comiss\u00e3o que visa \u00e0 educa\u00e7\u00e3o e prote\u00e7\u00e3o do patrim\u00f4nio hist\u00f3rico cultural de Ilh\u00e9us. Instalada na antiga Casa Brasil, localizada na Rua Marqu\u00eas de Paranagu\u00e1, a farm\u00e1cia gera 15 novos empregos e fortalece o desenvolvimento econ\u00f4mico do munic\u00edpio.<\/p>\n<p>A comiss\u00e3o reuniu a C\u00e2mara de Patrim\u00f4nio do Conselho Municipal de Cultura, Coordena\u00e7\u00e3o de Patrim\u00f4nio da Secret\u00e1ria de Cultura (Secult), N\u00facleo de Urbanismo da Secret\u00e1ria de Planejamento, Faculdade Madre Tha\u00eds e os propriet\u00e1rios do empreendimento. \u201cA a\u00e7\u00e3o atende \u00e0 lei 2.312, de agosto de 1989, que define a prote\u00e7\u00e3o patrimonial de todo per\u00edmetro do Centro Hist\u00f3rico de Ilh\u00e9us. Outros projetos est\u00e3o em discuss\u00e3o. Estamos avan\u00e7ando nessa proposta, pois Ilh\u00e9us merece\u201d, declara o coordenador de Patrim\u00f4nio da Secult, Airton de Carvalho Santos J\u00fanior.<\/p>\n<p>O resultado da recupera\u00e7\u00e3o da antiga Casa Brasil \u00e9 o modelo da parceria entre a Prefeitura de Ilh\u00e9us e a iniciativa privada que nortear\u00e1 todo o trabalho de tombamento hist\u00f3rico na cidade. Airton Carvalho explica que a comiss\u00e3o discutiu as quest\u00f5es das leis com o empres\u00e1rio, que apoiou e contribuiu para garantir a reconstitui\u00e7\u00e3o da forma original, mantendo uma pintura \u00fanica em todo o pr\u00e9dio. \u201c\u00c9 a parceria que est\u00e1 dando certo, em fun\u00e7\u00e3o deste trabalho de educa\u00e7\u00e3o e prote\u00e7\u00e3o patrimonial\u201d, enfatiza.<!--more--><\/p>\n<p>A comiss\u00e3o \u00e9 composta pela doutora Maria Helena, representante do Conselho Municipal de Cultura; Alexandre Amorim, do n\u00facleo de urbaniza\u00e7\u00e3o da Secretaria de Planejamento; Carolina \u00c9rika Santo, coordenadora do curso de Urbanismo e Arquitetura da Faculdade Madre Thais e Airton Carvalho, da Secult. \u201cContamos tamb\u00e9m com a assessoria e consultoria da Procuradoria Jur\u00eddica e da Secretaria Municipal da Fazenda.<\/p>\n<p>Do ipolitica<\/p>\n","protected":false},"excerpt":{"rendered":"<p>A inaugura\u00e7\u00e3o de mais um empreendimento do Grupo Velanes, na segunda-feira (5), marcou o avan\u00e7o do trabalho da comiss\u00e3o que visa \u00e0 educa\u00e7\u00e3o e prote\u00e7\u00e3o do patrim\u00f4nio hist\u00f3rico cultural de Ilh\u00e9us. Instalada na antiga Casa Brasil, localizada na Rua Marqu\u00eas de Paranagu\u00e1, a farm\u00e1cia gera 15 novos empregos e fortalece o desenvolvimento econ\u00f4mico do munic\u00edpio. [&hellip;]<\/p>\n","protected":false},"author":2,"featured_media":0,"comment_status":"open","ping_status":"open","sticky":false,"template":"","format":"standard","meta":{"_links_to":"","_links_to_target":""},"categories":[1],"tags":[],"_links":{"self":[{"href":"https:\/\/www.r2cpress.com.br\/v1\/wp-json\/wp\/v2\/posts\/118110"}],"collection":[{"href":"https:\/\/www.r2cpress.com.br\/v1\/wp-json\/wp\/v2\/posts"}],"about":[{"href":"https:\/\/www.r2cpress.com.br\/v1\/wp-json\/wp\/v2\/types\/post"}],"author":[{"embeddable":true,"href":"https:\/\/www.r2cpress.com.br\/v1\/wp-json\/wp\/v2\/users\/2"}],"replies":[{"embeddable":true,"href":"https:\/\/www.r2cpress.com.br\/v1\/wp-json\/wp\/v2\/comments?post=118110"}],"version-history":[{"count":1,"href":"https:\/\/www.r2cpress.com.br\/v1\/wp-json\/wp\/v2\/posts\/118110\/revisions"}],"predecessor-version":[{"id":118111,"href":"https:\/\/www.r2cpress.com.br\/v1\/wp-json\/wp\/v2\/posts\/118110\/revisions\/118111"}],"wp:attachment":[{"href":"https:\/\/www.r2cpress.com.br\/v1\/wp-json\/wp\/v2\/media?parent=118110"}],"wp:term":[{"taxonomy":"category","embeddable":true,"href":"https:\/\/www.r2cpress.com.br\/v1\/wp-json\/wp\/v2\/categories?post=118110"},{"taxonomy":"post_tag","embeddable":true,"href":"https:\/\/www.r2cpress.com.br\/v1\/wp-json\/wp\/v2\/tags?post=118110"}],"curies":[{"name":"wp","href":"https:\/\/api.w.org\/{rel}","templated":true}]}}