{"id":118171,"date":"2018-11-12T15:45:04","date_gmt":"2018-11-12T18:45:04","guid":{"rendered":"http:\/\/www.r2cpress.com.br\/v1\/?p=118171"},"modified":"2018-11-12T15:45:04","modified_gmt":"2018-11-12T18:45:04","slug":"ilheus-municipio-estuda-implantacao-de-coleta-seletiva-de-lixo-eletronico","status":"publish","type":"post","link":"https:\/\/www.r2cpress.com.br\/v1\/2018\/11\/12\/ilheus-municipio-estuda-implantacao-de-coleta-seletiva-de-lixo-eletronico\/","title":{"rendered":"ILH\u00c9US: MUNIC\u00cdPIO ESTUDA IMPLANTA\u00c7\u00c3O DE COLETA SELETIVA DE LIXO ELETR\u00d4NICO"},"content":{"rendered":"<p><img loading=\"lazy\" class=\"alignnone \" src=\"https:\/\/i0.wp.com\/ipolitica.blog.br\/wp-content\/uploads\/2018\/11\/REUNIAO.jpg?w=1080&amp;ssl=1\" width=\"593\" height=\"379\" \/><\/p>\n<p>Como ter certeza de que aquele seu monitor de computador velho ou microondas com defeito ser\u00e1 descartado de forma sustent\u00e1vel, preservando a natureza e evitando riscos \u00e0s pessoas? Ningu\u00e9m sabe. Segundo a prefeitura, com o interesse de buscar uma solu\u00e7\u00e3o para o escoamento do lixo eletr\u00f4nico produzido pelas f\u00e1bricas, com\u00e9rcio e pela pr\u00f3pria popula\u00e7\u00e3o, o prefeito M\u00e1rio Alexandre pesquisou sobre o assunto, e sonda alternativas para promover o descarte correto, levando em considera\u00e7\u00e3o as leis ambientais.<\/p>\n<p>Na \u00faltima sexta-feira (9), o Chefe do Executivo Municipal recebeu em seu gabinete, a especialista Ana Cl\u00e1udia Drugovich, diretora da Cimelia, empresa de Campinas (SP), especializada em refinamento de metais preciosos extra\u00eddos de lixo eletr\u00f4nico.<\/p>\n<p>O Brasil \u00e9 o maior produtor de lixo eletr\u00f4nico da Am\u00e9rica Latina e o s\u00e9timo do mundo, com 1,5 milh\u00e3o de toneladas por ano. O descarte irrespons\u00e1vel pode causar danos grav\u00edssimos ao meio ambiente, como contamina\u00e7\u00e3o do solo, devido \u00e0 presen\u00e7a de metais pesados na composi\u00e7\u00e3o dos produtos, al\u00e9m de comprometer a sa\u00fade das pessoas que manejam esses res\u00edduos.<\/p>\n<p>Quando o descarte do lixo eletr\u00f4nico \u00e9 feito erroneamente, a dissolu\u00e7\u00e3o dos componentes qu\u00edmicos pode ocasionar o desenvolvimento de doen\u00e7as graves, como problemas nos rins, sistema digestivo, transtornos no sistema nervoso, problemas cerebrais e at\u00e9 ativa\u00e7\u00e3o de agentes cancer\u00edgenos. Com o avan\u00e7o tecnol\u00f3gico, novos materiais e recursos s\u00e3o criados diariamente, fazendo com que muitos outros itens sejam descartados no lixo.<\/p>\n<p>Segundo explicou a especialista no assunto, Ana Cl\u00e1udia Drugovich, os processos s\u00e3o ecologicamente corretos e come\u00e7am a partir da etapa de coleta seletiva, passando pelo refinamento, transformando esse material em barras de metais preciosos. \u201cDesta forma, promover alternativas que inibam empresas de jogarem o lixo de forma indevida no rio e mar, poluindo os mananciais. Nossa proposta \u00e9 agregar valor a uma cidade t\u00e3o bonita como Ilh\u00e9us\u201d.<\/p>\n<p>Fonte de renda sustent\u00e1vel \u2013 O prefeito M\u00e1rio Alexandre ressaltou que o poder p\u00fablico tamb\u00e9m \u00e9 ator importante nesse processo. \u201cNosso dever \u00e9 buscar estrat\u00e9gias para estruturar e implementar sistemas de log\u00edstica reversa, mediante retorno dos produtos ap\u00f3s o uso pelo consumidor, independente do servi\u00e7o p\u00fablico de limpeza. Estou atento \u00e0s leis que determinam normas e termos de compromisso. Ent\u00e3o, faremos um estudo para dar uma alternativa inclusive de gera\u00e7\u00e3o de renda com o processo\u201d, destacou.<\/p>\n<p>\u00c9 considerado lixo eletr\u00f4nico qualquer material ou res\u00edduo eletr\u00f4nico descart\u00e1vel, tais como monitores de computadores, telefones celulares em desuso, pilhas, baterias gastas, l\u00e2mpadas fluorescentes, de vapor de s\u00f3dio e merc\u00fario e de luz mista, televisores danificados e c\u00e2meras fotogr\u00e1ficas com defeito e seus componentes.<\/p>\n","protected":false},"excerpt":{"rendered":"<p>Como ter certeza de que aquele seu monitor de computador velho ou microondas com defeito ser\u00e1 descartado de forma sustent\u00e1vel, preservando a natureza e evitando riscos \u00e0s pessoas? Ningu\u00e9m sabe. Segundo a prefeitura, com o interesse de buscar uma solu\u00e7\u00e3o para o escoamento do lixo eletr\u00f4nico produzido pelas f\u00e1bricas, com\u00e9rcio e pela pr\u00f3pria popula\u00e7\u00e3o, o [&hellip;]<\/p>\n","protected":false},"author":2,"featured_media":0,"comment_status":"open","ping_status":"open","sticky":false,"template":"","format":"standard","meta":{"_links_to":"","_links_to_target":""},"categories":[1],"tags":[],"_links":{"self":[{"href":"https:\/\/www.r2cpress.com.br\/v1\/wp-json\/wp\/v2\/posts\/118171"}],"collection":[{"href":"https:\/\/www.r2cpress.com.br\/v1\/wp-json\/wp\/v2\/posts"}],"about":[{"href":"https:\/\/www.r2cpress.com.br\/v1\/wp-json\/wp\/v2\/types\/post"}],"author":[{"embeddable":true,"href":"https:\/\/www.r2cpress.com.br\/v1\/wp-json\/wp\/v2\/users\/2"}],"replies":[{"embeddable":true,"href":"https:\/\/www.r2cpress.com.br\/v1\/wp-json\/wp\/v2\/comments?post=118171"}],"version-history":[{"count":1,"href":"https:\/\/www.r2cpress.com.br\/v1\/wp-json\/wp\/v2\/posts\/118171\/revisions"}],"predecessor-version":[{"id":118172,"href":"https:\/\/www.r2cpress.com.br\/v1\/wp-json\/wp\/v2\/posts\/118171\/revisions\/118172"}],"wp:attachment":[{"href":"https:\/\/www.r2cpress.com.br\/v1\/wp-json\/wp\/v2\/media?parent=118171"}],"wp:term":[{"taxonomy":"category","embeddable":true,"href":"https:\/\/www.r2cpress.com.br\/v1\/wp-json\/wp\/v2\/categories?post=118171"},{"taxonomy":"post_tag","embeddable":true,"href":"https:\/\/www.r2cpress.com.br\/v1\/wp-json\/wp\/v2\/tags?post=118171"}],"curies":[{"name":"wp","href":"https:\/\/api.w.org\/{rel}","templated":true}]}}