{"id":118180,"date":"2018-11-13T11:23:48","date_gmt":"2018-11-13T14:23:48","guid":{"rendered":"http:\/\/www.r2cpress.com.br\/v1\/?p=118180"},"modified":"2018-11-13T11:23:48","modified_gmt":"2018-11-13T14:23:48","slug":"inscricoes-para-o-vestibular-da-faculdade-de-ilheus-seguem-ate-dia-21-de-novembro","status":"publish","type":"post","link":"https:\/\/www.r2cpress.com.br\/v1\/2018\/11\/13\/inscricoes-para-o-vestibular-da-faculdade-de-ilheus-seguem-ate-dia-21-de-novembro\/","title":{"rendered":"Inscri\u00e7\u00f5es para o Vestibular da Faculdade de Ilh\u00e9us seguem at\u00e9 dia 21 de novembro"},"content":{"rendered":"<p><a href=\"http:\/\/www.r2cpress.com.br\/v1\/wp-content\/uploads\/2018\/11\/fi.jpg\"><img loading=\"lazy\" class=\"aligncenter size-full wp-image-118181\" src=\"http:\/\/www.r2cpress.com.br\/v1\/wp-content\/uploads\/2018\/11\/fi.jpg\" alt=\"\" width=\"886\" height=\"223\" srcset=\"https:\/\/www.r2cpress.com.br\/v1\/wp-content\/uploads\/2018\/11\/fi.jpg 886w, https:\/\/www.r2cpress.com.br\/v1\/wp-content\/uploads\/2018\/11\/fi-300x76.jpg 300w, https:\/\/www.r2cpress.com.br\/v1\/wp-content\/uploads\/2018\/11\/fi-768x193.jpg 768w\" sizes=\"(max-width: 886px) 100vw, 886px\" \/><\/a>O per\u00edodo de inscri\u00e7\u00f5es para o vestibular 2019.1 da Faculdade de Ilh\u00e9us segue at\u00e9 o dia 21 de novembro, com vagas abertas nos cursos de gradua\u00e7\u00e3o em Administra\u00e7\u00e3o, Ci\u00eancias Cont\u00e1beis, Direito, Enfermagem, Engenharia Civil, Nutri\u00e7\u00e3o, Odontologia e Psicologia. H\u00e1 16 anos em funcionamento, a Faculdade se consolida como a maior institui\u00e7\u00e3o privada de ensino superior no munic\u00edpio.<\/p>\n<p>A inscri\u00e7\u00e3o para o vestibular 2019.1 pode ser feita pelo endere\u00e7o eletr\u00f4nico www.faculdadedeilheus.com.br ou de forma presencial, na secretaria da Faculdade, no hor\u00e1rio das 8 \u00e0s 21 horas, localizada \u00e0 margem da Rodovia BA-001, km 1,5, bairro S\u00e3o Francisco. O valor da taxa de inscri\u00e7\u00e3o \u00e9 de 50 reais.<\/p>\n<p>As provas do exame ser\u00e3o aplicadas no dia 25 de novembro, domingo, na sede da institui\u00e7\u00e3o, sendo que o port\u00e3o de acesso ser\u00e1 aberto a partir das 7h30min. O resultado do vestibular ser\u00e1 divulgado no prazo de uma semana. A institui\u00e7\u00e3o tamb\u00e9m informa que, ap\u00f3s o processo seletivo, tem o direito de utilizar os resultados do Exame Nacional do Ensino M\u00e9dio (ENEM), para efeito de preenchimento das vagas remanescentes.<\/p>\n<p>Com sede pr\u00f3pria e infraestrutura moderna, a Faculdade de Ilh\u00e9us oferece cursos bem avaliados pelo Minist\u00e9rio da Educa\u00e7\u00e3o e disponibiliza salas de aula climatizadas, biblioteca, amplo estacionamento, \u00e1rea de conviv\u00eancia, elevador de acessibilidade e laborat\u00f3rios dotados de equipamentos de \u00faltima gera\u00e7\u00e3o. Al\u00e9m disso, a institui\u00e7\u00e3o oferece atendimentos gratuitos \u00e0 popula\u00e7\u00e3o, mediante projetos de extens\u00e3o, como ocorre nas cl\u00ednicas dos cursos de Odontologia e de Psicologia, no N\u00facleo de Pr\u00e1tica Jur\u00eddica (Nupraj), N\u00facleo de Consultoria Empresarial, entre outros.<\/p>\n<p>Financiamento \u2013 Com a finalidade de facilitar o acesso ao ensino superior, a Faculdade aceita o financiamento de at\u00e9 100 por cento do curso pretendido atrav\u00e9s do FIES (Fundo de Financiamento ao Estudante do Ensino Superior), do Governo Federal. A institui\u00e7\u00e3o ainda oferece um sistema pr\u00f3prio de financiamento, o Cred-IES\u2013Cesupi, que garante cr\u00e9dito de at\u00e9 70 por cento da mensalidade, do in\u00edcio ao fim do curso.<\/p>\n","protected":false},"excerpt":{"rendered":"<p>O per\u00edodo de inscri\u00e7\u00f5es para o vestibular 2019.1 da Faculdade de Ilh\u00e9us segue at\u00e9 o dia 21 de novembro, com vagas abertas nos cursos de gradua\u00e7\u00e3o em Administra\u00e7\u00e3o, Ci\u00eancias Cont\u00e1beis, Direito, Enfermagem, Engenharia Civil, Nutri\u00e7\u00e3o, Odontologia e Psicologia. H\u00e1 16 anos em funcionamento, a Faculdade se consolida como a maior institui\u00e7\u00e3o privada de ensino superior [&hellip;]<\/p>\n","protected":false},"author":2,"featured_media":0,"comment_status":"open","ping_status":"open","sticky":false,"template":"","format":"standard","meta":{"_links_to":"","_links_to_target":""},"categories":[1],"tags":[],"_links":{"self":[{"href":"https:\/\/www.r2cpress.com.br\/v1\/wp-json\/wp\/v2\/posts\/118180"}],"collection":[{"href":"https:\/\/www.r2cpress.com.br\/v1\/wp-json\/wp\/v2\/posts"}],"about":[{"href":"https:\/\/www.r2cpress.com.br\/v1\/wp-json\/wp\/v2\/types\/post"}],"author":[{"embeddable":true,"href":"https:\/\/www.r2cpress.com.br\/v1\/wp-json\/wp\/v2\/users\/2"}],"replies":[{"embeddable":true,"href":"https:\/\/www.r2cpress.com.br\/v1\/wp-json\/wp\/v2\/comments?post=118180"}],"version-history":[{"count":1,"href":"https:\/\/www.r2cpress.com.br\/v1\/wp-json\/wp\/v2\/posts\/118180\/revisions"}],"predecessor-version":[{"id":118182,"href":"https:\/\/www.r2cpress.com.br\/v1\/wp-json\/wp\/v2\/posts\/118180\/revisions\/118182"}],"wp:attachment":[{"href":"https:\/\/www.r2cpress.com.br\/v1\/wp-json\/wp\/v2\/media?parent=118180"}],"wp:term":[{"taxonomy":"category","embeddable":true,"href":"https:\/\/www.r2cpress.com.br\/v1\/wp-json\/wp\/v2\/categories?post=118180"},{"taxonomy":"post_tag","embeddable":true,"href":"https:\/\/www.r2cpress.com.br\/v1\/wp-json\/wp\/v2\/tags?post=118180"}],"curies":[{"name":"wp","href":"https:\/\/api.w.org\/{rel}","templated":true}]}}