{"id":118221,"date":"2018-11-16T15:28:08","date_gmt":"2018-11-16T18:28:08","guid":{"rendered":"http:\/\/www.r2cpress.com.br\/v1\/?p=118221"},"modified":"2018-11-16T15:28:08","modified_gmt":"2018-11-16T18:28:08","slug":"prefeito-assegura-implantacao-de-hospital-maternidade-no-antigo-regional","status":"publish","type":"post","link":"https:\/\/www.r2cpress.com.br\/v1\/2018\/11\/16\/prefeito-assegura-implantacao-de-hospital-maternidade-no-antigo-regional\/","title":{"rendered":"Prefeito assegura implanta\u00e7\u00e3o de hospital-maternidade no antigo Regional"},"content":{"rendered":"<div style=\"width: 660px\" class=\"wp-caption alignnone\"><img loading=\"lazy\" class=\"size-large\" src=\"http:\/\/portalfacilclientes.blob.core.windows.net\/uploads\/ILHEUS\/img\/%7BD5DB7CAA-ADAE-B6AA-CABB-1A486ED07E35%7D\/%7BD5DB7CAA-ADAE-B6AA-CABB-1A486ED07E35%7D_650X450.jpg\" width=\"650\" height=\"450\" \/><p class=\"wp-caption-text\">POR SECOM<\/p><\/div>\n<p>O prefeito de Ilh\u00e9us, M\u00e1rio Alexandre, garantiu que na sede do antigo Hospital Regional Luiz Viana Filho, no bairro da Conquista, ser\u00e1 implantado um moderno hospital-maternidade de alta complexidade, em parceria com o governo do Estado. E informou que nos primeiros meses de 2019 deve estar pronto o processo de licita\u00e7\u00e3o para a requalifica\u00e7\u00e3o das depend\u00eancias do antigo hospital, onde funcionar\u00e1 o atendimento de emerg\u00eancia para mulheres e crian\u00e7as.<\/p>\n<p>A afirma\u00e7\u00e3o foi feita durante a solenidade de assinatura da ordem de servi\u00e7o para a obra de requalifica\u00e7\u00e3o do antigo anexo psiqui\u00e1trico do Hospital Regional Luiz Viana Filho, na \u00faltima sexta-feira (9), onde ser\u00e3o instaladas as novas sedes do Servi\u00e7o de Atendimento M\u00f3vel de Urg\u00eancia (Samu 192) e do Programa de Sa\u00fade da Fam\u00edlia (PSF) do bairro Conquista, que passar\u00e1 a contar com duas equipes. A ocupa\u00e7\u00e3o do equipamento foi autorizada pela secretaria de Sa\u00fade (Sesab) do Estado.<\/p>\n<p>Conforme o prefeito, o espa\u00e7o f\u00edsico do Hospital Regional Luiz Viana Filho ser\u00e1 transformado em um moderno hospital materno-infantil, que contar\u00e1 com estrutura de obstetr\u00edcia e acompanhamento neonatal de alta complexidade. No pronunciamento feito a secret\u00e1rios, vereadores, profissionais de sa\u00fade e representantes da comunidade, o prefeito enfatizou que sua gest\u00e3o tem se preocupado em reestruturar a rede de aten\u00e7\u00e3o b\u00e1sica \u00e0 sa\u00fade, a m\u00e9dia complexidade, al\u00e9m da urg\u00eancia e emerg\u00eancia, que integram os servi\u00e7os de alta complexidade.<\/p>\n<p>Reestrutura\u00e7\u00e3o &#8211; \u201cOnde eram lugares insalubres, a exemplo da UPA 24 horas, no Alto da Conquista, e com a pediatria do Hospital Vida Memorial, decidimos oferecer mais qualidade aos colaboradores e usu\u00e1rios do Sistema \u00danico de Sa\u00fade (SUS). Estamos reestruturando as unidades de aten\u00e7\u00e3o b\u00e1sica, com doze postos reformados\u201d, destacou o prefeito, que ressaltou a parceria mantida com o Governo da Bahia.<\/p>\n<p>Tamb\u00e9m enfatizou que mais tr\u00eas postos de sa\u00fade est\u00e3o em constru\u00e7\u00e3o, um na Avenida Roberto Santos (Esperan\u00e7a), outro na Avenida Princesa Isabel, no Sarah Kubistchek, no Bairro Malhado e em Oliven\u00e7a. Em andamento, as obras de reforma dos postos de sa\u00fade de Banco da Vit\u00f3ria e Vila S\u00e3o Jos\u00e9. \u201cAl\u00e9m disso, ampliamos a contrata\u00e7\u00e3o de m\u00e9dicos, levamos atendimento para a \u00e1rea de sa\u00fade em Sambaituba, Santo Antonio, e em outras localidades rurais que por v\u00e1rios anos as fam\u00edlias n\u00e3o recebiam a visita m\u00e9dica. E temos outras estruturas para recuperar, mas com a ajuda divina vamos melhorar toda a rede b\u00e1sica de sa\u00fade at\u00e9 o final da nossa gest\u00e3o\u201d, afirmou.<\/p>\n","protected":false},"excerpt":{"rendered":"<p>O prefeito de Ilh\u00e9us, M\u00e1rio Alexandre, garantiu que na sede do antigo Hospital Regional Luiz Viana Filho, no bairro da Conquista, ser\u00e1 implantado um moderno hospital-maternidade de alta complexidade, em parceria com o governo do Estado. E informou que nos primeiros meses de 2019 deve estar pronto o processo de licita\u00e7\u00e3o para a requalifica\u00e7\u00e3o das [&hellip;]<\/p>\n","protected":false},"author":2,"featured_media":0,"comment_status":"open","ping_status":"open","sticky":false,"template":"","format":"standard","meta":{"_links_to":"","_links_to_target":""},"categories":[1],"tags":[],"_links":{"self":[{"href":"https:\/\/www.r2cpress.com.br\/v1\/wp-json\/wp\/v2\/posts\/118221"}],"collection":[{"href":"https:\/\/www.r2cpress.com.br\/v1\/wp-json\/wp\/v2\/posts"}],"about":[{"href":"https:\/\/www.r2cpress.com.br\/v1\/wp-json\/wp\/v2\/types\/post"}],"author":[{"embeddable":true,"href":"https:\/\/www.r2cpress.com.br\/v1\/wp-json\/wp\/v2\/users\/2"}],"replies":[{"embeddable":true,"href":"https:\/\/www.r2cpress.com.br\/v1\/wp-json\/wp\/v2\/comments?post=118221"}],"version-history":[{"count":1,"href":"https:\/\/www.r2cpress.com.br\/v1\/wp-json\/wp\/v2\/posts\/118221\/revisions"}],"predecessor-version":[{"id":118222,"href":"https:\/\/www.r2cpress.com.br\/v1\/wp-json\/wp\/v2\/posts\/118221\/revisions\/118222"}],"wp:attachment":[{"href":"https:\/\/www.r2cpress.com.br\/v1\/wp-json\/wp\/v2\/media?parent=118221"}],"wp:term":[{"taxonomy":"category","embeddable":true,"href":"https:\/\/www.r2cpress.com.br\/v1\/wp-json\/wp\/v2\/categories?post=118221"},{"taxonomy":"post_tag","embeddable":true,"href":"https:\/\/www.r2cpress.com.br\/v1\/wp-json\/wp\/v2\/tags?post=118221"}],"curies":[{"name":"wp","href":"https:\/\/api.w.org\/{rel}","templated":true}]}}