{"id":118255,"date":"2018-11-19T18:58:00","date_gmt":"2018-11-19T21:58:00","guid":{"rendered":"http:\/\/www.r2cpress.com.br\/v1\/?p=118255"},"modified":"2018-11-19T18:58:00","modified_gmt":"2018-11-19T21:58:00","slug":"em-nota-ex-prefeito-jabes-ribeiro-fala-sobre-denuncia-do-ministerio-publico","status":"publish","type":"post","link":"https:\/\/www.r2cpress.com.br\/v1\/2018\/11\/19\/em-nota-ex-prefeito-jabes-ribeiro-fala-sobre-denuncia-do-ministerio-publico\/","title":{"rendered":"EM NOTA, EX-PREFEITO JABES RIBEIRO FALA SOBRE DEN\u00daNCIA DO MINIST\u00c9RIO P\u00daBLICO"},"content":{"rendered":"<p><img loading=\"lazy\" class=\"alignnone \" src=\"http:\/\/www.ilheus24h.com.br\/v1\/wp-content\/uploads\/2018\/11\/JabesRibeiroBandeiras.jpg\" width=\"511\" height=\"383\" \/><\/p>\n<p>Ao longo da semana passada surgiu na imprensa local que o ex-prefeito de Ilh\u00e9us, Jabes Ribeiro, estaria sendo acusado pelo Minist\u00e9rio P\u00fablico Federal (MPF) de cometer irregularidades em um conv\u00eanio firmado com a construtora que ficou respons\u00e1vel pelo Centro de Artes e Esportes Unificados. Segundo foi dito, o atual secret\u00e1rio-geral do PP na Bahia teria virado r\u00e9u na Justi\u00e7a Federal em uma a\u00e7\u00e3o de improbidade administrativa, recebida pela ju\u00edza federal Let\u00edcia Daniele Bossonario, da 1\u00aa Vara de Ilh\u00e9us.<br \/>\nEm nota divulgada neste final de semana, Jabes Ribeiro afirmou n\u00e3o ter sido notificado para que apresente a defesa pr\u00e9via, al\u00e9m de garantir n\u00e3o possuir liga\u00e7\u00f5es com as rela\u00e7\u00f5es da empresa e que a prefeitura n\u00e3o tinha como detectar as irregularidades no alojamento fornecido pela empresa que estava em condi\u00e7\u00f5es desumanas.<br \/>\nRELEMBRE O CASO<br \/>\nEm Junho de 2016, auditores fiscais da SRTE\/BA (Superintend\u00eancia Regional do Trabalho e Emprego na Bahia) e agentes da Pol\u00edcia Federal localizaram cinco trabalhadores vivendo em condi\u00e7\u00f5es degradantes em um alojamento em Ilh\u00e9us. Sem Carteira de Trabalho assinada, eles prestavam servi\u00e7os a uma empresa de pintura e outras atividades de constru\u00e7\u00e3o civil. O alojamento da empresa apresentava p\u00e9ssimas condi\u00e7\u00f5es de higiene.<br \/>\nSegundo a SRTE\/BA no local, n\u00e3o havia camas, os colch\u00f5es foram comprados pelos pr\u00f3prios trabalhadores, e a comida, al\u00e9m de n\u00e3o ser adequada, era comprada, desde mar\u00e7o, pelo encarregado da obra com recursos pr\u00f3prios. Ele contou ter gasto R$ 2 mil, n\u00e3o ressarcidos pela empresa.<br \/>\nConfira abaixo, na \u00edntegra a nota emitida pelo ex-prefeito Jabes Ribeiro:<br \/>\nCom rela\u00e7\u00e3o a not\u00edcia divulgada na imprensa dando conta de que a ju\u00edza substituta da Primeira Vara Federal de Ilh\u00e9us recebeu den\u00fancia do Minist\u00e9rio P\u00fablico Federal contra este ex-gestor, temos a informar:<\/p>\n<p>1- Em nenhum momento fomos notificados para apresentar defesa pr\u00e9via o que \u00e9 garantido constitucionalmente;<\/p>\n<p>2- Pelas informa\u00e7\u00f5es que obtivemos sobre o assunto, trata-se de problema relacionado com empresa contratada pela prefeitura para uma determinada obra e que esta teria um alojamento irregular para funcion\u00e1rios, em local distante do canteiro, sem nenhuma rela\u00e7\u00e3o com a obra em si, fato imposs\u00edvel de ser detectado por qualquer agente p\u00fablico da prefeitura. O Minist\u00e9rio P\u00fablico do Trabalho, ap\u00f3s uma vistoria acionada por den\u00fancia, constatou irregularidades nesse alojamento tendo autuado a empresa que posteriormente assinou um TAC pagando, segundo informa\u00e7\u00f5es, todas as multas devidas. Diante desse ajuste entre a empresa e o MPF nenhuma raz\u00e3o existia para rescis\u00e3o contratual, at\u00e9 porque a empresa, a partir daquele momento se adequou \u00e0s normas trabalhistas;<\/p>\n<p>3- Ap\u00f3s este ex-gestor ser notificado apresentaremos defesa e temos absoluta convic\u00e7\u00e3o de que a justi\u00e7a ser\u00e1 feita, at\u00e9 porque a prefeitura n\u00e3o tinha nenhum a responsabilidade por qualquer ato praticado pela empresa contratada, fora do canteiro de obras.<\/p>\n<p>JABES RIBEIRO<\/p>\n","protected":false},"excerpt":{"rendered":"<p>Ao longo da semana passada surgiu na imprensa local que o ex-prefeito de Ilh\u00e9us, Jabes Ribeiro, estaria sendo acusado pelo Minist\u00e9rio P\u00fablico Federal (MPF) de cometer irregularidades em um conv\u00eanio firmado com a construtora que ficou respons\u00e1vel pelo Centro de Artes e Esportes Unificados. Segundo foi dito, o atual secret\u00e1rio-geral do PP na Bahia teria [&hellip;]<\/p>\n","protected":false},"author":2,"featured_media":0,"comment_status":"open","ping_status":"open","sticky":false,"template":"","format":"standard","meta":{"_links_to":"","_links_to_target":""},"categories":[1],"tags":[],"_links":{"self":[{"href":"https:\/\/www.r2cpress.com.br\/v1\/wp-json\/wp\/v2\/posts\/118255"}],"collection":[{"href":"https:\/\/www.r2cpress.com.br\/v1\/wp-json\/wp\/v2\/posts"}],"about":[{"href":"https:\/\/www.r2cpress.com.br\/v1\/wp-json\/wp\/v2\/types\/post"}],"author":[{"embeddable":true,"href":"https:\/\/www.r2cpress.com.br\/v1\/wp-json\/wp\/v2\/users\/2"}],"replies":[{"embeddable":true,"href":"https:\/\/www.r2cpress.com.br\/v1\/wp-json\/wp\/v2\/comments?post=118255"}],"version-history":[{"count":1,"href":"https:\/\/www.r2cpress.com.br\/v1\/wp-json\/wp\/v2\/posts\/118255\/revisions"}],"predecessor-version":[{"id":118256,"href":"https:\/\/www.r2cpress.com.br\/v1\/wp-json\/wp\/v2\/posts\/118255\/revisions\/118256"}],"wp:attachment":[{"href":"https:\/\/www.r2cpress.com.br\/v1\/wp-json\/wp\/v2\/media?parent=118255"}],"wp:term":[{"taxonomy":"category","embeddable":true,"href":"https:\/\/www.r2cpress.com.br\/v1\/wp-json\/wp\/v2\/categories?post=118255"},{"taxonomy":"post_tag","embeddable":true,"href":"https:\/\/www.r2cpress.com.br\/v1\/wp-json\/wp\/v2\/tags?post=118255"}],"curies":[{"name":"wp","href":"https:\/\/api.w.org\/{rel}","templated":true}]}}