{"id":118282,"date":"2018-11-21T18:21:56","date_gmt":"2018-11-21T21:21:56","guid":{"rendered":"http:\/\/www.r2cpress.com.br\/v1\/?p=118282"},"modified":"2018-11-21T18:21:56","modified_gmt":"2018-11-21T21:21:56","slug":"ilheus-prefeito-diz-que-nao-vai-interferir-na-eleicao-para-presidente-da-camara","status":"publish","type":"post","link":"https:\/\/www.r2cpress.com.br\/v1\/2018\/11\/21\/ilheus-prefeito-diz-que-nao-vai-interferir-na-eleicao-para-presidente-da-camara\/","title":{"rendered":"Ilh\u00e9us: Prefeito diz que n\u00e3o vai interferir na elei\u00e7\u00e3o para presidente da C\u00e2mara"},"content":{"rendered":"<p><img loading=\"lazy\" class=\"alignnone \" src=\"http:\/\/www.agravo.blog.br\/wp-content\/uploads\/2018\/06\/IMG_3171.jpg\" width=\"396\" height=\"264\" \/><\/p>\n<p>A corrida pelo comando da mesa diretora da C\u00e2mara de Vereadores de Ilh\u00e9us, est\u00e1 completamente em aberto, faltando menos de 15 dias para a elei\u00e7\u00e3o. Segundo o Blog Agravo apurou, ao menos seis vereadores declararam que s\u00e3o candidatos a presidente.<\/p>\n<p>Paulo Carqueija (PSD), C\u00e9sar Porto (PDT) e Jerbson Moraes (PSD), v\u00eam sendo apontados nos bastidores da C\u00e2mara como os candidatos mais fortes.<\/p>\n<p>O prefeito M\u00e1rio Alexandre afirmou ao Blog Agravo, na \u00faltima sexta-feira (16), que n\u00e3o vai interferir na elei\u00e7\u00e3o do Legislativo ilheense. Com isso, o candidato vereador C\u00e9sar Porto surge como o favorito, j\u00e1 que participa de um grupo de nove vereadores, que defendem que o comando da C\u00e2mara n\u00e3o fique nas m\u00e3os do PSD, partido do prefeito M\u00e1rio Alexandre.<\/p>\n<p>A elei\u00e7\u00e3o para presidente da C\u00e2mara acontece na sess\u00e3o ordin\u00e1ria do dia 05 de dezembro.<\/p>\n<p>DO AGRAVO<\/p>\n","protected":false},"excerpt":{"rendered":"<p>A corrida pelo comando da mesa diretora da C\u00e2mara de Vereadores de Ilh\u00e9us, est\u00e1 completamente em aberto, faltando menos de 15 dias para a elei\u00e7\u00e3o. Segundo o Blog Agravo apurou, ao menos seis vereadores declararam que s\u00e3o candidatos a presidente. Paulo Carqueija (PSD), C\u00e9sar Porto (PDT) e Jerbson Moraes (PSD), v\u00eam sendo apontados nos bastidores [&hellip;]<\/p>\n","protected":false},"author":2,"featured_media":0,"comment_status":"open","ping_status":"open","sticky":false,"template":"","format":"standard","meta":{"_links_to":"","_links_to_target":""},"categories":[1],"tags":[],"_links":{"self":[{"href":"https:\/\/www.r2cpress.com.br\/v1\/wp-json\/wp\/v2\/posts\/118282"}],"collection":[{"href":"https:\/\/www.r2cpress.com.br\/v1\/wp-json\/wp\/v2\/posts"}],"about":[{"href":"https:\/\/www.r2cpress.com.br\/v1\/wp-json\/wp\/v2\/types\/post"}],"author":[{"embeddable":true,"href":"https:\/\/www.r2cpress.com.br\/v1\/wp-json\/wp\/v2\/users\/2"}],"replies":[{"embeddable":true,"href":"https:\/\/www.r2cpress.com.br\/v1\/wp-json\/wp\/v2\/comments?post=118282"}],"version-history":[{"count":1,"href":"https:\/\/www.r2cpress.com.br\/v1\/wp-json\/wp\/v2\/posts\/118282\/revisions"}],"predecessor-version":[{"id":118283,"href":"https:\/\/www.r2cpress.com.br\/v1\/wp-json\/wp\/v2\/posts\/118282\/revisions\/118283"}],"wp:attachment":[{"href":"https:\/\/www.r2cpress.com.br\/v1\/wp-json\/wp\/v2\/media?parent=118282"}],"wp:term":[{"taxonomy":"category","embeddable":true,"href":"https:\/\/www.r2cpress.com.br\/v1\/wp-json\/wp\/v2\/categories?post=118282"},{"taxonomy":"post_tag","embeddable":true,"href":"https:\/\/www.r2cpress.com.br\/v1\/wp-json\/wp\/v2\/tags?post=118282"}],"curies":[{"name":"wp","href":"https:\/\/api.w.org\/{rel}","templated":true}]}}