{"id":118296,"date":"2018-11-23T18:54:11","date_gmt":"2018-11-23T21:54:11","guid":{"rendered":"http:\/\/www.r2cpress.com.br\/v1\/?p=118296"},"modified":"2018-11-23T18:54:11","modified_gmt":"2018-11-23T21:54:11","slug":"evento-na-superintendencia-regional-do-trabalho-na-bahia-marca-os-88-anos-de-existencia-do-ministerio-do-trabalho","status":"publish","type":"post","link":"https:\/\/www.r2cpress.com.br\/v1\/2018\/11\/23\/evento-na-superintendencia-regional-do-trabalho-na-bahia-marca-os-88-anos-de-existencia-do-ministerio-do-trabalho\/","title":{"rendered":"Evento na Superintend\u00eancia Regional do Trabalho na Bahia marca os 88 anos de exist\u00eancia do Minist\u00e9rio do Trabalho"},"content":{"rendered":"<p class=\"x_MsoNormal\">Na pr\u00f3xima segunda-feira (26), \u00e0s 10 horas, a Superintend\u00eancia Regional do Trabalho na Bahia reunir\u00e1 em sua sede, servidores, \u00f3rg\u00e3os p\u00fablicos, imprensa, entidades sindicais e a sociedade em geral para comemorar os 88 anos de exist\u00eancia do Minist\u00e9rio do Trabalho.<\/p>\n<p class=\"x_MsoNormal\">A celebra\u00e7\u00e3o marca a import\u00e2ncia da pasta que h\u00e1\u00a0mais de oito d\u00e9cadas promove pol\u00edticas p\u00fablicas reconhecidas mundialmente que trouxeram in\u00fameros benef\u00edcios aos trabalhadores e contribu\u00edram para o desenvolvimento do pa\u00eds.<\/p>\n<p class=\"x_MsoNormal\">De acordo com a Superintendente Regional do Trabalho na Bahia, Gerta Schultz, esse \u00e9 um momento de comemorar os avan\u00e7os conquistados pelo Brasil em decorr\u00eancia da atua\u00e7\u00e3o do Minist\u00e9rio do Trabalho. \u201cConvidamos toda a sociedade para celebrar mais um ano de exist\u00eancia do Minist\u00e9rio do Trabalho que h\u00e1 anos vem consolidando iniciativas ben\u00e9ficas para o equil\u00edbrio das rela\u00e7\u00f5es laborais\u201d.<\/p>\n<p class=\"x_MsoNormal\">Apenas nos \u00faltimos dois anos, medidas importantes foram implementadas para o mundo do trabalho. Al\u00e9m da moderniza\u00e7\u00e3o da lei trabalhista, a pasta tamb\u00e9m atuou na emiss\u00e3o de carteiras de trabalho, fiscaliza\u00e7\u00e3o do cumprimento de leis, cria\u00e7\u00e3o de programas de capacita\u00e7\u00e3o profissional e destina\u00e7\u00e3o de recursos para o fomento da economia.<\/p>\n<p class=\"x_MsoNormal\">O qu\u00ea: Celebra\u00e7\u00e3o dos 88 anos de exist\u00eancia do Minist\u00e9rio do Trabalho<\/p>\n<p class=\"x_MsoNormal\">Quando: 26\/11\/2018, \u00e0s 10 horas.<\/p>\n<p class=\"x_MsoNormal\">Local: Sede da Superintend\u00eancia Regional do Trabalho na Bahia<\/p>\n<p class=\"x_MsoNormal\">Endere\u00e7o: Rua Ewerton Visco, n\u00ba 190, Ed. Boulevard Financeiro \u2013 Caminho das \u00c1rvores. Salvador\/ BA (Ponto de refer\u00eancia: Pr\u00f3ximo \u00e0 Avenida Tancredo Neves &#8211; atr\u00e1s do shopping Sumar\u00e9)<\/p>\n<p class=\"x_MsoNormal\">\n<p class=\"x_MsoNormal\">\n","protected":false},"excerpt":{"rendered":"<p>Na pr\u00f3xima segunda-feira (26), \u00e0s 10 horas, a Superintend\u00eancia Regional do Trabalho na Bahia reunir\u00e1 em sua sede, servidores, \u00f3rg\u00e3os p\u00fablicos, imprensa, entidades sindicais e a sociedade em geral para comemorar os 88 anos de exist\u00eancia do Minist\u00e9rio do Trabalho. A celebra\u00e7\u00e3o marca a import\u00e2ncia da pasta que h\u00e1\u00a0mais de oito d\u00e9cadas promove pol\u00edticas p\u00fablicas [&hellip;]<\/p>\n","protected":false},"author":2,"featured_media":0,"comment_status":"open","ping_status":"open","sticky":false,"template":"","format":"standard","meta":{"_links_to":"","_links_to_target":""},"categories":[1],"tags":[],"_links":{"self":[{"href":"https:\/\/www.r2cpress.com.br\/v1\/wp-json\/wp\/v2\/posts\/118296"}],"collection":[{"href":"https:\/\/www.r2cpress.com.br\/v1\/wp-json\/wp\/v2\/posts"}],"about":[{"href":"https:\/\/www.r2cpress.com.br\/v1\/wp-json\/wp\/v2\/types\/post"}],"author":[{"embeddable":true,"href":"https:\/\/www.r2cpress.com.br\/v1\/wp-json\/wp\/v2\/users\/2"}],"replies":[{"embeddable":true,"href":"https:\/\/www.r2cpress.com.br\/v1\/wp-json\/wp\/v2\/comments?post=118296"}],"version-history":[{"count":1,"href":"https:\/\/www.r2cpress.com.br\/v1\/wp-json\/wp\/v2\/posts\/118296\/revisions"}],"predecessor-version":[{"id":118297,"href":"https:\/\/www.r2cpress.com.br\/v1\/wp-json\/wp\/v2\/posts\/118296\/revisions\/118297"}],"wp:attachment":[{"href":"https:\/\/www.r2cpress.com.br\/v1\/wp-json\/wp\/v2\/media?parent=118296"}],"wp:term":[{"taxonomy":"category","embeddable":true,"href":"https:\/\/www.r2cpress.com.br\/v1\/wp-json\/wp\/v2\/categories?post=118296"},{"taxonomy":"post_tag","embeddable":true,"href":"https:\/\/www.r2cpress.com.br\/v1\/wp-json\/wp\/v2\/tags?post=118296"}],"curies":[{"name":"wp","href":"https:\/\/api.w.org\/{rel}","templated":true}]}}