{"id":11831,"date":"2011-03-30T08:44:14","date_gmt":"2011-03-30T11:44:14","guid":{"rendered":"http:\/\/www.r2cpress.com.br\/v1\/?p=11831"},"modified":"2011-03-30T08:44:14","modified_gmt":"2011-03-30T11:44:14","slug":"eduardo-carvalho-ilheus-a-espera-da-apple","status":"publish","type":"post","link":"https:\/\/www.r2cpress.com.br\/v1\/2011\/03\/30\/eduardo-carvalho-ilheus-a-espera-da-apple\/","title":{"rendered":"Eduardo Carvalho \/ ILHEUS:  \u00c0 ESPERA DA APPLE"},"content":{"rendered":"<p><img align = \"left\" src = \"http:\/\/www.r2cpress.com.br\/v1\/wp-content\/uploads\/siri-email-moldura1.jpg\"\/>Pois \u00e9 meus amigos esta manchete poderia estar acontecendo com ilh\u00e9us. Na revista Isto \u00c9 desta semana, a cidade que disputa a vinda da Apple para o Brasil \u00e9 Jundia\u00ed\/SP. E eu pergunto: O que faz nossas autoridades que n\u00e3o entra na briga? Temos todas as condi\u00e7\u00f5es de receber essa fabrica. Incentivos fiscais, situa\u00e7\u00e3o geogr\u00e1fica privilegiada, governador amigo da Presidente, A ZPE em implanta\u00e7\u00e3o precisando de industriais, aeroporto, porto, m\u00e3o-de-obra barata, etc. O que nosso Sindicato das Ind\u00fastrias da Eletroeletr\u00f4nica faz? Tomei conhecimento atrav\u00e9s da imprensa regional que a mesmo esta em p\u00e9 de guerra com a UESC, pelo elefante branco CEPEDI. Voc\u00eas sabem o que \u00e9 isto? Acredito que n\u00e3o. <\/p>\n<p><!--more--><\/p>\n<p>Veja como esta o nosso Parque de inform\u00e1tica em Ilh\u00e9us. Empresas fechando, indo para outras pra\u00e7as e nos assistindo tudo pacificamente. Na reportagem da revista ISTO \u00c9 falam que o Eike Batista esta por tr\u00e1s desta oportunidade de neg\u00f3cios para o Brasil. Sei tamb\u00e9m que o Eike Batista tem vindo anonimamente, a nossa cidade e este homem em tudo que ele toca \u201cvira-ouro\u201d. Eike Batista na vem a Ilh\u00e9us fazer turismo n\u00e3o, com certeza existe interesses comerciais. Porque ent\u00e3o, senhores respons\u00e1veis pelo nosso Distrito Industrial, n\u00e3o procur\u00e1-lo?<\/p>\n<p>Se voc\u00eas n\u00e3o sabem a Apple fabrica os TABLET, a sensa\u00e7\u00e3o do momento, na \u00e1rea da teleinform\u00e1tica, em menos de 1 ano j\u00e1 foram vendidos em todo o mundo mais de 15 milh\u00f5es de IPads. S\u00f3 para voc\u00eas terem id\u00e9ia, num final de semana, nos EEUU, foram vendidos mais de 500mil unidades do IPAD2, j\u00e1 pensaram o que \u00e9 existe?<\/p>\n<p>Sei que n\u00e3o \u00e9 f\u00e1cil reverter esta situa\u00e7\u00e3o, mas n\u00e3o custa nada a tentar. Muita gente fala que em nosso Distrito de Inform\u00e1tica s\u00f3 existe montadoras, com apenas 2 ou 3 funcion\u00e1rios, gozando apenas dos incentivos fiscais, mas existem tamb\u00e9m empresas serias, como Login, Livetec, Kodo, etc. que acreditam no mercado brasileiro, embora a carga tributaria seja uma das mais alta do mundo, ainda investem no Pais. Fico orgulhoso, quando passo pelo Distrito e veja uma fabrica, como a INVIX duplicando sua planta, parab\u00e9ns para ela.<\/p>\n<p>Esta dado meu recado. Com a palavra nosso Presidente do Sindicato das Ind\u00fastrias do Eletro Eletr\u00f4nica, <\/p>\n<p>&#8212;<br \/>\nEduardo Carvalho -Siri<\/p>\n","protected":false},"excerpt":{"rendered":"<p>Pois \u00e9 meus amigos esta manchete poderia estar acontecendo com ilh\u00e9us. Na revista Isto \u00c9 desta semana, a cidade que disputa a vinda da Apple para o Brasil \u00e9 Jundia\u00ed\/SP. E eu pergunto: O que faz nossas autoridades que n\u00e3o entra na briga? Temos todas as condi\u00e7\u00f5es de receber essa fabrica. Incentivos fiscais, situa\u00e7\u00e3o geogr\u00e1fica [&hellip;]<\/p>\n","protected":false},"author":2,"featured_media":0,"comment_status":"open","ping_status":"open","sticky":false,"template":"","format":"standard","meta":{"_links_to":"","_links_to_target":""},"categories":[10],"tags":[],"_links":{"self":[{"href":"https:\/\/www.r2cpress.com.br\/v1\/wp-json\/wp\/v2\/posts\/11831"}],"collection":[{"href":"https:\/\/www.r2cpress.com.br\/v1\/wp-json\/wp\/v2\/posts"}],"about":[{"href":"https:\/\/www.r2cpress.com.br\/v1\/wp-json\/wp\/v2\/types\/post"}],"author":[{"embeddable":true,"href":"https:\/\/www.r2cpress.com.br\/v1\/wp-json\/wp\/v2\/users\/2"}],"replies":[{"embeddable":true,"href":"https:\/\/www.r2cpress.com.br\/v1\/wp-json\/wp\/v2\/comments?post=11831"}],"version-history":[{"count":2,"href":"https:\/\/www.r2cpress.com.br\/v1\/wp-json\/wp\/v2\/posts\/11831\/revisions"}],"predecessor-version":[{"id":11833,"href":"https:\/\/www.r2cpress.com.br\/v1\/wp-json\/wp\/v2\/posts\/11831\/revisions\/11833"}],"wp:attachment":[{"href":"https:\/\/www.r2cpress.com.br\/v1\/wp-json\/wp\/v2\/media?parent=11831"}],"wp:term":[{"taxonomy":"category","embeddable":true,"href":"https:\/\/www.r2cpress.com.br\/v1\/wp-json\/wp\/v2\/categories?post=11831"},{"taxonomy":"post_tag","embeddable":true,"href":"https:\/\/www.r2cpress.com.br\/v1\/wp-json\/wp\/v2\/tags?post=11831"}],"curies":[{"name":"wp","href":"https:\/\/api.w.org\/{rel}","templated":true}]}}