{"id":118360,"date":"2018-11-30T15:11:16","date_gmt":"2018-11-30T18:11:16","guid":{"rendered":"http:\/\/www.r2cpress.com.br\/v1\/?p=118360"},"modified":"2018-11-30T15:11:16","modified_gmt":"2018-11-30T18:11:16","slug":"noticias-da-avep-117","status":"publish","type":"post","link":"https:\/\/www.r2cpress.com.br\/v1\/2018\/11\/30\/noticias-da-avep-117\/","title":{"rendered":"NOT\u00cdCIAS DA AVEP"},"content":{"rendered":"<p><a href=\"http:\/\/www.r2cpress.com.br\/v1\/wp-content\/uploads\/2018\/11\/avep-hj-1.jpg\"><img loading=\"lazy\" class=\"aligncenter size-full wp-image-118361\" src=\"http:\/\/www.r2cpress.com.br\/v1\/wp-content\/uploads\/2018\/11\/avep-hj-1.jpg\" alt=\"\" width=\"698\" height=\"512\" srcset=\"https:\/\/www.r2cpress.com.br\/v1\/wp-content\/uploads\/2018\/11\/avep-hj-1.jpg 698w, https:\/\/www.r2cpress.com.br\/v1\/wp-content\/uploads\/2018\/11\/avep-hj-1-300x220.jpg 300w\" sizes=\"(max-width: 698px) 100vw, 698px\" \/><\/a>NA 21\u00aa RODADA DEU, DE NOVO, VIT\u00d3RIA DOS CAPIT\u00c3ES ALEX DE MOISES E RENATINHO DOS LEAIS<\/p>\n<p>Na rodada de domingo(25) pela manh\u00e3 da Associa\u00e7\u00e3o dos Veteranos de Esporte Praiano \u2013AVEP, entidade de \u201cbabas de praia\u201d quase centen\u00e1ria em atividade de Ilh\u00e9us, resultou (Campo Grimaldo) na disputa da citada modalidade esportiva, na vit\u00f3ria da equipe do Capit\u00e3o Alex de Moises sobre a do Capit\u00e3o Djalma Peludo pelo escore de 4 a 0 com gols do pr\u00f3prio capit\u00e3o e atacante-de-of\u00edcio Alex de Moises(3), e do meia-de-lan\u00e7amento Lu\u00eds Humberto; no Campo Martial a do Capit\u00e3o Renatinho dos Leais derrotou a do Capit\u00e3o Alvinho por 5 a 3, marcando Zezinho da Baixa Fria(2), Ismar Landgol e o pr\u00f3prio meia-avan\u00e7ado Renatinho dos Leais(2) para a vencedora e Wendel da Autoescola(2) e Erisvan F\u00e3 do Incr\u00edvel Hulk para a perdedora. Coincidentemente os dois capit\u00e3es chamadores de babas venceram na rodada passada (a 20\u00aa), e o capit\u00e3o Alvinho, perdeu. Os ju\u00edzes Wilson Salviano(Campo Grimaldo) e Evanildo Concei\u00e7\u00e3o dos Santos marcaram bem conforme as cr\u00edticas dos olheiros de \u00e1rbitros. Ambos pertencem \u00e0 Associa\u00e7\u00e3o de \u00c1rbitros de Futebol de Campo de Ilh\u00e9us \u2013 AAFCI e aplicaram Cart\u00e3o Amarelo nos indisciplinados (uns, nem tanto) associados Alvinho, Adauto Negocinho, Eldon do Ofert\u00e3o, Erisvan F\u00e3 do Incr\u00edvel Hulk, Renatinho dos Leais e o goleiro Ricardo do Caminh\u00e3o. Os babas aconteceram, como de costume, no peda\u00e7o de praia da Av. Soares Lopes que fica bem defronte ao espa\u00e7o cultural Tenda Teatro Popular de Ilh\u00e9us. O Diretor-do-Dia foi o associado Lu\u00eds Eduardo, tamb\u00e9m conhecido nos babas como LE7.<\/p>\n<p>Equipes que atuaram no Campo Grimaldo:<\/p>\n<p>(Cap. Alex de Moises): Goleiro Marcelo da Receita, Torisco do HSBC(Lu\u00eds Mario Garotinho entrou aos 15\u2019 da 2\u00aa etapa), Galletti da Rio de Engenho, Prof. Jorge Reis, Heckel Janu\u00e1rio e Eduardo Japon\u00eas; Melga\u00e7o(Larocca Delega entrou aos 10\u2019 da 2\u00aa etapa), Correia do HSBC, Bira da Pol\u00edcia, Lu\u00eds Humberto e Alex de Moises.<\/p>\n<p>(Cap. Djalma Peludo): Goleiro Fernando, Mario Cabe\u00e7a Branca, Djalma Peludo, Pod\u00e3o, Geraldo da Ceplac e Passos de Uru\u00e7uca; Zugaib da Ceplac, Nilton do BB, Daniel Murta, Jatob\u00e1 Negocinho e Alan Firula.<\/p>\n<p>Equipes que atuaram no Campo Martial:<\/p>\n<p>(Cap. Renatinho dos Leais): Goleiro Ricardo do Caminh\u00e3o, Pedro Chama Gol(Cezinha da Nacional entrou aos 30\u2019 da 2\u00aa etapa), Dinho da Van(Paulinho da AFC entrou aos 20\u2019 da 2\u00aa etapa), Silva e Gilson; Major do Bahia de Itabuna, Carl\u00e3o do Taxi(Paulo Cesar entrou aos 15\u2019 da 2\u00aa etapa), Ismar Landgol, Marconi, Renatinho dos Leais e Zezinho da Baixa Fria(Waldemar da Codeba entrou no intervalo).<\/p>\n<p>(Cap. Alvinho): Goleiro Rosivaldo(Goleiro Luciano entrou no intervalo), Haroldo(Erisvan F\u00e3 de Ruck entrou no intervalo), Alvinho(Mario Filho entrou aos 20\u2019 da 2\u00aa etapa), Vado do Bradesco(Luciano II entrou no intervalo) e Sizinio do Remo(Cesar Alves entrou no intervalo); Adauto Negocinho, Souza da Pol\u00edcia, Silmar Espanhol, Eldon do Ofert\u00e3o, Wendell da Autoescola e Crispa da Galera do Fla.<!--more--><\/p>\n<p>COMENT\u00c1RIOS<\/p>\n<p>Segundo os severos opinantes de plant\u00e3o, no Campo Grimaldo tantos os orgulhosos protagonistas de hoje, quanto os de ontem (hoje, compreens\u00edveis veteranos coadjuvantes) do time do Cap. Alex de Moises atuaram de forma eficiente e venceram os componentes do de Cap. Djalma Peludo pelo el\u00e1stico escore de 4 a 0, com destaque a mais para o volante Correia do HSBC, para do meia-de-liga\u00e7\u00e3o Bira da Pol\u00edcia e para o pr\u00f3prio capit\u00e3o e atacante-de-of\u00edcio Alex de Moises, este com a feitura de 3 gols. Embora na 2\u00aa etapa o time perdedor tenha entrado em campo \u2013com as substitui\u00e7\u00f5es efetuadas\u2013 disposto, com ataques perigosos, a empatar o jogo, haja vista ter sa\u00eddo por vesti\u00e1rio perdendo de 2 a 0, no decorrer da partida o quadro vencedor, que desde o in\u00edcio da \u2018baba\u2019 esquematizou uma esp\u00e9cie de \u2018ferrolho moderno\u2019, se defendendo bem e fazendo uma sincronia perfeita entre defesa, meio-campo e setor ofensivo, voltou a dominar o jogo e, administr\u00e1-lo.<\/p>\n<p>No Campo Martial a equipe guiada pelo Cap. Renatinho imprimindo um ritmo forte no ataque em todo os 90\u2019 do baba, superou em gols a orientada pelo Cap. Alvinho. A deste capit\u00e3o esbo\u00e7ou rea\u00e7\u00f5es convertidas em gols, todavia insuficientes para abalar a vit\u00f3ria de 5 a 3 que se desenhava desde o primeiro tempo da contenda.<\/p>\n<p>NOTAS<\/p>\n<p>Na rodada os associados sentiram a aus\u00eancia do ex beque defensivo e \u2018atacativo\u2019 da sele\u00e7\u00e3o de Camamu, Everaldo Cabe\u00e7a de Flande e desejaram-lhe r\u00e1pida recupera\u00e7\u00e3o. O associado fraturara na rodada passada duas costelas numa queda.<\/p>\n<p>Dia 9.12.2018 a uma semana da Festa de Confraterniza\u00e7\u00e3o avepiana (16.12.2018), ser\u00e1 realizado o tradicional Torneio Professor Cabinho.<\/p>\n<p>De antem\u00e3o, esta Not\u00edcias da Avep anuncia que o artilheiro da Temporada 2018 at\u00e9 o momento est\u00e1 sendo o atacante-de-of\u00edcio Alex de Moises com 25 gols. O artilheiro \u00e9 tamb\u00e9m \u2018capit\u00e3o chamador de baba\u2019 e vem tendo uma boa performance na Temporada 2018 com 5 vit\u00f3ria, uma derrota e um empate. O segundo da artilharia \u00e9 o avante-de-carreira Wendel da Autoescola com 23 gols e que apostara com o presidente Djalma Peludo cinco caixas de cerveja \u2018litr\u00e3o\u2019 que em 2018 ele seria o artilheiro. Por\u00e9m, como afirmam os notificadores, o atacante-de-carreira tem que superar a seu favor a disputa acirrada para n\u00e3o sifo&#8230; Os gols do Torneiro Prof. Cabinho valer\u00e3o para a estat\u00edstica.<\/p>\n<p>Este ano na Festa de Confraterniza\u00e7\u00e3o a diretoria avepiana homenagear\u00e1 os seus parceiros externos (pessoas e entidades que v\u00eam cooperando de algum modo com a Associa\u00e7\u00e3o) com medalha de Honra ao M\u00e9rito. Pela iniciativa a diretoria merece os aplausos.<\/p>\n<p>BANDA PODRE EM A\u00c7\u00c3O<\/p>\n<p>O promoter Zezinho da Baixa Freia anuncia que a Banda Podre, entidade originada nas entranhas da AVEP para jogos aleat\u00f3rios, realizar\u00e1 o 6\u00aa Baba das Estrelas dia 8.2.2019. Local: o mesmo dos \u2018babas\u2019 avepianos. Ap\u00f3s o encontro haver\u00e1 a tradicional \u2018bebemora\u00e7\u00e3o\u2019 entre os part\u00edcipes no Bar Tr\u00eas Irm\u00e3os, na Baixa Fria. Valor da caneca: 30,00 paus.<\/p>\n<p>Texto do associado Heckel Janu\u00e1rio. Fotos das \u201cbabas\u201d de Marconi Almeida, fot\u00f3grafo oficial e diretor de Divulga\u00e7\u00e3o da Avep. O Prof. Jorge Reis \u00e9 o fot\u00f3grafo de momentos et\u00edlicos desta entidade e seu Secret\u00e1rio.<\/p>\n<p><a href=\"http:\/\/www.r2cpress.com.br\/v1\/wp-content\/uploads\/2018\/11\/avep-hj.jpg\"><img loading=\"lazy\" class=\"aligncenter size-full wp-image-118362\" src=\"http:\/\/www.r2cpress.com.br\/v1\/wp-content\/uploads\/2018\/11\/avep-hj.jpg\" alt=\"\" width=\"400\" height=\"375\" srcset=\"https:\/\/www.r2cpress.com.br\/v1\/wp-content\/uploads\/2018\/11\/avep-hj.jpg 400w, https:\/\/www.r2cpress.com.br\/v1\/wp-content\/uploads\/2018\/11\/avep-hj-300x281.jpg 300w\" sizes=\"(max-width: 400px) 100vw, 400px\" \/><\/a><\/p>\n","protected":false},"excerpt":{"rendered":"<p>NA 21\u00aa RODADA DEU, DE NOVO, VIT\u00d3RIA DOS CAPIT\u00c3ES ALEX DE MOISES E RENATINHO DOS LEAIS Na rodada de domingo(25) pela manh\u00e3 da Associa\u00e7\u00e3o dos Veteranos de Esporte Praiano \u2013AVEP, entidade de \u201cbabas de praia\u201d quase centen\u00e1ria em atividade de Ilh\u00e9us, resultou (Campo Grimaldo) na disputa da citada modalidade esportiva, na vit\u00f3ria da equipe do [&hellip;]<\/p>\n","protected":false},"author":2,"featured_media":0,"comment_status":"open","ping_status":"open","sticky":false,"template":"","format":"standard","meta":{"_links_to":"","_links_to_target":""},"categories":[10,11],"tags":[],"_links":{"self":[{"href":"https:\/\/www.r2cpress.com.br\/v1\/wp-json\/wp\/v2\/posts\/118360"}],"collection":[{"href":"https:\/\/www.r2cpress.com.br\/v1\/wp-json\/wp\/v2\/posts"}],"about":[{"href":"https:\/\/www.r2cpress.com.br\/v1\/wp-json\/wp\/v2\/types\/post"}],"author":[{"embeddable":true,"href":"https:\/\/www.r2cpress.com.br\/v1\/wp-json\/wp\/v2\/users\/2"}],"replies":[{"embeddable":true,"href":"https:\/\/www.r2cpress.com.br\/v1\/wp-json\/wp\/v2\/comments?post=118360"}],"version-history":[{"count":1,"href":"https:\/\/www.r2cpress.com.br\/v1\/wp-json\/wp\/v2\/posts\/118360\/revisions"}],"predecessor-version":[{"id":118363,"href":"https:\/\/www.r2cpress.com.br\/v1\/wp-json\/wp\/v2\/posts\/118360\/revisions\/118363"}],"wp:attachment":[{"href":"https:\/\/www.r2cpress.com.br\/v1\/wp-json\/wp\/v2\/media?parent=118360"}],"wp:term":[{"taxonomy":"category","embeddable":true,"href":"https:\/\/www.r2cpress.com.br\/v1\/wp-json\/wp\/v2\/categories?post=118360"},{"taxonomy":"post_tag","embeddable":true,"href":"https:\/\/www.r2cpress.com.br\/v1\/wp-json\/wp\/v2\/tags?post=118360"}],"curies":[{"name":"wp","href":"https:\/\/api.w.org\/{rel}","templated":true}]}}