{"id":118392,"date":"2018-12-03T13:21:07","date_gmt":"2018-12-03T16:21:07","guid":{"rendered":"http:\/\/www.r2cpress.com.br\/v1\/?p=118392"},"modified":"2018-12-03T13:21:07","modified_gmt":"2018-12-03T16:21:07","slug":"cms-ilheus-presente-na-ii-mostra-integrada-de-humanizacao-e-saude-do-trabalhador-do-sus-bahia","status":"publish","type":"post","link":"https:\/\/www.r2cpress.com.br\/v1\/2018\/12\/03\/cms-ilheus-presente-na-ii-mostra-integrada-de-humanizacao-e-saude-do-trabalhador-do-sus-bahia\/","title":{"rendered":"CMS-ILH\u00c9US PRESENTE NA II MOSTRA INTEGRADA DE HUMANIZA\u00c7\u00c3O E SA\u00daDE DO TRABALHADOR DO SUS-BAHIA"},"content":{"rendered":"<p><a href=\"http:\/\/www.r2cpress.com.br\/v1\/wp-content\/uploads\/2018\/12\/saude1.jpg\"><img loading=\"lazy\" class=\"size-full wp-image-118393 alignleft\" src=\"http:\/\/www.r2cpress.com.br\/v1\/wp-content\/uploads\/2018\/12\/saude1.jpg\" alt=\"\" width=\"384\" height=\"288\" srcset=\"https:\/\/www.r2cpress.com.br\/v1\/wp-content\/uploads\/2018\/12\/saude1.jpg 384w, https:\/\/www.r2cpress.com.br\/v1\/wp-content\/uploads\/2018\/12\/saude1-300x225.jpg 300w\" sizes=\"(max-width: 384px) 100vw, 384px\" \/><\/a>Recentemente nos dias 29 e 30\/11\/2018, no audit\u00f3rio do HGE II e sal\u00e3o principal ocorreu o evento de humaniza\u00e7\u00e3o e sa\u00fade do trabalhador do SUS. As palestras foram muito interessantes, pois desdobravam os assuntos atuais e futuros em que vivemos e viveremos, ao inicio o coral vozes do SESAB fez uma linda apresenta\u00e7\u00e3o para harmonizar o ambiente, logo ap\u00f3s eis que surge com um discurso muito pessimista em rela\u00e7\u00e3o \u00e0 economia do pa\u00eds, e atua situa\u00e7\u00e3o o p\u00f3s doutor o Sr. UALLECE LIMA, professor da faculdade de economia da UFBA, senti orgulho dos alunos deste jovem, e talvez uma inveja, pois o mesmo retratou fatos econ\u00f4micos t\u00e3o f\u00e1ceis de compreens\u00e3o deste a revolu\u00e7\u00e3o de 1964 at\u00e9 os dias atuais em 2018, fez uma explana\u00e7\u00e3o que deixou todos pensativos e a compreender os grandes riscos de como conduzir as palavras diante de relatos apavorantes, como por exemplo, debito enorme da previd\u00eancia isso ficou bem claro que n\u00e3o existe debito ou d\u00e9ficit na previd\u00eancia e sim uma maneira de esconder o alto debito que as grandes empresas no Brasil por falta de pagamento e n\u00e3o s\u00e3o nem se querem notificadas ou multadas ou at\u00e9 imposta para que paguem ai sim nosso debito que o governo insiste tanto em dizer que somos n\u00f3s que trabalhamos muito e quando nos aposentamos al\u00e9m de ser uma pequena quantia que comparada a aposentadoria de pol\u00edticos n\u00e3o chega a 2%, e quando a come\u00e7amos a receber ser\u00e1 t\u00e3o insuficiente para pagar nossas despesas b\u00e1sicas para sobreviv\u00eancia, como alimenta\u00e7\u00e3o, transporte e os medicamentos das doen\u00e7as que adquirimos durante o tempo de trabalho, em lugares insalubres, onde a disc\u00f3rdia e a concorr\u00eancia entre t\u00e9cnicos capacitados e t\u00e9cnicos indicados politicamente sem base e sem a humaniza\u00e7\u00e3o para com os pacientes e no momento do atendimento desconta-se a ira que cada um guarda dentro de si, pois fala-se que quem as fezes \u00e9 ferido sempre e n\u00e3o se tem resposta dos seus dirigentes para mudar o ambiente totalmente carregado de desanimo, descarrega seus problemas em quem n\u00e3o devia, se analisarmos bem esta ultima frase, todos n\u00f3s em algum momento nos descontrolamos.<\/p>\n<p>Mais voltemos a uma critica feita pelo nosso professor WALLECE LIMA, quem afirma que pol\u00edtico n\u00e3o \u00e9 profiss\u00e3o para que os parlamentares de diversas \u00e1reas se aposentem com sal\u00e1rios altos e s\u00e3o sempre reajustados dentro do \u00edndice imagin\u00e1rio deliberativo que n\u00e3o existe e n\u00e3o compete para cada um deles, da\u00ed a maneira pela qual os pol\u00edticos assim agem, nos tratam como itens descart\u00e1veis, foram eleitos ai det\u00e9m um mandato de 4 e at\u00e9 8 anos, e as pessoas que eles deveriam demonstrar a real pol\u00edtica ficam descartados, com fome, sem rem\u00e9dios, sem assistencialismo social, jogados no mundo da vida que deveria ser por eles que se dizem pol\u00edticos nem criam projetos para revolucionar tais problemas, interessante se faz para eles quando \u00e9 do seu interesse pr\u00f3prio.<\/p>\n<p>Neste final de semana me decepcionei com uma pessoa que n\u00e3o citarei nome, pol\u00edtico de alto escal\u00e3o na Bahia, mais atrav\u00e9s da representatividade da Ma\u00e7onaria Regenera\u00e7\u00e3o Sul Bahiana 994, vi esta pessoa ser vaiada, ser pedido para que se retirasse do audit\u00f3rio, funcion\u00e1rios estaduais muito decepcionado e revoltados com o novo ( todos tem medo do novo pensei ) talvez ele tenha um objetivo para a melhorar na Bahia a sua pasta de atua\u00e7\u00e3o, e acompanhei os seus passos, vi sua melhora, sempre o recepcionei quando pela regi\u00e3o estava , me atendia muito bem tinha o prazer de conversar pelo Zap e pessoalmente tra\u00e7ar metas para trazer para ilh\u00e9us e at\u00e9 veio pois muitos documentos protocolei no SESAB e fomos atendidos, ilh\u00e9us ganhou com isso, fiz pela minha cidade e pela minha Ordem Ma\u00e7\u00f4nica, eu sempre apoiado pelos 250 irm\u00e3os sempre estava solicito para auxiliar, mais este dia fat\u00eddico dia 29\/11\/2018 fui decepcionado pela pessoa ter passado por mim e nem ao menos me cumprimentou, (elei\u00e7\u00e3o ganha)marcamos um hor\u00e1rio para uma conversa mesmo estando l\u00e1 n\u00e3o nos atendeu, uma colega ligou e foi marcado para o outro dia ap\u00f3s a sa\u00edda do HGE,<\/p>\n<p>quando adentramos na sala ap\u00f3s esperar por quase 3 horas, entramos e com a m\u00e1xima frieza fomos n\u00f3s t\u00e9cnicos e estudiosos da mesa diretora do CMSI, tratados com uma frieza que parec\u00edamos desconhecidos que nunca o vimos e nem convers\u00e1vamos, me decepcionei bastante pois acreditei em algo que nunca existiu, sai da sala super constrangido e arrependido de ter levantado uma bandeira que nem o vento a soprava, senti muito doeu o cora\u00e7\u00e3o mais foi apenas pelas pessoas humildes que planos t\u00ednhamos para ajudar, mais sei com o apoio que tenho dos meus irm\u00e3os da nossa Ordem, dos ind\u00edgenas parentes, dos lideres de comunidades que sempre conversamos e tra\u00e7amos metas, de alguns amigos dos distritos, sei que estarei sempre abra\u00e7ado pelo amor do GRANDE ARQUITETO DO UNIVERSO. E que n\u00e3o me impossibilitar\u00e1 de dar continuidade em fazer o bem sem olhar a quem, progredir sempre.<\/p>\n<p><a href=\"http:\/\/www.r2cpress.com.br\/v1\/wp-content\/uploads\/2018\/12\/saude2.jpg\"><img loading=\"lazy\" class=\"aligncenter size-full wp-image-118394\" src=\"http:\/\/www.r2cpress.com.br\/v1\/wp-content\/uploads\/2018\/12\/saude2.jpg\" alt=\"\" width=\"384\" height=\"288\" srcset=\"https:\/\/www.r2cpress.com.br\/v1\/wp-content\/uploads\/2018\/12\/saude2.jpg 384w, https:\/\/www.r2cpress.com.br\/v1\/wp-content\/uploads\/2018\/12\/saude2-300x225.jpg 300w\" sizes=\"(max-width: 384px) 100vw, 384px\" \/><\/a><\/p>\n","protected":false},"excerpt":{"rendered":"<p>Recentemente nos dias 29 e 30\/11\/2018, no audit\u00f3rio do HGE II e sal\u00e3o principal ocorreu o evento de humaniza\u00e7\u00e3o e sa\u00fade do trabalhador do SUS. As palestras foram muito interessantes, pois desdobravam os assuntos atuais e futuros em que vivemos e viveremos, ao inicio o coral vozes do SESAB fez uma linda apresenta\u00e7\u00e3o para harmonizar [&hellip;]<\/p>\n","protected":false},"author":2,"featured_media":0,"comment_status":"open","ping_status":"open","sticky":false,"template":"","format":"standard","meta":{"_links_to":"","_links_to_target":""},"categories":[24],"tags":[],"_links":{"self":[{"href":"https:\/\/www.r2cpress.com.br\/v1\/wp-json\/wp\/v2\/posts\/118392"}],"collection":[{"href":"https:\/\/www.r2cpress.com.br\/v1\/wp-json\/wp\/v2\/posts"}],"about":[{"href":"https:\/\/www.r2cpress.com.br\/v1\/wp-json\/wp\/v2\/types\/post"}],"author":[{"embeddable":true,"href":"https:\/\/www.r2cpress.com.br\/v1\/wp-json\/wp\/v2\/users\/2"}],"replies":[{"embeddable":true,"href":"https:\/\/www.r2cpress.com.br\/v1\/wp-json\/wp\/v2\/comments?post=118392"}],"version-history":[{"count":1,"href":"https:\/\/www.r2cpress.com.br\/v1\/wp-json\/wp\/v2\/posts\/118392\/revisions"}],"predecessor-version":[{"id":118395,"href":"https:\/\/www.r2cpress.com.br\/v1\/wp-json\/wp\/v2\/posts\/118392\/revisions\/118395"}],"wp:attachment":[{"href":"https:\/\/www.r2cpress.com.br\/v1\/wp-json\/wp\/v2\/media?parent=118392"}],"wp:term":[{"taxonomy":"category","embeddable":true,"href":"https:\/\/www.r2cpress.com.br\/v1\/wp-json\/wp\/v2\/categories?post=118392"},{"taxonomy":"post_tag","embeddable":true,"href":"https:\/\/www.r2cpress.com.br\/v1\/wp-json\/wp\/v2\/tags?post=118392"}],"curies":[{"name":"wp","href":"https:\/\/api.w.org\/{rel}","templated":true}]}}