{"id":1186,"date":"2010-11-01T11:06:35","date_gmt":"2010-11-01T14:06:35","guid":{"rendered":"http:\/\/www.r2cpress.com.br\/v1\/?p=1186"},"modified":"2010-11-01T11:14:40","modified_gmt":"2010-11-01T14:14:40","slug":"quem-tera-a-preferencia","status":"publish","type":"post","link":"https:\/\/www.r2cpress.com.br\/v1\/2010\/11\/01\/quem-tera-a-preferencia\/","title":{"rendered":"QUEM TER\u00c1 A PREFER\u00caNCIA?"},"content":{"rendered":"<p><a href=\"http:\/\/www.r2cpress.com.br\/v1\/wp-content\/uploads\/gs1-1024x768.jpg\"><img loading=\"lazy\" src=\"http:\/\/www.r2cpress.com.br\/v1\/wp-content\/uploads\/gs1-1024x768-300x225.jpg\" alt=\"\" title=\"gs1-1024x768\" width=\"300\" height=\"225\" class=\"alignleft size-medium wp-image-1187\" srcset=\"https:\/\/www.r2cpress.com.br\/v1\/wp-content\/uploads\/gs1-1024x768-300x225.jpg 300w, https:\/\/www.r2cpress.com.br\/v1\/wp-content\/uploads\/gs1-1024x768.jpg 1024w\" sizes=\"(max-width: 300px) 100vw, 300px\" \/><\/a>Na \u00faltima carreata da campanha de Dilma Rousseff em Itabuna, um interessante registro fotogr\u00e1fico do carro que conduzia o deputado federal reeleito Geraldo Sim\u00f5es (PT). O ve\u00edculo levava o pr\u00f3prio, o vereador Wenceslau J\u00fanior (PCdoB), o ex-vereador Lu\u00eds Sena (mesmo partido) e, atr\u00e1s, a esposa de GS e ex-candidata a prefeita de Itabuna, Ju\u00e7ara Feitosa.<\/p>\n<p>O blog Pol\u00edticos do Sul da Bahia observou bem que naquela caminhonete estavam alguns dos que possivelmente formar\u00e3o a chapa de esquerda nas elei\u00e7\u00f5es municipais de 2012. E o posicionamento dos ocupantes no ve\u00edculo serviu como um s\u00edmbolo de que o clima pol\u00edtico n\u00e3o favorece uma nova candidatura de Ju\u00e7ara Feitosa.<br \/>\n<!--more--><br \/>\nGeraldo, que \u2013 apesar de vitorioso- , reduziu seu cacife eleitoral nas \u00faltimas elei\u00e7\u00f5es, ainda \u00e9 uma lideran\u00e7a forte. Mas perdeu a condi\u00e7\u00e3o pol\u00edtica de deter com exclusividade a batuta com a qual determinava o rumo da esquerda em Itabuna. Agora, ter\u00e1 que negociar e, naturalmente, ceder.<\/p>\n<p>Nesse novo cen\u00e1rio, uma candidatura de Ju\u00e7ara \u00e9 improv\u00e1vel. A de Geraldo, por ser de qualquer forma uma lideran\u00e7a aut\u00eantica, talvez, mas o PCdoB surge revigorado com a excelente vota\u00e7\u00e3o obtida no munic\u00edpio por Wenceslau J\u00fanior, na disputa por uma vaga na Assembleia Legislativa (ficou somente com a primeira supl\u00eancia do PCdoB, mas foi o mais votado em Itabuna).<\/p>\n<p>Os comunistas querem ocupar espa\u00e7os mais destacados, e n\u00e3o \u00e9 somente na caminhonete de Geraldo Sim\u00f5es. Nos bastidores, os principais l\u00edderes do PCdoB j\u00e1 deixaram claro que n\u00e3o est\u00e3o dispostos a ceder a caprichos nem imposi\u00e7\u00f5es. A conversa ter\u00e1 que ser respeitosa, franca, de igual para igual. E somente assim a esquerda grapi\u00fana poder\u00e1 recuperar um vigor que vinha perdendo em virtude de projetos de car\u00e1ter personalista.<\/p>\n<p>No <a href = \"http:\/\/www.politicaetc.com.br\/v1\/2010\/11\/01\/quem-tera-a-preferencia\/\" target = \"_news\"><b>Pol\u00edtica Etcetera<\/b><\/a><\/p>\n","protected":false},"excerpt":{"rendered":"<p>Na \u00faltima carreata da campanha de Dilma Rousseff em Itabuna, um interessante registro fotogr\u00e1fico do carro que conduzia o deputado federal reeleito Geraldo Sim\u00f5es (PT). O ve\u00edculo levava o pr\u00f3prio, o vereador Wenceslau J\u00fanior (PCdoB), o ex-vereador Lu\u00eds Sena (mesmo partido) e, atr\u00e1s, a esposa de GS e ex-candidata a prefeita de Itabuna, Ju\u00e7ara Feitosa. [&hellip;]<\/p>\n","protected":false},"author":2,"featured_media":0,"comment_status":"open","ping_status":"open","sticky":false,"template":"","format":"standard","meta":{"_links_to":"","_links_to_target":""},"categories":[15],"tags":[],"_links":{"self":[{"href":"https:\/\/www.r2cpress.com.br\/v1\/wp-json\/wp\/v2\/posts\/1186"}],"collection":[{"href":"https:\/\/www.r2cpress.com.br\/v1\/wp-json\/wp\/v2\/posts"}],"about":[{"href":"https:\/\/www.r2cpress.com.br\/v1\/wp-json\/wp\/v2\/types\/post"}],"author":[{"embeddable":true,"href":"https:\/\/www.r2cpress.com.br\/v1\/wp-json\/wp\/v2\/users\/2"}],"replies":[{"embeddable":true,"href":"https:\/\/www.r2cpress.com.br\/v1\/wp-json\/wp\/v2\/comments?post=1186"}],"version-history":[{"count":3,"href":"https:\/\/www.r2cpress.com.br\/v1\/wp-json\/wp\/v2\/posts\/1186\/revisions"}],"predecessor-version":[{"id":1190,"href":"https:\/\/www.r2cpress.com.br\/v1\/wp-json\/wp\/v2\/posts\/1186\/revisions\/1190"}],"wp:attachment":[{"href":"https:\/\/www.r2cpress.com.br\/v1\/wp-json\/wp\/v2\/media?parent=1186"}],"wp:term":[{"taxonomy":"category","embeddable":true,"href":"https:\/\/www.r2cpress.com.br\/v1\/wp-json\/wp\/v2\/categories?post=1186"},{"taxonomy":"post_tag","embeddable":true,"href":"https:\/\/www.r2cpress.com.br\/v1\/wp-json\/wp\/v2\/tags?post=1186"}],"curies":[{"name":"wp","href":"https:\/\/api.w.org\/{rel}","templated":true}]}}