{"id":118755,"date":"2019-01-18T20:07:18","date_gmt":"2019-01-18T23:07:18","guid":{"rendered":"http:\/\/www.r2cpress.com.br\/v1\/?p=118755"},"modified":"2019-01-18T20:07:18","modified_gmt":"2019-01-18T23:07:18","slug":"samu-de-ilheus-registra-aumento-de-chamadas-na-linha-192","status":"publish","type":"post","link":"https:\/\/www.r2cpress.com.br\/v1\/2019\/01\/18\/samu-de-ilheus-registra-aumento-de-chamadas-na-linha-192\/","title":{"rendered":"SAMU de Ilh\u00e9us registra aumento de chamadas na linha 192"},"content":{"rendered":"<div style=\"width: 537px\" class=\"wp-caption alignnone\"><img loading=\"lazy\" class=\"\" src=\"http:\/\/portalfacilclientes.blob.core.windows.net\/uploads\/ILHEUS\/img\/%7BABCDCDB6-1CD5-EBCB-C711-EAA85ECDE6EC%7D\/%7BABCDCDB6-1CD5-EBCB-C711-EAA85ECDE6EC%7D_650X450.jpg\" width=\"527\" height=\"365\" \/><p class=\"wp-caption-text\">POR SECOM<\/p><\/div>\n<p>O som da sirene das ambul\u00e2ncias do Servi\u00e7o de Atendimento M\u00f3vel de Urg\u00eancia (SAMU) cortando a cidade, significa que \u00e9 mais um chamado pela vida. Em dezembro \u00faltimo, houve um aumento significativo nas liga\u00e7\u00f5es para o n\u00famero 192. Ao todo, mais de 530 atendimentos em rela\u00e7\u00e3o ao m\u00eas de novembro, um total de 17.830 chamadas. O servi\u00e7o em Ilh\u00e9us disp\u00f5e de tr\u00eas ambul\u00e2ncias b\u00e1sicas, uma avan\u00e7ada e de uma motol\u00e2ncia.<\/p>\n<p>Para dar mais celeridade aos atendimentos de urg\u00eancia e emerg\u00eancia, o prefeito M\u00e1rio Alexandre determinou a implanta\u00e7\u00e3o de uma base descentralizada do servi\u00e7o, na zona sul da cidade, que est\u00e1 localizada na Avenida Tancredo Neves, ao lado do Pronto Atendimento (PA Zona Sul), \u00e0 margem da Rodovia BA-001 Ilh\u00e9us-Oliven\u00e7a.<\/p>\n<p>De acordo com dados da secretaria municipal de Sa\u00fade (Sesau), o SAMU de Ilh\u00e9us \u00e9 uma atividade regional e presta suporte m\u00e9dico a oito munic\u00edpios circunvizinhos. J\u00e1 a\u00a0base avan\u00e7ada da zona sul conta com uma ambul\u00e2ncia de suporte b\u00e1sico, um m\u00e9dico plantonista que presta atendimento todos os dias da semana, das 8 \u00e0s 17 horas. Ap\u00f3s esse hor\u00e1rio, a unidade retorna para a sede, no bairro do Malhado. O equipamento\u00a0serve\u00a0como suporte a fim de agilizar o atendimento nesta regi\u00e3o de forma mais r\u00e1pida.<\/p>\n<p>Para o coordenador Regional do SAMU, Cyomar Dias, informa que em dezembro, o n\u00famero de traumas atendidos pelo servi\u00e7o m\u00f3vel foi elevado. \u201cAtendemos cerca de cinco chamadas por dia e gra\u00e7as a Deus, nenhum \u00f3bito. Dezembro foi o m\u00eas que mais atendemos traumas, mas gra\u00e7as a Deus, nenhum \u00f3bito\u201d. \u201cA maioria\u201d, aponta Cyomar, acidentes envolvendo carros, motos, quedas, afogamentos e alguns casos cl\u00ednicos\u201d.<\/p>\n<p><strong>Atendimentos\u00a0<\/strong>&#8211;\u00a0Os principais atendimentos feitos pelo SAMU, foram registrados pr\u00f3ximos \u00e0\u00a0Oliven\u00e7a. \u201cDo dia 1\u00ba para o dia 2 de janeiro, tivemos muitos acidentes na cidade, principalmente na zona sul, em frente \u00e0 praia de Back Door, e felizmente, conseguimos atender a todos. No local, socorremos v\u00edtimas de dois acidentes graves, envolvendo uma crian\u00e7a com apenas 1 ano de idade. Prestamos atendimento r\u00e1pido e eficaz, justamente pela facilidade do deslocamento de nossa unidade na zona sul, que \u00e9 um local estrat\u00e9gico\u201d, ressaltou Dias.<\/p>\n<p><strong>Base Zona Norte\u00a0<\/strong>\u2013\u00a0Ainda de acordo com coordenador, o munic\u00edpio procura um local para a implanta\u00e7\u00e3o de uma base descentralizada do servi\u00e7o, tamb\u00e9m na zona norte da cidade. O estudo do espa\u00e7o vem sendo realizado em conjunto com o Corpo de Bombeiros e Pol\u00edcia Militar.\u00a0\u00a0\u201cEstamos aguardando a libera\u00e7\u00e3o por parte do Minist\u00e9rio da Sa\u00fade. O prefeito solicitou novas ambul\u00e2ncias que ir\u00e3o percorrer nas ruas da cidade. Com uma frota maior, estaremos implantando a base norte, para facilitar a vida dos moradores daquela localidade\u201d, salienta.<\/p>\n<p><strong>Sobre os trotes<\/strong>\u00a0&#8211;\u00a0Ap\u00f3s veicula\u00e7\u00e3o da campanha de conscientiza\u00e7\u00e3o realizada pelo munic\u00edpio em diversos segmentos de comunica\u00e7\u00e3o, os trotes tiveram diminui\u00e7\u00e3o significativa. Um levantamento apontou que, de cem liga\u00e7\u00f5es, 80 se tratavam de trotes, e, atualmente, quase a metade. \u201cO que nos deixa ainda mais indignados, \u00e9 que o trote, na sua grande maioria \u00e9 realizado por adultos. Ainda \u00e9 preciso se ter mais consci\u00eancia das consequ\u00eancias de tal ato absurdo\u201d, Manifesta Cyomar.<\/p>\n<p>&nbsp;<\/p>\n","protected":false},"excerpt":{"rendered":"<p>O som da sirene das ambul\u00e2ncias do Servi\u00e7o de Atendimento M\u00f3vel de Urg\u00eancia (SAMU) cortando a cidade, significa que \u00e9 mais um chamado pela vida. Em dezembro \u00faltimo, houve um aumento significativo nas liga\u00e7\u00f5es para o n\u00famero 192. Ao todo, mais de 530 atendimentos em rela\u00e7\u00e3o ao m\u00eas de novembro, um total de 17.830 chamadas. [&hellip;]<\/p>\n","protected":false},"author":2,"featured_media":0,"comment_status":"open","ping_status":"open","sticky":false,"template":"","format":"standard","meta":{"_links_to":"","_links_to_target":""},"categories":[24],"tags":[],"_links":{"self":[{"href":"https:\/\/www.r2cpress.com.br\/v1\/wp-json\/wp\/v2\/posts\/118755"}],"collection":[{"href":"https:\/\/www.r2cpress.com.br\/v1\/wp-json\/wp\/v2\/posts"}],"about":[{"href":"https:\/\/www.r2cpress.com.br\/v1\/wp-json\/wp\/v2\/types\/post"}],"author":[{"embeddable":true,"href":"https:\/\/www.r2cpress.com.br\/v1\/wp-json\/wp\/v2\/users\/2"}],"replies":[{"embeddable":true,"href":"https:\/\/www.r2cpress.com.br\/v1\/wp-json\/wp\/v2\/comments?post=118755"}],"version-history":[{"count":1,"href":"https:\/\/www.r2cpress.com.br\/v1\/wp-json\/wp\/v2\/posts\/118755\/revisions"}],"predecessor-version":[{"id":118756,"href":"https:\/\/www.r2cpress.com.br\/v1\/wp-json\/wp\/v2\/posts\/118755\/revisions\/118756"}],"wp:attachment":[{"href":"https:\/\/www.r2cpress.com.br\/v1\/wp-json\/wp\/v2\/media?parent=118755"}],"wp:term":[{"taxonomy":"category","embeddable":true,"href":"https:\/\/www.r2cpress.com.br\/v1\/wp-json\/wp\/v2\/categories?post=118755"},{"taxonomy":"post_tag","embeddable":true,"href":"https:\/\/www.r2cpress.com.br\/v1\/wp-json\/wp\/v2\/tags?post=118755"}],"curies":[{"name":"wp","href":"https:\/\/api.w.org\/{rel}","templated":true}]}}