{"id":118890,"date":"2019-02-08T18:13:26","date_gmt":"2019-02-08T21:13:26","guid":{"rendered":"http:\/\/www.r2cpress.com.br\/v1\/?p=118890"},"modified":"2019-02-08T18:13:26","modified_gmt":"2019-02-08T21:13:26","slug":"noticias-da-avep-119","status":"publish","type":"post","link":"https:\/\/www.r2cpress.com.br\/v1\/2019\/02\/08\/noticias-da-avep-119\/","title":{"rendered":"NOT\u00cdCIAS DA AVEP"},"content":{"rendered":"<p style=\"text-align: center;\"><a href=\"http:\/\/www.r2cpress.com.br\/v1\/wp-content\/uploads\/2019\/02\/1-35.jpg\"><img loading=\"lazy\" class=\"aligncenter  wp-image-118891\" src=\"http:\/\/www.r2cpress.com.br\/v1\/wp-content\/uploads\/2019\/02\/1-35.jpg\" alt=\"\" width=\"487\" height=\"367\" srcset=\"https:\/\/www.r2cpress.com.br\/v1\/wp-content\/uploads\/2019\/02\/1-35.jpg 601w, https:\/\/www.r2cpress.com.br\/v1\/wp-content\/uploads\/2019\/02\/1-35-300x226.jpg 300w\" sizes=\"(max-width: 487px) 100vw, 487px\" \/><\/a><strong>VIT\u00d3RIA DO CAP. MARCONI E EMPATE NA ABERTURA DA TEMPORADA<\/strong><\/p>\n<p>Depois de um breve recesso a Associa\u00e7\u00e3o dos Veteranos de Esporte Praiano \u2013AVEP, entidade de \u201cbabas de praia\u201d quase centen\u00e1ria em atividade de Ilh\u00e9us, realizou domingo passado (3\/2\/2019) pela manh\u00e3 os tradicionais \u2018babas\u2019 desta modalidade esportiva na praia, como de praxe, da Avenida Soares Lopes (imedia\u00e7\u00f5es do espa\u00e7o cultural Tenda Teatro Popular de Ilh\u00e9us) abrindo a Temporada 2019. A rodada como nos anos anteriores, levou o nome de Rodada Professor Cabinho, em homenagem \u2013in memoriam\u2013 ao associado conhecido com a referida alcunha que muito contribuiu para a Associa\u00e7\u00e3o. A equipe do Capit\u00e3o Marconi iniciou o ano ganhando (no Campo Grimaldo) de 4 a 0 para a do Capit\u00e3o Lu\u00eds Eduardo LE7. Marcaram: Pescador, o pr\u00f3prio Marconi e Mario Filho(2). No Campo Martial houve empate de 2 a 2 entre as equipes dos capit\u00e3es Alex de Moises e Alvinho. O pr\u00f3prio Alex de Moises marcou os 2 gols para a seu quadro e Paulinho da AFC e Luciano Santana para o de Alvinho. Wilson Salviano apitou no Campo Grimaldo e Ronivon Pereira no Campo Martial. Ambos, conforme os olheiros de \u00e1rbitros, arbitraram bem os babas, e pertencem \u00e0 Associa\u00e7\u00e3o de \u00c1rbitros de Futebol de Campo de Ilh\u00e9us \u2013 AAFCI. Receberam Cart\u00e3o Amarelo: Charles e Luciano Goleiro; Cart\u00e3o Azul: Alan Firula<\/p>\n<p>Equipes que atuaram no Campo Grimaldo:<!--more--><\/p>\n<p>(Cap. Marconi): Goleiro Rosivaldo, Heckel Janu\u00e1rio (Lu\u00eds Humberto entrou aos 20\u2019 da 2\u00aa etapa), Dinho da Van, Djalma Peludo e Mario Cabe\u00e7a Branca(Pescador entrou no intervalo); Lu\u00eds Mario Garotinho, Passos de Uru\u00e7uca; Daniel Murta(Mario Filho entrou no intervalo), Souza da Pol\u00edcia, Carl\u00e3o do Taxi e Marconi.<\/p>\n<p>(Cap. Lu\u00eds Eduardo LE7): Goleiro Ricardo do Caminh\u00e3o, Eduardo Japon\u00eas, Itiuba, Galletti da Rio de Engenho e Prof. Jorge Reis; Adauto Negocinho, Paulinho II(Eldon do Ofert\u00e3o entrou aos 17\u2019 da 2\u00aa etapa), Correia do HSBC, Crispa da Galera do Fla, Ismar Landgol e Lu\u00eds Eduardo LE7.<\/p>\n<p>Equipes oque atuaram no Campo Martial:<\/p>\n<p>(Cap. Alex de Moises): Goleiro Fernando, Z\u00e9 Eduardo, Silva, Gilson e Moises(Vado do Bradesco entrou no intervalo); Claudio Assis, Danilo, Charles, Major do Bahia de Itabuna, Alan Firula e Alex de Moises.<\/p>\n<p>(Cap. Alvinho): Goleiro Pedro Chama Gol(Luciano entrou no intervalo), Waldemar da Codeba(Geraldo da Ceplac entrou no intervalo), Alvinho, Junior Murta(Wendell da Autoescola entrou no intervalo) e Torisco do HSBC(Rog\u00e9rio Midlej BP entrou no intervalo); Cesar de Milit\u00e3o; Cesinha da Nacional, Erisvan(Paulinho da AFC entrou no intervalo e Vilas Boas entrou aos 10\u2019 da 2\u00aa etapa), Tabosa do Ofert\u00e3o(Paulo Gois do Bradesco entrou no intervalo), Luciano Santana e Zezinho da Baixa Fria<\/p>\n<p>COMENT\u00c1RIOS<\/p>\n<p>No campo Grimaldo, de acordo com os observadores, houve um equil\u00edbrio de for\u00e7a entre as equipes dos capit\u00e3es Marconi e Lu\u00eds Eduardo LE7 no 1\u00ba tempo da contenda. No 2\u00ba, depois do gol aos 5\u2019 de jogo do volante Pescador, que raramente chuta em gol, o time comandado pelo Cap. Marconi n\u00e3o enfrentou dificuldades em golear o do advers\u00e1rio por 4 a 0. O quarto gol num \u2018tic-tac\u2019 que fez lembrar o Barcelona da Catalunha.<\/p>\n<p>No Campo Martial a disputa foi parelha no 1\u00ba e no 2\u00ba tempo, conforme os olheiros. A equipe do Cap. Alvinho terminou os primeiros 45\u2019 perdendo de 2 a 1 para a do Cap. Alex de Moises, mas no in\u00edcio da 2\u00aa etapa empatou e voltou a equilibrar o baba. NOTAS<\/p>\n<p>Antes dos times partirem para a praia, o presidente Djalma Peludo, usando da palavra, em assembleia na sede itinerante da AVEP, fez um r\u00e1pido balan\u00e7o do ano 2018 ressaltando a inadimpl\u00eancia que houve nesse exerc\u00edcio. Depois cedeu a palavra ao lateral-direito Mario Cabe\u00e7a Branca que sugeriu acabar com o privil\u00e9gio de alguns associados de n\u00e3o estarem presente na hora da chamada, incluindo o dele de vaga garantida. Ademais afirmou que o que propusera foi uma proposta antiga do ex presidente Jackson Lima, em jogar para o associado a decis\u00e3o dessas prerrogativas. N\u00e3o foi aceita sobretudo porque suas presen\u00e7as se d\u00e3o antes das 7:30h (hora da chamada do baba) ao \u2018diretor de baba do dia\u2019, assumindo o compromisso da presen\u00e7a.<\/p>\n<p>Anotaram os observadores que o atacante Crispa da Galera do Fla recebera os aplausos na assembleia pela sua iniciativa fundada em uma causa filantr\u00f3pica. Causa n\u00e3o registrada neste Not\u00edcias, pela falta de detalhes.<\/p>\n<p>Mas foram impiedosos ao comentarem que no 1\u00aa tempo do baba Crispa perdeu um gol da porra, ao ficar cara a cara com o goleiro Rosivaldo \u2013ca\u00eddo\u2013 e chutar a bola pras nuvens. Disseram inclusive que se o vento estivesse a favor da dire\u00e7\u00e3o da bola, esta pela altura que tomou poderia parar na praia do Cristo.<\/p>\n<p>Anotaram que o goleiro Pedro Chama Gol (equipe do Cap. Alvinho) aceitou um frango de presente daqueles, mas como o juiz n\u00e3o constou na s\u00famula&#8230;<\/p>\n<p>BANDA PODRE EM A\u00c7\u00c3O<\/p>\n<p>A concentra\u00e7\u00e3o da 8\u00aa edi\u00e7\u00e3o do Baba das Estrelas com a participa\u00e7\u00e3o dos veteranos do Outeiro S\u00e3o Sebasti\u00e3o est\u00e1 marcada para as 9:00 horas da manh\u00e3 do dia 10.2.2019.<\/p>\n<p>Local: ao lado do espa\u00e7o cultural Tenda Teatro Popular de Ilh\u00e9us.<\/p>\n<p>Local do baba: praia da Avenida Soares Lopes, nas imedia\u00e7\u00f5es do referido espa\u00e7o<\/p>\n<p>Valor da caneca: 30,00 paus para cobrir despesas diversas.<\/p>\n<p>Confraterniza\u00e7\u00e3o ap\u00f3s o baba: Bar Tr\u00eas Irm\u00e3os na Baixa Fria<\/p>\n<p>Essa \u00e9 mais um evento da lavra do promoter Zezinho da Baixa Fria<\/p>\n<p>Para os desavisados, Banda Podre \u00e9 uma entidade originada nas entranhas da AVEP para jogos aleat\u00f3rios.<\/p>\n<p>Texto do associado Heckel Janu\u00e1rio. Fotos das \u201cbabas\u201d de Marconi Almeida, fot\u00f3grafo oficial e diretor de Divulga\u00e7\u00e3o da Avep. O Prof. Jorge Reis \u00e9 o fot\u00f3grafo de momentos et\u00edlicos desta entidade e seu Secret\u00e1rio.<a href=\"http:\/\/www.r2cpress.com.br\/v1\/wp-content\/uploads\/2019\/02\/2-33.jpg\"><img loading=\"lazy\" class=\"aligncenter size-full wp-image-118892\" src=\"http:\/\/www.r2cpress.com.br\/v1\/wp-content\/uploads\/2019\/02\/2-33.jpg\" alt=\"\" width=\"577\" height=\"510\" srcset=\"https:\/\/www.r2cpress.com.br\/v1\/wp-content\/uploads\/2019\/02\/2-33.jpg 577w, https:\/\/www.r2cpress.com.br\/v1\/wp-content\/uploads\/2019\/02\/2-33-300x265.jpg 300w\" sizes=\"(max-width: 577px) 100vw, 577px\" \/><\/a><\/p>\n","protected":false},"excerpt":{"rendered":"<p>VIT\u00d3RIA DO CAP. MARCONI E EMPATE NA ABERTURA DA TEMPORADA Depois de um breve recesso a Associa\u00e7\u00e3o dos Veteranos de Esporte Praiano \u2013AVEP, entidade de \u201cbabas de praia\u201d quase centen\u00e1ria em atividade de Ilh\u00e9us, realizou domingo passado (3\/2\/2019) pela manh\u00e3 os tradicionais \u2018babas\u2019 desta modalidade esportiva na praia, como de praxe, da Avenida Soares Lopes [&hellip;]<\/p>\n","protected":false},"author":2,"featured_media":0,"comment_status":"open","ping_status":"open","sticky":false,"template":"","format":"standard","meta":{"_links_to":"","_links_to_target":""},"categories":[1],"tags":[],"_links":{"self":[{"href":"https:\/\/www.r2cpress.com.br\/v1\/wp-json\/wp\/v2\/posts\/118890"}],"collection":[{"href":"https:\/\/www.r2cpress.com.br\/v1\/wp-json\/wp\/v2\/posts"}],"about":[{"href":"https:\/\/www.r2cpress.com.br\/v1\/wp-json\/wp\/v2\/types\/post"}],"author":[{"embeddable":true,"href":"https:\/\/www.r2cpress.com.br\/v1\/wp-json\/wp\/v2\/users\/2"}],"replies":[{"embeddable":true,"href":"https:\/\/www.r2cpress.com.br\/v1\/wp-json\/wp\/v2\/comments?post=118890"}],"version-history":[{"count":1,"href":"https:\/\/www.r2cpress.com.br\/v1\/wp-json\/wp\/v2\/posts\/118890\/revisions"}],"predecessor-version":[{"id":118893,"href":"https:\/\/www.r2cpress.com.br\/v1\/wp-json\/wp\/v2\/posts\/118890\/revisions\/118893"}],"wp:attachment":[{"href":"https:\/\/www.r2cpress.com.br\/v1\/wp-json\/wp\/v2\/media?parent=118890"}],"wp:term":[{"taxonomy":"category","embeddable":true,"href":"https:\/\/www.r2cpress.com.br\/v1\/wp-json\/wp\/v2\/categories?post=118890"},{"taxonomy":"post_tag","embeddable":true,"href":"https:\/\/www.r2cpress.com.br\/v1\/wp-json\/wp\/v2\/tags?post=118890"}],"curies":[{"name":"wp","href":"https:\/\/api.w.org\/{rel}","templated":true}]}}