{"id":11939,"date":"2011-03-31T11:45:21","date_gmt":"2011-03-31T14:45:21","guid":{"rendered":"http:\/\/www.r2cpress.com.br\/v1\/?p=11939"},"modified":"2011-03-31T11:45:21","modified_gmt":"2011-03-31T14:45:21","slug":"imprensa-tera-livre-acesso-ao-21%c2%ba-seminario-de-marketing","status":"publish","type":"post","link":"https:\/\/www.r2cpress.com.br\/v1\/2011\/03\/31\/imprensa-tera-livre-acesso-ao-21%c2%ba-seminario-de-marketing\/","title":{"rendered":"Imprensa ter\u00e1 livre acesso ao 21\u00ba Semin\u00e1rio de Marketing"},"content":{"rendered":"<p><div id=\"attachment_11940\" style=\"width: 211px\" class=\"wp-caption alignleft\"><a href=\"http:\/\/www.r2cpress.com.br\/v1\/wp-content\/uploads\/Eduardo-Fontes-3.jpg\"><img aria-describedby=\"caption-attachment-11940\" loading=\"lazy\" src=\"http:\/\/www.r2cpress.com.br\/v1\/wp-content\/uploads\/Eduardo-Fontes-3-201x300.jpg\" alt=\"\" title=\"Eduardo Fontes 3\" width=\"201\" height=\"300\" class=\"size-medium wp-image-11940\" srcset=\"https:\/\/www.r2cpress.com.br\/v1\/wp-content\/uploads\/Eduardo-Fontes-3-201x300.jpg 201w, https:\/\/www.r2cpress.com.br\/v1\/wp-content\/uploads\/Eduardo-Fontes-3.jpg 302w\" sizes=\"(max-width: 201px) 100vw, 201px\" \/><\/a><p id=\"caption-attachment-11940\" class=\"wp-caption-text\">Eduardo Fontes<\/p><\/div>Reconhecendo a import\u00e2ncia da participa\u00e7\u00e3o da imprensa local no 21\u00ba Semin\u00e1rio de Marketing e Propaganda do Sul da Bahia, a coordena\u00e7\u00e3o do evento informa que a imprensa local ter\u00e1 livre acesso aos tr\u00eas dias do evento que ser\u00e1 realizado no audit\u00f3rio da Universidade Estadual de Santa Cruz (Uesc). <\/p>\n<p>A solenidade de abertura ser\u00e1 na noite desta quinta-feira (31), com uma palestra sobre \u201cCriatividade e Inova\u00e7\u00e3o\u201d, ministrada por Bianko &#8211; um profundo conhecedor da comunica\u00e7\u00e3o empresarial que utiliza t\u00e9cnicas diferenciadas de comunica\u00e7\u00e3o para motivar equipes e estimular pessoas a alcan\u00e7ar o sucesso.<\/p>\n<p>O presidente da Associa\u00e7\u00e3o Comercial e Empresarial de Itabuna (ACEI), <strong>Eduardo Fontes<\/strong> \u2013 entidade promotora do evento -, ressalta a import\u00e2ncia da presen\u00e7a de representantes da imprensa regional no 21\u00ba Semin\u00e1rio de Marketing. \u201cSer\u00e1 um prazer receber em nosso evento representantes das TVs, R\u00e1dios, Jornais e Sites \u2013 esta \u00faltima \u00e1rea, por exemplo, tem tido um crescimento extraordin\u00e1rio e uma aceita\u00e7\u00e3o muito boa da popula\u00e7\u00e3o local\u201d, comentou Fontes. <\/p>\n<p>O evento ser\u00e1 encerrado no s\u00e1bado (02) e tem como p\u00fablico-alvo, empres\u00e1rios e estudantes universit\u00e1rios de diversas \u00e1reas. Consta ainda na programa\u00e7\u00e3o palestras sobre \u201cA evolu\u00e7\u00e3o inexor\u00e1vel: das m\u00eddias anal\u00f3gicas para as digitais\u201d, com Jos\u00e9 Veronezzi; a \u201cRevolu\u00e7\u00e3o das M\u00eddias Sociais\u201d com Andr\u00e9 Telles; \u201cM\u00eddia T\u00e9cnica: pesquisa de m\u00eddia como ferramenta para a\u00e7\u00f5es de venda\u201d com Sandra Stecca; \u201cA import\u00e2ncia da RP na Comunica\u00e7\u00e3o\u201d com Jo\u00e3o Faria; e uma mesa-redonda para debate dos Cen\u00e1rios e Tend\u00eancias da Regi\u00e3o Sul da Bahia. Maiores informa\u00e7\u00f5es podem ser obtidas pelo tel. (73) 3617-1171.<\/p>\n","protected":false},"excerpt":{"rendered":"<p>Reconhecendo a import\u00e2ncia da participa\u00e7\u00e3o da imprensa local no 21\u00ba Semin\u00e1rio de Marketing e Propaganda do Sul da Bahia, a coordena\u00e7\u00e3o do evento informa que a imprensa local ter\u00e1 livre acesso aos tr\u00eas dias do evento que ser\u00e1 realizado no audit\u00f3rio da Universidade Estadual de Santa Cruz (Uesc). A solenidade de abertura ser\u00e1 na noite [&hellip;]<\/p>\n","protected":false},"author":2,"featured_media":0,"comment_status":"open","ping_status":"open","sticky":false,"template":"","format":"standard","meta":{"_links_to":"","_links_to_target":""},"categories":[28],"tags":[],"_links":{"self":[{"href":"https:\/\/www.r2cpress.com.br\/v1\/wp-json\/wp\/v2\/posts\/11939"}],"collection":[{"href":"https:\/\/www.r2cpress.com.br\/v1\/wp-json\/wp\/v2\/posts"}],"about":[{"href":"https:\/\/www.r2cpress.com.br\/v1\/wp-json\/wp\/v2\/types\/post"}],"author":[{"embeddable":true,"href":"https:\/\/www.r2cpress.com.br\/v1\/wp-json\/wp\/v2\/users\/2"}],"replies":[{"embeddable":true,"href":"https:\/\/www.r2cpress.com.br\/v1\/wp-json\/wp\/v2\/comments?post=11939"}],"version-history":[{"count":2,"href":"https:\/\/www.r2cpress.com.br\/v1\/wp-json\/wp\/v2\/posts\/11939\/revisions"}],"predecessor-version":[{"id":11942,"href":"https:\/\/www.r2cpress.com.br\/v1\/wp-json\/wp\/v2\/posts\/11939\/revisions\/11942"}],"wp:attachment":[{"href":"https:\/\/www.r2cpress.com.br\/v1\/wp-json\/wp\/v2\/media?parent=11939"}],"wp:term":[{"taxonomy":"category","embeddable":true,"href":"https:\/\/www.r2cpress.com.br\/v1\/wp-json\/wp\/v2\/categories?post=11939"},{"taxonomy":"post_tag","embeddable":true,"href":"https:\/\/www.r2cpress.com.br\/v1\/wp-json\/wp\/v2\/tags?post=11939"}],"curies":[{"name":"wp","href":"https:\/\/api.w.org\/{rel}","templated":true}]}}