{"id":11943,"date":"2011-03-31T11:52:21","date_gmt":"2011-03-31T14:52:21","guid":{"rendered":"http:\/\/www.r2cpress.com.br\/v1\/?p=11943"},"modified":"2011-03-31T11:53:01","modified_gmt":"2011-03-31T14:53:01","slug":"festival-ilheus-sons-sabores-do-mar-sera-a-grande-atracao-de-abril-na-regiao","status":"publish","type":"post","link":"https:\/\/www.r2cpress.com.br\/v1\/2011\/03\/31\/festival-ilheus-sons-sabores-do-mar-sera-a-grande-atracao-de-abril-na-regiao\/","title":{"rendered":"Festival Ilh\u00e9us Sons &#038; Sabores do Mar ser\u00e1 a grande atra\u00e7\u00e3o de abril na regi\u00e3o"},"content":{"rendered":"<div id=\"attachment_11945\" style=\"width: 236px\" class=\"wp-caption alignleft\"><a href=\"http:\/\/www.r2cpress.com.br\/v1\/wp-content\/uploads\/centro-de-conven\u00e7\u00f5es.jpeg\"><img aria-describedby=\"caption-attachment-11945\" loading=\"lazy\" class=\"size-full wp-image-11945\" title=\"centro de conven\u00e7\u00f5es\" src=\"http:\/\/www.r2cpress.com.br\/v1\/wp-content\/uploads\/centro-de-conven\u00e7\u00f5es.jpeg\" alt=\"\" width=\"226\" height=\"151\" \/><\/a><p id=\"caption-attachment-11945\" class=\"wp-caption-text\">Centro de Conven\u00e7\u00f5es \/ Ilh\u00e9us.<\/p><\/div>\n<p>Est\u00e3o abertas, a partir desta sexta-feira (01), as inscri\u00e7\u00f5es para os mini-cursos que v\u00e3o acontecer durante o <strong><em>Festival Ilh\u00e9us Sons &amp; Sabores do Mar<\/em><\/strong> que, no per\u00edodo de 20 a 24 de abril, re\u00fane elementos da cultura local como gastronomia, m\u00fasica e artesanato no estacionamento do Centro de Conven\u00e7\u00f5es do munic\u00edpio. Os interessados devem se dirigir \u00e0 sede da M21, situada \u00e0 avenida Soares Lopes, 868, para efetuar a inscri\u00e7\u00e3o que custar\u00e1 o pre\u00e7o simb\u00f3lico de 10 reais por curso. As aulas ser\u00e3o ministradas pela Associa\u00e7\u00e3o das Bordadeiras e Artes\u00e3os de Ilh\u00e9us (Abai), em parceria t\u00e9cnica com o Sebrae, e as turmas ser\u00e3o formadas com o limite m\u00e1ximo de 15 pessoas.<\/p>\n<p><!--more--><\/p>\n<p>Os mini-cursos ser\u00e3o iniciados no dia 21, das 14 \u00e0s 17 horas, com o ensinamento da t\u00e9cnica artesanal do \u201cFuxico\u201d, que aproveita restos de tecido para criar e customizar roupas, acess\u00f3rios e objetos. No mesmo dia, das 18 \u00e0s 21 horas, ser\u00e1 ensinada a t\u00e9cnica de \u201cEnfeites com feltro\u201d, usados na marca\u00e7\u00e3o de livros, chaveiros e similares. No dia 22, das 14 \u00e0s 17 horas, as monitoras ensinar\u00e3o \u201cBordados \u00e0 m\u00e3o\u201d e, no dia 23, no mesmo per\u00edodo, os inscritos aprender\u00e3o a arte da fabrica\u00e7\u00e3o de \u201cBiscuit\u201d. A id\u00e9ia, de acordo com o empres\u00e1rio Marcos Lessa, da M21, \u00e9 promover oportunidades de pequenos neg\u00f3cios entre pessoas que podem produzir arte sem precisar sair de casa.<\/p>\n<p>Al\u00e9m das inscri\u00e7\u00f5es para os mini-cursos, os organizadores informam que restam poucas vagas para inscri\u00e7\u00f5es de propriet\u00e1rios de bares e restaurantes de Ilh\u00e9us que queiram se credenciar no <strong>Festival Ilh\u00e9us Sons e Sabores do Mar<\/strong>. Os interessados tamb\u00e9m devem se dirigir \u00e0 ag\u00eancia M21 para obter maiores informa\u00e7\u00f5es. As vagas s\u00e3o limitadas. Segundo a programa\u00e7\u00e3o, de 20 a 23 de abril, o estacionamento do Centro de Conven\u00e7\u00f5es vai funcionar das 18 \u00e0 meia-noite. E no dia 24, domingo, das 16 \u00e0s 22 horas. Para ter acesso ao local, ser\u00e1 cobrado o valor de 5 reais, exceto na quinta-feira (21), quando custar\u00e1 15 reais em fun\u00e7\u00e3o do show do forrozeiro Adem\u00e1rio Coelho e do grupo Zabumbahia, que acontece no local.<\/p>\n<p>O festival, de acordo com o publicit\u00e1rio Marco Lessa, celebra a diversidade cultural da Bahia. \u201cSer\u00e1 um local onde os visitantes v\u00e3o poder saborear os mais diversos pratos t\u00edpicos oferecidos nos restaurantes de Ilh\u00e9us ao som de grandes nomes e int\u00e9rpretes da M\u00fasica Popular Brasileira\u201d, explica o publicit\u00e1rio. O evento contar\u00e1, segundo a organiza\u00e7\u00e3o, com uma estrutura de primeira linha que permitir\u00e1 a realiza\u00e7\u00e3o simult\u00e2nea de todas as atividades previstas no projeto. O <strong><em>Festival Sons &amp; Sabores do Mar <\/em><\/strong>\u00e9 uma realiza\u00e7\u00e3o da ATIL, Costa do Cacau Convention &amp; Visitors Bureau, em parceria com Sebrae e M21, e apoio do Governo da Bahia, Bahiatursa e Prefeitura de Ilh\u00e9us.<\/p>\n","protected":false},"excerpt":{"rendered":"<p>Est\u00e3o abertas, a partir desta sexta-feira (01), as inscri\u00e7\u00f5es para os mini-cursos que v\u00e3o acontecer durante o Festival Ilh\u00e9us Sons &amp; Sabores do Mar que, no per\u00edodo de 20 a 24 de abril, re\u00fane elementos da cultura local como gastronomia, m\u00fasica e artesanato no estacionamento do Centro de Conven\u00e7\u00f5es do munic\u00edpio. Os interessados devem se [&hellip;]<\/p>\n","protected":false},"author":2,"featured_media":0,"comment_status":"open","ping_status":"open","sticky":false,"template":"","format":"standard","meta":{"_links_to":"","_links_to_target":""},"categories":[28],"tags":[],"_links":{"self":[{"href":"https:\/\/www.r2cpress.com.br\/v1\/wp-json\/wp\/v2\/posts\/11943"}],"collection":[{"href":"https:\/\/www.r2cpress.com.br\/v1\/wp-json\/wp\/v2\/posts"}],"about":[{"href":"https:\/\/www.r2cpress.com.br\/v1\/wp-json\/wp\/v2\/types\/post"}],"author":[{"embeddable":true,"href":"https:\/\/www.r2cpress.com.br\/v1\/wp-json\/wp\/v2\/users\/2"}],"replies":[{"embeddable":true,"href":"https:\/\/www.r2cpress.com.br\/v1\/wp-json\/wp\/v2\/comments?post=11943"}],"version-history":[{"count":5,"href":"https:\/\/www.r2cpress.com.br\/v1\/wp-json\/wp\/v2\/posts\/11943\/revisions"}],"predecessor-version":[{"id":11949,"href":"https:\/\/www.r2cpress.com.br\/v1\/wp-json\/wp\/v2\/posts\/11943\/revisions\/11949"}],"wp:attachment":[{"href":"https:\/\/www.r2cpress.com.br\/v1\/wp-json\/wp\/v2\/media?parent=11943"}],"wp:term":[{"taxonomy":"category","embeddable":true,"href":"https:\/\/www.r2cpress.com.br\/v1\/wp-json\/wp\/v2\/categories?post=11943"},{"taxonomy":"post_tag","embeddable":true,"href":"https:\/\/www.r2cpress.com.br\/v1\/wp-json\/wp\/v2\/tags?post=11943"}],"curies":[{"name":"wp","href":"https:\/\/api.w.org\/{rel}","templated":true}]}}