{"id":119703,"date":"2019-05-10T19:12:40","date_gmt":"2019-05-10T22:12:40","guid":{"rendered":"http:\/\/www.r2cpress.com.br\/v1\/?p=119703"},"modified":"2019-05-10T19:12:40","modified_gmt":"2019-05-10T22:12:40","slug":"do-fundo-do-bau-de-jose-leite-especial-60","status":"publish","type":"post","link":"https:\/\/www.r2cpress.com.br\/v1\/2019\/05\/10\/do-fundo-do-bau-de-jose-leite-especial-60\/","title":{"rendered":"DO FUNDO DO BA\u00da DE JOS\u00c9 LEITE ESPECIAL."},"content":{"rendered":"<p><strong><a href=\"http:\/\/www.r2cpress.com.br\/v1\/wp-content\/uploads\/2018\/06\/BAU-NOVO-COM-400.jpg\"><img loading=\"lazy\" class=\"aligncenter size-medium wp-image-116348\" src=\"http:\/\/www.r2cpress.com.br\/v1\/wp-content\/uploads\/2018\/06\/BAU-NOVO-COM-400-300x218.jpg\" alt=\"\" width=\"300\" height=\"218\" srcset=\"https:\/\/www.r2cpress.com.br\/v1\/wp-content\/uploads\/2018\/06\/BAU-NOVO-COM-400-300x218.jpg 300w, https:\/\/www.r2cpress.com.br\/v1\/wp-content\/uploads\/2018\/06\/BAU-NOVO-COM-400.jpg 400w\" sizes=\"(max-width: 300px) 100vw, 300px\" \/><\/a>1) MINHA QUERIDA M\u00c3E, QUANTAS SAUDADES.<\/strong><\/p>\n<p><strong>2) EM JULHO, O MAIOR ACONTECIMENTO DO ANO SER\u00c1 EM JUAZEIRO DO NORTE.<\/strong><\/p>\n<p><strong>3) JOS\u00c9 LEITE RECEBENDO OS AMIGOS DURANTE A SEMANA.<\/strong><\/p>\n<p><strong>4) AS FOTOS DESTAQUES DA SEMANA.<\/strong><!--more--><\/p>\n<p><strong>1) MINHA QUERIDA M\u00c3E, QUANTAS SAUDADES.<\/strong><\/p>\n<p style=\"text-align: center;\">\u201cMESMO SEM SUA PRESEN\u00c7A, O MEU AMOR A CADA DIA AUMENTA MAIS, E SABER QUE QUALQUER DIA VAMOS NOS ENCONTRAR, E SE ABRA\u00c7AR E FICAR JUNTOS POR TODA A ETERNIDADE. \u00c9 O MEU LINDO SONHO QUE SE TORNAR\u00c1 REALIDADE, EM NOME DE JESUS.\u201d Jos\u00e9 Leite de Souza.<a href=\"http:\/\/www.r2cpress.com.br\/v1\/wp-content\/uploads\/2019\/05\/1-54.jpg\"><img loading=\"lazy\" class=\"aligncenter size-medium wp-image-119704\" src=\"http:\/\/www.r2cpress.com.br\/v1\/wp-content\/uploads\/2019\/05\/1-54-300x300.jpg\" alt=\"\" width=\"300\" height=\"300\" srcset=\"https:\/\/www.r2cpress.com.br\/v1\/wp-content\/uploads\/2019\/05\/1-54-300x300.jpg 300w, https:\/\/www.r2cpress.com.br\/v1\/wp-content\/uploads\/2019\/05\/1-54-150x150.jpg 150w, https:\/\/www.r2cpress.com.br\/v1\/wp-content\/uploads\/2019\/05\/1-54.jpg 478w\" sizes=\"(max-width: 300px) 100vw, 300px\" \/><\/a><\/p>\n<p style=\"text-align: center;\">Minha querida M\u00c3E JOSEFA DO ESP\u00cdRITO SANTO (DONA PRETA).<\/p>\n<p style=\"text-align: center;\">QUANTAS SAUDADES!<a href=\"http:\/\/www.r2cpress.com.br\/v1\/wp-content\/uploads\/2019\/05\/2-53.jpg\"><img loading=\"lazy\" class=\"aligncenter size-medium wp-image-119705\" src=\"http:\/\/www.r2cpress.com.br\/v1\/wp-content\/uploads\/2019\/05\/2-53-207x300.jpg\" alt=\"\" width=\"207\" height=\"300\" srcset=\"https:\/\/www.r2cpress.com.br\/v1\/wp-content\/uploads\/2019\/05\/2-53-207x300.jpg 207w, https:\/\/www.r2cpress.com.br\/v1\/wp-content\/uploads\/2019\/05\/2-53.jpg 414w\" sizes=\"(max-width: 207px) 100vw, 207px\" \/><\/a><\/p>\n<p style=\"text-align: center;\">Minha querida VOV\u00d3 (Paterna) MARIA LEITE (DONA DORINHA).<\/p>\n<p style=\"text-align: center;\">JAMAIS TE ESQUECEREI, MEU AMOR!<a href=\"http:\/\/www.r2cpress.com.br\/v1\/wp-content\/uploads\/2019\/05\/3-45.jpg\"><img loading=\"lazy\" class=\"aligncenter size-medium wp-image-119706\" src=\"http:\/\/www.r2cpress.com.br\/v1\/wp-content\/uploads\/2019\/05\/3-45-221x300.jpg\" alt=\"\" width=\"221\" height=\"300\" srcset=\"https:\/\/www.r2cpress.com.br\/v1\/wp-content\/uploads\/2019\/05\/3-45-221x300.jpg 221w, https:\/\/www.r2cpress.com.br\/v1\/wp-content\/uploads\/2019\/05\/3-45.jpg 442w\" sizes=\"(max-width: 221px) 100vw, 221px\" \/><\/a><\/p>\n<p style=\"text-align: center;\">Minha querida VOV\u00d3 (Materna) MARIA ROSA DO ESP\u00cdRITO SANTO (M\u00e3e ROSA). SEMPRE NO MEU CORA\u00c7\u00c3O!<a href=\"http:\/\/www.r2cpress.com.br\/v1\/wp-content\/uploads\/2019\/05\/4-43.jpg\"><img loading=\"lazy\" class=\"aligncenter size-medium wp-image-119707\" src=\"http:\/\/www.r2cpress.com.br\/v1\/wp-content\/uploads\/2019\/05\/4-43-200x300.jpg\" alt=\"\" width=\"200\" height=\"300\" srcset=\"https:\/\/www.r2cpress.com.br\/v1\/wp-content\/uploads\/2019\/05\/4-43-200x300.jpg 200w, https:\/\/www.r2cpress.com.br\/v1\/wp-content\/uploads\/2019\/05\/4-43.jpg 399w\" sizes=\"(max-width: 200px) 100vw, 200px\" \/><\/a><\/p>\n<p style=\"text-align: center;\">Minha querida amiga DONA ELISA DE CARVALHO M\u00c1RMORE (DONA ELISINHA). A Senhora foi, para mim, A MINHA SEGUNDA M\u00c3E. Um dia, tamb\u00e9m vamos nos encontrar.<\/p>\n<p style=\"text-align: center;\">JOS\u00c9 LEITE DESEJA UM FELIZ DIA DAS M\u00c3ES PARA TODAS AS MAM\u00c3ES DESSE IMENSO BRASIL!<\/p>\n<p style=\"text-align: left;\"><strong>2) EM JULHO, O MAIOR ACONTECIMENTO DO ANO SER\u00c1 EM JUAZEIRO DO NORTE.<a href=\"http:\/\/www.r2cpress.com.br\/v1\/wp-content\/uploads\/2019\/05\/5-41.jpg\"><img loading=\"lazy\" class=\"aligncenter  wp-image-119708\" src=\"http:\/\/www.r2cpress.com.br\/v1\/wp-content\/uploads\/2019\/05\/5-41-300x133.jpg\" alt=\"\" width=\"390\" height=\"173\" srcset=\"https:\/\/www.r2cpress.com.br\/v1\/wp-content\/uploads\/2019\/05\/5-41-300x133.jpg 300w, https:\/\/www.r2cpress.com.br\/v1\/wp-content\/uploads\/2019\/05\/5-41-768x339.jpg 768w, https:\/\/www.r2cpress.com.br\/v1\/wp-content\/uploads\/2019\/05\/5-41.jpg 960w\" sizes=\"(max-width: 390px) 100vw, 390px\" \/><\/a><\/strong><\/p>\n<p style=\"text-align: center;\">Em Julho de 2019, tr\u00eas acontecimentos importantes estar\u00e3o acontecendo em JUAZEIRO DO NORTE. O Primeiro \u00e9 quando se comemora o ANIVERS\u00c1RIO DA MORTE DO PADRE C\u00cdCERO, que acontecer\u00e1 no dia 20 de Julho. O PADRE C\u00cdCERO faleceu no dia 20 de Julho de 1934, s\u00e3o 85 anos de seu falecimento e o Povo n\u00e3o esquece. O Segundo acontecimento ser\u00e1 AS FESTIVIDADES DO DIA DA CIDADE que ir\u00e1 acontecer no dia 22 de Julho, quando JUAZEIRO DO NORTE comemora 108 ANOS DE SUA EMANCIPA\u00c7\u00c3O POL\u00cdTICA. O terceiro acontecimento ser\u00e1 a INAUGURA\u00c7\u00c3O DA EST\u00c1TUA DE SEU LUNGA, que acontece no DIA DA CIDADE (22-07-2019) quando v\u00e1rios Jornalistas da Imprensa falada, escrita e televisada de todo o BRASIL, estar\u00e3o presentes nesta importante comemora\u00e7\u00e3o de mais um PROJETO DA CULTURA POPULAR DE JUAZEIRO DO NORTE, atrav\u00e9s da Prefeitura Municipal de JUAZEIRO DO NORTE \u2013 CEAR\u00c1. Na foto acima, Impresso com arte final da EST\u00c1TUA DE SEU LUNGA e a EST\u00c1TUA DE JORGE AMADO na cidade de ILH\u00c9US \u2013 Bahia.<a href=\"http:\/\/www.r2cpress.com.br\/v1\/wp-content\/uploads\/2019\/05\/6-41.jpg\"><img loading=\"lazy\" class=\"aligncenter size-medium wp-image-119709\" src=\"http:\/\/www.r2cpress.com.br\/v1\/wp-content\/uploads\/2019\/05\/6-41-300x240.jpg\" alt=\"\" width=\"300\" height=\"240\" srcset=\"https:\/\/www.r2cpress.com.br\/v1\/wp-content\/uploads\/2019\/05\/6-41-300x240.jpg 300w, https:\/\/www.r2cpress.com.br\/v1\/wp-content\/uploads\/2019\/05\/6-41.jpg 600w\" sizes=\"(max-width: 300px) 100vw, 300px\" \/><\/a><\/p>\n<p style=\"text-align: center;\">Na foto acima, o Prefeito de JUAZEIRO DO NORTE, ARNON BEZERRA que ir\u00e1 fazer a ideia se tornar realidade.<a href=\"http:\/\/www.r2cpress.com.br\/v1\/wp-content\/uploads\/2019\/05\/7-41.jpg\"><img loading=\"lazy\" class=\"aligncenter size-medium wp-image-119710\" src=\"http:\/\/www.r2cpress.com.br\/v1\/wp-content\/uploads\/2019\/05\/7-41-300x259.jpg\" alt=\"\" width=\"300\" height=\"259\" srcset=\"https:\/\/www.r2cpress.com.br\/v1\/wp-content\/uploads\/2019\/05\/7-41-300x259.jpg 300w, https:\/\/www.r2cpress.com.br\/v1\/wp-content\/uploads\/2019\/05\/7-41.jpg 463w\" sizes=\"(max-width: 300px) 100vw, 300px\" \/><\/a><\/p>\n<p style=\"text-align: center;\">O Deputado Federal PEDRO BEZERRA que representa JUAZEIRO e a Regi\u00e3o do CARIRI na C\u00e2mara Federal, tamb\u00e9m apoia a Constru\u00e7\u00e3o de uma EST\u00c1TUA para SEU LUNGA. Na foto acima: o Deputado PEDRO BEZERRA e a juazeirense ROS\u00c2NGELA REGINALDO TEN\u00d3RIO. (Foto: 05-05-2019).<a href=\"http:\/\/www.r2cpress.com.br\/v1\/wp-content\/uploads\/2019\/05\/8-41.jpg\"><img loading=\"lazy\" class=\"aligncenter size-medium wp-image-119711\" src=\"http:\/\/www.r2cpress.com.br\/v1\/wp-content\/uploads\/2019\/05\/8-41-186x300.jpg\" alt=\"\" width=\"186\" height=\"300\" srcset=\"https:\/\/www.r2cpress.com.br\/v1\/wp-content\/uploads\/2019\/05\/8-41-186x300.jpg 186w, https:\/\/www.r2cpress.com.br\/v1\/wp-content\/uploads\/2019\/05\/8-41.jpg 371w\" sizes=\"(max-width: 186px) 100vw, 186px\" \/><\/a><\/p>\n<p style=\"text-align: center;\">O Secret\u00e1rio de Turismo e Romaria de JUAZEIRO DO NORTE, FEITOSA J\u00daNIOR (foto) acha muito importante a Constru\u00e7\u00e3o da EST\u00c1TUA em homenagem a SEU LUNGA, pois vai aumentar o n\u00famero de Turistas para conhecer JUAZEIRO DO NORTE. Na foto com ROS\u00c2NGELA REGINALDO TEN\u00d3RIO. (Foto: 05-05-2019).<a href=\"http:\/\/www.r2cpress.com.br\/v1\/wp-content\/uploads\/2019\/05\/9-41.jpg\"><img loading=\"lazy\" class=\"aligncenter size-medium wp-image-119712\" src=\"http:\/\/www.r2cpress.com.br\/v1\/wp-content\/uploads\/2019\/05\/9-41-181x300.jpg\" alt=\"\" width=\"181\" height=\"300\" srcset=\"https:\/\/www.r2cpress.com.br\/v1\/wp-content\/uploads\/2019\/05\/9-41-181x300.jpg 181w, https:\/\/www.r2cpress.com.br\/v1\/wp-content\/uploads\/2019\/05\/9-41.jpg 362w\" sizes=\"(max-width: 181px) 100vw, 181px\" \/><\/a><\/p>\n<p style=\"text-align: center;\">JOS\u00c9 LEITE j\u00e1 est\u00e1 organizando uma Delega\u00e7\u00e3o de Ilheenses para participarem das Festividades do DIA DA CIDADE DE JUAZEIRO DO NORTE, que acontece no dia 22 de Julho pr\u00f3ximo e a EXPOSI\u00c7\u00c3O AGROPECU\u00c1RIA DO CRATO a EXPOCRATO \u2013 2019. Na foto: JOS\u00c9 LEITE e ROS\u00c2NGELA REGINALDO TEN\u00d3RIO, vestidos com a CAMISA DE SEU LUNGA.<\/p>\n<p style=\"text-align: center;\">(Foto: 22-04-2019).<a href=\"http:\/\/www.r2cpress.com.br\/v1\/wp-content\/uploads\/2019\/05\/10-41.jpg\"><img loading=\"lazy\" class=\"aligncenter size-medium wp-image-119713\" src=\"http:\/\/www.r2cpress.com.br\/v1\/wp-content\/uploads\/2019\/05\/10-41-300x221.jpg\" alt=\"\" width=\"300\" height=\"221\" srcset=\"https:\/\/www.r2cpress.com.br\/v1\/wp-content\/uploads\/2019\/05\/10-41-300x221.jpg 300w, https:\/\/www.r2cpress.com.br\/v1\/wp-content\/uploads\/2019\/05\/10-41.jpg 710w\" sizes=\"(max-width: 300px) 100vw, 300px\" \/><\/a><\/p>\n<p style=\"text-align: center;\">Dois importantes Juazeirenses que apoiam a Constru\u00e7\u00e3o de uma EST\u00c1TUA em homenagem a SEU LUNGA.<\/p>\n<p style=\"text-align: center;\">1\u00aa Foto: Dr. MANOEL DE SALES MENEZES (Advogado).<\/p>\n<p style=\"text-align: center;\">2\u00aa Foto: GERALDO SOBREIRA (Comerciante).<a href=\"http:\/\/www.r2cpress.com.br\/v1\/wp-content\/uploads\/2019\/05\/11-42.jpg\"><img loading=\"lazy\" class=\"aligncenter size-medium wp-image-119714\" src=\"http:\/\/www.r2cpress.com.br\/v1\/wp-content\/uploads\/2019\/05\/11-42-300x234.jpg\" alt=\"\" width=\"300\" height=\"234\" srcset=\"https:\/\/www.r2cpress.com.br\/v1\/wp-content\/uploads\/2019\/05\/11-42-300x234.jpg 300w, https:\/\/www.r2cpress.com.br\/v1\/wp-content\/uploads\/2019\/05\/11-42.jpg 600w\" sizes=\"(max-width: 300px) 100vw, 300px\" \/><\/a><\/p>\n<p style=\"text-align: center;\">Na foto: JOS\u00c9 LEITE e SEU LUNGA no seu Antigo Estabelecimento Comercial. Observe a camisa de SEU LUNGA com a foto do PADRE C\u00cdCERO e o PAPA FRANCISCO presenteado por JOS\u00c9 LEITE. (Foto: 01-11-2014).<\/p>\n<p style=\"text-align: left;\"><strong>3) JOS\u00c9 LEITE RECEBENDO OS AMIGOS DURANTE A SEMANA.<\/strong><\/p>\n<p style=\"text-align: center;\">S\u00e3o v\u00e1rios os amigos que visitam JOS\u00c9 LEITE durante a semana. JOS\u00c9 LEITE sebe, e tem certeza, que as visitas s\u00e3o de amigos que muito lhe prezam. Ele agradece e pede que voltem sempre!<a href=\"http:\/\/www.r2cpress.com.br\/v1\/wp-content\/uploads\/2019\/05\/12-41.jpg\"><img loading=\"lazy\" class=\"aligncenter size-medium wp-image-119715\" src=\"http:\/\/www.r2cpress.com.br\/v1\/wp-content\/uploads\/2019\/05\/12-41-300x249.jpg\" alt=\"\" width=\"300\" height=\"249\" srcset=\"https:\/\/www.r2cpress.com.br\/v1\/wp-content\/uploads\/2019\/05\/12-41-300x249.jpg 300w, https:\/\/www.r2cpress.com.br\/v1\/wp-content\/uploads\/2019\/05\/12-41.jpg 351w\" sizes=\"(max-width: 300px) 100vw, 300px\" \/><\/a><\/p>\n<p style=\"text-align: center;\">Visita do amigo LIB\u00c9RIO MENEZES FILHO, que no \u00faltimo m\u00eas de abril foi eleito Presidente da ASSOCIA\u00c7\u00c3O COMERCIAL DE ILH\u00c9US. PARAB\u00c9NS!<a href=\"http:\/\/www.r2cpress.com.br\/v1\/wp-content\/uploads\/2019\/05\/13-42.jpg\"><img loading=\"lazy\" class=\"aligncenter size-medium wp-image-119718\" src=\"http:\/\/www.r2cpress.com.br\/v1\/wp-content\/uploads\/2019\/05\/13-42-300x258.jpg\" alt=\"\" width=\"300\" height=\"258\" srcset=\"https:\/\/www.r2cpress.com.br\/v1\/wp-content\/uploads\/2019\/05\/13-42-300x258.jpg 300w, https:\/\/www.r2cpress.com.br\/v1\/wp-content\/uploads\/2019\/05\/13-42.jpg 721w\" sizes=\"(max-width: 300px) 100vw, 300px\" \/><\/a><\/p>\n<p style=\"text-align: center;\">1\u00aa Foto: Visita do amigo Odont\u00f3logo competente Dr. JORGE LOPES que muito breve inaugura mais um empreendimento.<\/p>\n<p style=\"text-align: center;\">2\u00aa Foto: Visita do amigo de sempre, ALBERTO ALBAGLI.<a href=\"http:\/\/www.r2cpress.com.br\/v1\/wp-content\/uploads\/2019\/05\/14-41.jpg\"><img loading=\"lazy\" class=\"aligncenter size-medium wp-image-119716\" src=\"http:\/\/www.r2cpress.com.br\/v1\/wp-content\/uploads\/2019\/05\/14-41-300x135.jpg\" alt=\"\" width=\"300\" height=\"135\" srcset=\"https:\/\/www.r2cpress.com.br\/v1\/wp-content\/uploads\/2019\/05\/14-41-300x135.jpg 300w, https:\/\/www.r2cpress.com.br\/v1\/wp-content\/uploads\/2019\/05\/14-41-768x346.jpg 768w, https:\/\/www.r2cpress.com.br\/v1\/wp-content\/uploads\/2019\/05\/14-41.jpg 946w\" sizes=\"(max-width: 300px) 100vw, 300px\" \/><\/a><\/p>\n<p style=\"text-align: center;\">1\u00aa Foto: Recebendo a visita do amigo Sargento BASTOS (RR-PM\/BA) Pai de THAIANE, Secret\u00e1ria Executiva da \u00d3TICA SAFIRA.<\/p>\n<p style=\"text-align: center;\">2\u00aa Foto: Visita do amigo Dr. HUGO MAGALH\u00c3ES. \u00c9 sempre uma alegria recebe-lo, amigo!<a href=\"http:\/\/www.r2cpress.com.br\/v1\/wp-content\/uploads\/2019\/05\/15-40.jpg\"><img loading=\"lazy\" class=\"aligncenter size-medium wp-image-119719\" src=\"http:\/\/www.r2cpress.com.br\/v1\/wp-content\/uploads\/2019\/05\/15-40-300x132.jpg\" alt=\"\" width=\"300\" height=\"132\" srcset=\"https:\/\/www.r2cpress.com.br\/v1\/wp-content\/uploads\/2019\/05\/15-40-300x132.jpg 300w, https:\/\/www.r2cpress.com.br\/v1\/wp-content\/uploads\/2019\/05\/15-40-768x338.jpg 768w, https:\/\/www.r2cpress.com.br\/v1\/wp-content\/uploads\/2019\/05\/15-40.jpg 960w\" sizes=\"(max-width: 300px) 100vw, 300px\" \/><\/a><\/p>\n<p style=\"text-align: center;\">1\u00aa Foto: Recebendo a visita do amigo Cearense, JOS\u00c9 NOVO DOS SANTOS, amigo h\u00e1 mais de 40 anos.<\/p>\n<p style=\"text-align: center;\">2\u00aa Foto: No \u00faltimo s\u00e1bado (04-05-2019), JOS\u00c9 LEITE conheceu mais um Conterr\u00e2neo Cearense, trata-se de RICARDO LIMA ALBUQUERQUE. Com certeza, uma nova amizade que vai durar por muito tempo!<\/p>\n<p style=\"text-align: left;\"><strong>4) AS FOTOS DESTAQUES DA SEMANA.<a href=\"http:\/\/www.r2cpress.com.br\/v1\/wp-content\/uploads\/2019\/05\/16-33.jpg\"><img loading=\"lazy\" class=\"aligncenter size-medium wp-image-119720\" src=\"http:\/\/www.r2cpress.com.br\/v1\/wp-content\/uploads\/2019\/05\/16-33-195x300.jpg\" alt=\"\" width=\"195\" height=\"300\" srcset=\"https:\/\/www.r2cpress.com.br\/v1\/wp-content\/uploads\/2019\/05\/16-33-195x300.jpg 195w, https:\/\/www.r2cpress.com.br\/v1\/wp-content\/uploads\/2019\/05\/16-33.jpg 560w\" sizes=\"(max-width: 195px) 100vw, 195px\" \/><\/a><\/strong><\/p>\n<p style=\"text-align: center;\">JOS\u00c9 LEITE com o amigo FRANCISCO LIRA, de JUAZEIRO DO NORTE. Amizade recente, mas tenho certeza que ir\u00e1 durar por muitos anos, porque come\u00e7ou com seu saudoso pai CHICO LIRA, um amigo que JOS\u00c9 LEITE jamais esquecer\u00e1.<\/p>\n<p style=\"text-align: center;\">FELIZ DIA DAS M\u00c3ES, AMIGO!<a href=\"http:\/\/www.r2cpress.com.br\/v1\/wp-content\/uploads\/2019\/05\/17-14.jpg\"><img loading=\"lazy\" class=\"aligncenter  wp-image-119721\" src=\"http:\/\/www.r2cpress.com.br\/v1\/wp-content\/uploads\/2019\/05\/17-14-149x300.jpg\" alt=\"\" width=\"183\" height=\"368\" srcset=\"https:\/\/www.r2cpress.com.br\/v1\/wp-content\/uploads\/2019\/05\/17-14-149x300.jpg 149w, https:\/\/www.r2cpress.com.br\/v1\/wp-content\/uploads\/2019\/05\/17-14.jpg 303w\" sizes=\"(max-width: 183px) 100vw, 183px\" \/><\/a><\/p>\n<p style=\"text-align: center;\">Na d\u00e9cada de 1940, a produ\u00e7\u00e3o de CACAU era tanta que faltava Armaz\u00e9ns para Armazenar. Atualmente, os Armaz\u00e9ns ainda existentes, viraram \u201cELEFANTES BRANCOS\u201d vazios, outros demolidos e constru\u00eddos Lojas ou Resid\u00eancias. Isso faz parte da HIST\u00d3RIA de uma Regi\u00e3o que j\u00e1 foi uma das mais Ricas do BRASIL. Leia a not\u00edcia acima da Edi\u00e7\u00e3o do Jornal DI\u00c1RIO DA TARDE de 18-09-1944. H\u00e1 75 anos atr\u00e1s.<\/p>\n<p style=\"text-align: center;\"><strong>E NO MAIS&#8230;<a href=\"http:\/\/www.r2cpress.com.br\/v1\/wp-content\/uploads\/2019\/05\/18-6.jpg\"><img loading=\"lazy\" class=\"aligncenter size-medium wp-image-119722\" src=\"http:\/\/www.r2cpress.com.br\/v1\/wp-content\/uploads\/2019\/05\/18-6-300x225.jpg\" alt=\"\" width=\"300\" height=\"225\" srcset=\"https:\/\/www.r2cpress.com.br\/v1\/wp-content\/uploads\/2019\/05\/18-6-300x225.jpg 300w, https:\/\/www.r2cpress.com.br\/v1\/wp-content\/uploads\/2019\/05\/18-6.jpg 600w\" sizes=\"(max-width: 300px) 100vw, 300px\" \/><\/a><\/strong><\/p>\n<p style=\"text-align: center;\">Na \u00faltima ter\u00e7a feira (07-05-2019) aconteceu, em FORTALEZA, no Pal\u00e1cio da Aclama\u00e7\u00e3o, a assinatura do Conv\u00eanio entre o Munic\u00edpio de JUAZEIRO DO NORTE e o Estado do CEAR\u00c1, para o in\u00edcio da Obra do TELEF\u00c9RICO que ligar\u00e1 JUAZEIRO \u00e0 COLINA DO HORTO, e a previs\u00e3o \u00e9 que o Projeto seja iniciado no pr\u00f3ximo m\u00eas de Junho. A Obra est\u00e1 or\u00e7ada em 77 Milh\u00f5es. PARAB\u00c9NS Prefeito ARNON BEZERRA (lado esquerdo), PARAB\u00c9NS Governador CAMILO SANTANA. \u00c9 JUAZEIRO DO NORTE CRESCENDO SEMPRE!<\/p>\n<p style=\"text-align: center;\"><em><strong>PARA CONFERIR O BA\u00da ANTERIOR, CLICK <a href=\"http:\/\/www.r2cpress.com.br\/v1\/2019\/05\/03\/do-fundo-do-bau-de-jose-leite-355\/\"><span style=\"color: #ff0000;\">AQUI<\/span><\/a><\/strong><\/em><\/p>\n<p style=\"text-align: center;\">Texto e fotos: Jos\u00e9 Leite de Souza<\/p>\n<p style=\"text-align: center;\">jleitesouza@hotmail.com<\/p>\n<p style=\"text-align: center;\">(73) 3634-3134<\/p>\n","protected":false},"excerpt":{"rendered":"<p>1) MINHA QUERIDA M\u00c3E, QUANTAS SAUDADES. 2) EM JULHO, O MAIOR ACONTECIMENTO DO ANO SER\u00c1 EM JUAZEIRO DO NORTE. 3) JOS\u00c9 LEITE RECEBENDO OS AMIGOS DURANTE A SEMANA. 4) AS FOTOS DESTAQUES DA SEMANA.<\/p>\n","protected":false},"author":2,"featured_media":0,"comment_status":"open","ping_status":"open","sticky":false,"template":"","format":"standard","meta":{"_links_to":"","_links_to_target":""},"categories":[39],"tags":[],"_links":{"self":[{"href":"https:\/\/www.r2cpress.com.br\/v1\/wp-json\/wp\/v2\/posts\/119703"}],"collection":[{"href":"https:\/\/www.r2cpress.com.br\/v1\/wp-json\/wp\/v2\/posts"}],"about":[{"href":"https:\/\/www.r2cpress.com.br\/v1\/wp-json\/wp\/v2\/types\/post"}],"author":[{"embeddable":true,"href":"https:\/\/www.r2cpress.com.br\/v1\/wp-json\/wp\/v2\/users\/2"}],"replies":[{"embeddable":true,"href":"https:\/\/www.r2cpress.com.br\/v1\/wp-json\/wp\/v2\/comments?post=119703"}],"version-history":[{"count":1,"href":"https:\/\/www.r2cpress.com.br\/v1\/wp-json\/wp\/v2\/posts\/119703\/revisions"}],"predecessor-version":[{"id":119723,"href":"https:\/\/www.r2cpress.com.br\/v1\/wp-json\/wp\/v2\/posts\/119703\/revisions\/119723"}],"wp:attachment":[{"href":"https:\/\/www.r2cpress.com.br\/v1\/wp-json\/wp\/v2\/media?parent=119703"}],"wp:term":[{"taxonomy":"category","embeddable":true,"href":"https:\/\/www.r2cpress.com.br\/v1\/wp-json\/wp\/v2\/categories?post=119703"},{"taxonomy":"post_tag","embeddable":true,"href":"https:\/\/www.r2cpress.com.br\/v1\/wp-json\/wp\/v2\/tags?post=119703"}],"curies":[{"name":"wp","href":"https:\/\/api.w.org\/{rel}","templated":true}]}}