{"id":120607,"date":"2019-08-29T23:25:03","date_gmt":"2019-08-30T02:25:03","guid":{"rendered":"http:\/\/www.r2cpress.com.br\/v1\/?p=120607"},"modified":"2019-08-29T23:54:58","modified_gmt":"2019-08-30T02:54:58","slug":"nova-diretoria-do-sinjorba-toma-posse-e-encara-desafios","status":"publish","type":"post","link":"https:\/\/www.r2cpress.com.br\/v1\/2019\/08\/29\/nova-diretoria-do-sinjorba-toma-posse-e-encara-desafios\/","title":{"rendered":"Nova diretoria do Sinjorba toma posse e encara desafios"},"content":{"rendered":"<div>\n<p class=\"x_MsoNormal\"><a href=\"http:\/\/www.r2cpress.com.br\/v1\/wp-content\/uploads\/2019\/08\/dthame.jpg\"><img loading=\"lazy\" class=\"aligncenter size-medium wp-image-120609\" src=\"http:\/\/www.r2cpress.com.br\/v1\/wp-content\/uploads\/2019\/08\/dthame-237x300.jpg\" alt=\"\" width=\"237\" height=\"300\" srcset=\"https:\/\/www.r2cpress.com.br\/v1\/wp-content\/uploads\/2019\/08\/dthame-237x300.jpg 237w, https:\/\/www.r2cpress.com.br\/v1\/wp-content\/uploads\/2019\/08\/dthame.jpg 407w\" sizes=\"(max-width: 237px) 100vw, 237px\" \/><\/a><a href=\"http:\/\/www.r2cpress.com.br\/v1\/wp-content\/uploads\/2019\/08\/sinjorba.jpg\"><img loading=\"lazy\" class=\"aligncenter size-medium wp-image-120610\" src=\"http:\/\/www.r2cpress.com.br\/v1\/wp-content\/uploads\/2019\/08\/sinjorba-300x225.jpg\" alt=\"\" width=\"300\" height=\"225\" srcset=\"https:\/\/www.r2cpress.com.br\/v1\/wp-content\/uploads\/2019\/08\/sinjorba-300x225.jpg 300w, https:\/\/www.r2cpress.com.br\/v1\/wp-content\/uploads\/2019\/08\/sinjorba-768x576.jpg 768w, https:\/\/www.r2cpress.com.br\/v1\/wp-content\/uploads\/2019\/08\/sinjorba-1024x768.jpg 1024w, https:\/\/www.r2cpress.com.br\/v1\/wp-content\/uploads\/2019\/08\/sinjorba.jpg 1280w\" sizes=\"(max-width: 300px) 100vw, 300px\" \/><\/a>A nova diretoria do Sindicato dos Jornalistas Profissionais da Bahia toma posse nesta sexta-feira (30), na sede da .Associa\u00e7\u00e3o Baiana de Imprensa, em Salvador. Para a solenidade e confraterniza\u00e7\u00e3o, al\u00e9m da categoria, foram convidadas autoridades estaduais, municipais, representa\u00e7\u00f5es de entidades de classe parceiras e outras organiza\u00e7\u00f5es pol\u00edticas.\u00a0O novo presidente do Sinjorba, Moacy Neves, afirma que &#8220;os retrocessos trabalhistas, a precariza\u00e7\u00e3o da profiss\u00e3o, as novas configura\u00e7\u00f5es das rela\u00e7\u00f5es de trabalho ir\u00e3o impor \u00e0 pr\u00f3xima gest\u00e3o uma entidade muito mais organizada, din\u00e2mica e participativa&#8221;.<\/p>\n<p class=\"x_MsoNormal\">No Sul da Bahia, o Sinjorba ter\u00e1 como diretor regional o jornalista Daniel Thame, com passagens pelo jornal A Regi\u00e3o e TV Cabralia, atualmente na Secretaria de Comunica\u00e7\u00e3o do Governo da Bahia. \u201cTemos o desafio de tornar o sindicato um instrumento de fortalecimento e valoriza\u00e7\u00e3o da\u00a0 categoria, num momento em que a profiss\u00e3o enfrenta grandes desafios e um mercado estagnado e at\u00e9 mesmo em retra\u00e7\u00e3o, al\u00e9m das constantes amea\u00e7as \u00e0 liberdade de imprensa\u201d, diz. O vice-diretor regional \u00e9 o ilheense Val\u00e9rio de Magalh\u00e3es.<\/p>\n<p class=\"x_MsoNormal\">O Sinjorba tem como diretor para o Interior, o jornalista grapiuna Marival Guedes, com passagens pela TV Cabr\u00e1lia e os principais ve\u00edculos regionais, hoje \u00a0radicado em Salvador.<\/p>\n<\/div>\n","protected":false},"excerpt":{"rendered":"<p>A nova diretoria do Sindicato dos Jornalistas Profissionais da Bahia toma posse nesta sexta-feira (30), na sede da .Associa\u00e7\u00e3o Baiana de Imprensa, em Salvador. Para a solenidade e confraterniza\u00e7\u00e3o, al\u00e9m da categoria, foram convidadas autoridades estaduais, municipais, representa\u00e7\u00f5es de entidades de classe parceiras e outras organiza\u00e7\u00f5es pol\u00edticas.\u00a0O novo presidente do Sinjorba, Moacy Neves, afirma que [&hellip;]<\/p>\n","protected":false},"author":2,"featured_media":120609,"comment_status":"open","ping_status":"open","sticky":false,"template":"","format":"standard","meta":{"_links_to":"","_links_to_target":""},"categories":[37],"tags":[],"_links":{"self":[{"href":"https:\/\/www.r2cpress.com.br\/v1\/wp-json\/wp\/v2\/posts\/120607"}],"collection":[{"href":"https:\/\/www.r2cpress.com.br\/v1\/wp-json\/wp\/v2\/posts"}],"about":[{"href":"https:\/\/www.r2cpress.com.br\/v1\/wp-json\/wp\/v2\/types\/post"}],"author":[{"embeddable":true,"href":"https:\/\/www.r2cpress.com.br\/v1\/wp-json\/wp\/v2\/users\/2"}],"replies":[{"embeddable":true,"href":"https:\/\/www.r2cpress.com.br\/v1\/wp-json\/wp\/v2\/comments?post=120607"}],"version-history":[{"count":2,"href":"https:\/\/www.r2cpress.com.br\/v1\/wp-json\/wp\/v2\/posts\/120607\/revisions"}],"predecessor-version":[{"id":120611,"href":"https:\/\/www.r2cpress.com.br\/v1\/wp-json\/wp\/v2\/posts\/120607\/revisions\/120611"}],"wp:featuredmedia":[{"embeddable":true,"href":"https:\/\/www.r2cpress.com.br\/v1\/wp-json\/wp\/v2\/media\/120609"}],"wp:attachment":[{"href":"https:\/\/www.r2cpress.com.br\/v1\/wp-json\/wp\/v2\/media?parent=120607"}],"wp:term":[{"taxonomy":"category","embeddable":true,"href":"https:\/\/www.r2cpress.com.br\/v1\/wp-json\/wp\/v2\/categories?post=120607"},{"taxonomy":"post_tag","embeddable":true,"href":"https:\/\/www.r2cpress.com.br\/v1\/wp-json\/wp\/v2\/tags?post=120607"}],"curies":[{"name":"wp","href":"https:\/\/api.w.org\/{rel}","templated":true}]}}