{"id":120653,"date":"2019-09-03T11:45:44","date_gmt":"2019-09-03T14:45:44","guid":{"rendered":"http:\/\/www.r2cpress.com.br\/v1\/?p=120653"},"modified":"2019-09-03T11:45:44","modified_gmt":"2019-09-03T14:45:44","slug":"alunos-finalizam-preparativos-para-o-projeto-rimas-e-sons","status":"publish","type":"post","link":"https:\/\/www.r2cpress.com.br\/v1\/2019\/09\/03\/alunos-finalizam-preparativos-para-o-projeto-rimas-e-sons\/","title":{"rendered":"Alunos finalizam preparativos para o projeto Rimas e Sons"},"content":{"rendered":"<div id=\"attachment_120654\" style=\"width: 310px\" class=\"wp-caption aligncenter\"><a href=\"http:\/\/www.r2cpress.com.br\/v1\/wp-content\/uploads\/2019\/09\/IMG-20190903-WA0034.jpg\"><img aria-describedby=\"caption-attachment-120654\" loading=\"lazy\" class=\"size-medium wp-image-120654\" src=\"http:\/\/www.r2cpress.com.br\/v1\/wp-content\/uploads\/2019\/09\/IMG-20190903-WA0034-300x169.jpg\" alt=\"\" width=\"300\" height=\"169\" srcset=\"https:\/\/www.r2cpress.com.br\/v1\/wp-content\/uploads\/2019\/09\/IMG-20190903-WA0034-300x169.jpg 300w, https:\/\/www.r2cpress.com.br\/v1\/wp-content\/uploads\/2019\/09\/IMG-20190903-WA0034-768x432.jpg 768w, https:\/\/www.r2cpress.com.br\/v1\/wp-content\/uploads\/2019\/09\/IMG-20190903-WA0034-1024x576.jpg 1024w, https:\/\/www.r2cpress.com.br\/v1\/wp-content\/uploads\/2019\/09\/IMG-20190903-WA0034.jpg 1280w\" sizes=\"(max-width: 300px) 100vw, 300px\" \/><\/a><p id=\"caption-attachment-120654\" class=\"wp-caption-text\">Foto: Maur\u00edcio Maron<\/p><\/div>\n<p>Em ritmo de finaliza\u00e7\u00e3o de produ\u00e7\u00f5es, ensaios e estudos, alunos e professores do Col\u00e9gio Vit\u00f3ria est\u00e3o animados com a culmin\u00e2ncia do projeto pedag\u00f3gico interdisciplinar Rimas e Sons, nos dias 4 e 5 de setembro, pela manh\u00e3 e \u00e0 tarde, no Teatro Municipal de Ilh\u00e9us.<\/p>\n<p>Com o tema \u2018Livros, mentes e guarda-chuvas somente servem se os abrirmos\u2019, o projeto prop\u00f5e a amplia\u00e7\u00e3o do repert\u00f3rio cultural e a valoriza\u00e7\u00e3o das diversas manifesta\u00e7\u00f5es art\u00edsticas e culturais, como meio de transforma\u00e7\u00e3o e humaniza\u00e7\u00e3o. Este ano, a programa\u00e7\u00e3o acontece com exposi\u00e7\u00f5es, apresenta\u00e7\u00f5es de palco e performances no cal\u00e7ad\u00e3o Jorge Amado.<\/p>\n<p>Entre as tem\u00e1ticas tratadas est\u00e3o: a Ciranda e Brincadeiras Cantadas e Dan\u00e7adas; Sarau Liter\u00e1rio: semear leitura, florescer ideias com os escritores Tatiana Belinky, Ziraldo, Ruth Rocha, Ana Maria Machado e Eva Furnari; A Po\u00e9tica do Espa\u00e7o &#8211; instala\u00e7\u00f5es art\u00edsticas com os artistas Goca Moreno, Osmundo Teixeira, Carib\u00e9 e M\u00e1rio Cravo J\u00fanior; e Leitores e Seguidores: poesia no insta, a literatura no nosso tempo, poesia, can\u00e7\u00e3o e feminismo: pluralidade do belo.<\/p>\n<p>Nas diversas turmas do Vit\u00f3ria, nas unidades Sul e Centro, os \u00faltimos dias antes do evento est\u00e3o sendo de atividade intensa, para que tudo saia como planejado. As turmas do 6\u00b0 ano, por exemplo, que estudaram sobre o artista pl\u00e1stico Goca Moreno, tiveram a oportunidade de receber o artista para um bate-papo descontra\u00eddo e instrutivo.<\/p>\n<p>As turmas do 7\u00b0 ano receberam a visita de Lucinha Zugaib, para uma Oficina de Argila. Os alunos do 4\u00b0 ano convidaram a professora \u00c2ngela Damasceno para uma reflex\u00e3o sobre o livro Menina bonita do la\u00e7o de fita, de Ana Maria Machado. Estes s\u00e3o apenas exemplos da extensa produ\u00e7\u00e3o que alunos e professores prepararam para esta edi\u00e7\u00e3o do Rimas e Sons.<\/p>\n<p>Foto: Ana Carolina Melo &#8211; Diretora.<\/p>\n","protected":false},"excerpt":{"rendered":"<p>Em ritmo de finaliza\u00e7\u00e3o de produ\u00e7\u00f5es, ensaios e estudos, alunos e professores do Col\u00e9gio Vit\u00f3ria est\u00e3o animados com a culmin\u00e2ncia do projeto pedag\u00f3gico interdisciplinar Rimas e Sons, nos dias 4 e 5 de setembro, pela manh\u00e3 e \u00e0 tarde, no Teatro Municipal de Ilh\u00e9us. Com o tema \u2018Livros, mentes e guarda-chuvas somente servem se os [&hellip;]<\/p>\n","protected":false},"author":2,"featured_media":0,"comment_status":"open","ping_status":"open","sticky":false,"template":"","format":"standard","meta":{"_links_to":"","_links_to_target":""},"categories":[1],"tags":[],"_links":{"self":[{"href":"https:\/\/www.r2cpress.com.br\/v1\/wp-json\/wp\/v2\/posts\/120653"}],"collection":[{"href":"https:\/\/www.r2cpress.com.br\/v1\/wp-json\/wp\/v2\/posts"}],"about":[{"href":"https:\/\/www.r2cpress.com.br\/v1\/wp-json\/wp\/v2\/types\/post"}],"author":[{"embeddable":true,"href":"https:\/\/www.r2cpress.com.br\/v1\/wp-json\/wp\/v2\/users\/2"}],"replies":[{"embeddable":true,"href":"https:\/\/www.r2cpress.com.br\/v1\/wp-json\/wp\/v2\/comments?post=120653"}],"version-history":[{"count":1,"href":"https:\/\/www.r2cpress.com.br\/v1\/wp-json\/wp\/v2\/posts\/120653\/revisions"}],"predecessor-version":[{"id":120655,"href":"https:\/\/www.r2cpress.com.br\/v1\/wp-json\/wp\/v2\/posts\/120653\/revisions\/120655"}],"wp:attachment":[{"href":"https:\/\/www.r2cpress.com.br\/v1\/wp-json\/wp\/v2\/media?parent=120653"}],"wp:term":[{"taxonomy":"category","embeddable":true,"href":"https:\/\/www.r2cpress.com.br\/v1\/wp-json\/wp\/v2\/categories?post=120653"},{"taxonomy":"post_tag","embeddable":true,"href":"https:\/\/www.r2cpress.com.br\/v1\/wp-json\/wp\/v2\/tags?post=120653"}],"curies":[{"name":"wp","href":"https:\/\/api.w.org\/{rel}","templated":true}]}}