{"id":120681,"date":"2019-09-05T23:51:41","date_gmt":"2019-09-06T02:51:41","guid":{"rendered":"http:\/\/www.r2cpress.com.br\/v1\/?p=120681"},"modified":"2019-09-05T23:51:41","modified_gmt":"2019-09-06T02:51:41","slug":"do-fundo-do-bau-de-jose-leite-especial-68","status":"publish","type":"post","link":"https:\/\/www.r2cpress.com.br\/v1\/2019\/09\/05\/do-fundo-do-bau-de-jose-leite-especial-68\/","title":{"rendered":"DO FUNDO DO BA\u00da DE JOS\u00c9 LEITE ESPECIAL."},"content":{"rendered":"<p><a href=\"http:\/\/www.r2cpress.com.br\/v1\/wp-content\/uploads\/2018\/06\/BAU-NOVO-COM-400.jpg\"><img loading=\"lazy\" class=\"aligncenter size-medium wp-image-116348\" src=\"http:\/\/www.r2cpress.com.br\/v1\/wp-content\/uploads\/2018\/06\/BAU-NOVO-COM-400-300x218.jpg\" alt=\"\" width=\"300\" height=\"218\" srcset=\"https:\/\/www.r2cpress.com.br\/v1\/wp-content\/uploads\/2018\/06\/BAU-NOVO-COM-400-300x218.jpg 300w, https:\/\/www.r2cpress.com.br\/v1\/wp-content\/uploads\/2018\/06\/BAU-NOVO-COM-400.jpg 400w\" sizes=\"(max-width: 300px) 100vw, 300px\" \/><\/a><\/p>\n<p style=\"text-align: center;\"><strong>1) O HOMEM DO TERNO MARROM.<\/strong><\/p>\n<p style=\"text-align: center;\"><strong>2) AMIGOS QUE A GENTE NUNCA ESQUECE.<\/strong><\/p>\n<p style=\"text-align: center;\"><strong>3) AS FOTOS DESTAQUES DA SEMANA.<\/strong><!--more--><\/p>\n<p><strong>1) O HOMEM DO TERNO MARROM.<\/strong><\/p>\n<p style=\"text-align: center;\">O Jornalista e Radialista OSWALDO BERNARDES DE SOUZA, natural de SALVADOR, chegou em ILH\u00c9US no final da d\u00e9cada de 1950. Em 1959 fundou a R\u00c1DIO JORNAL DE ILH\u00c9US e tempos depois, fundou a R\u00c1DIO JORNAL DE ITAPETINGA. Na pol\u00edtica, foi vereador e chegou a ser candidato a Prefeito de ILH\u00c9US, mas perdeu. OSWALDO BERNARDES tamb\u00e9m foi um dos Fundadores da R\u00c1DIO SOCIEDADE DA BAHIA. O seu programa, apresentado em hor\u00e1rio nobre, na R\u00c1DIO JORNAL DE ILH\u00c9US, era de grande audi\u00eancia. Teve uma \u00e9poca que OSWALDO BERNARDES s\u00f3 usava TERNO MARROM e ficou muito conhecido como O HOMEM DO TERNO MARROM. Outro destaque da vida de OSWALDO BERNARDES, foi como MA\u00c7OM, foi um dos fundadores da LOJA MA\u00c7\u00d4NICA VIGIL\u00c2NCIA E RESIST\u00caNCIA em ILH\u00c9US, chegando ao Grau 33, e publicou v\u00e1rios Livros sobre a MA\u00c7ONARIA. Tamb\u00e9m foi Diretor Presidente do peri\u00f3dico MUNDO MA\u00c7\u00d4NICO, que durante muitos anos, circulou em SALVADOR, ILH\u00c9US e outras cidades do interior da BAHIA. OSWALDO BERNARDES DE SOUZA foi um homem de destaque na cidade de ILH\u00c9US, mas at\u00e9 hoje, n\u00e3o existe um \u201cBECO\u201d ou uma \u201ctravessa\u201d, para n\u00e3o falar em uma Rua, homenageando \u201cO HOMEM DO TERNO MARROM\u201d. OSWALDO BERNARDES DE SOUZA nasceu em SALVADOR \u2013 BA em 08-12-1912 e faleceu em SALVADOR \u2013 BA em 18-04-1994 aos 82 anos.<a href=\"http:\/\/www.r2cpress.com.br\/v1\/wp-content\/uploads\/2019\/09\/1-2.jpg\"><img loading=\"lazy\" class=\"aligncenter size-full wp-image-120682\" src=\"http:\/\/www.r2cpress.com.br\/v1\/wp-content\/uploads\/2019\/09\/1-2.jpg\" alt=\"\" width=\"206\" height=\"253\" \/><\/a><\/p>\n<p style=\"text-align: center;\">OSWALDO BERNARDES DE SOUZA escrevendo na sua m\u00e1quina de datilografia, uma das Cr\u00f4nicas Di\u00e1rias para ser lida no seu Programa na R\u00c1DIO JORNAL DE ILH\u00c9US.<a href=\"http:\/\/www.r2cpress.com.br\/v1\/wp-content\/uploads\/2019\/09\/2-71.jpg\"><img loading=\"lazy\" class=\"aligncenter size-medium wp-image-120683\" src=\"http:\/\/www.r2cpress.com.br\/v1\/wp-content\/uploads\/2019\/09\/2-71-257x300.jpg\" alt=\"\" width=\"257\" height=\"300\" srcset=\"https:\/\/www.r2cpress.com.br\/v1\/wp-content\/uploads\/2019\/09\/2-71-257x300.jpg 257w, https:\/\/www.r2cpress.com.br\/v1\/wp-content\/uploads\/2019\/09\/2-71.jpg 513w\" sizes=\"(max-width: 257px) 100vw, 257px\" \/><\/a><\/p>\n<p style=\"text-align: center;\">O saudoso Irm\u00e3o Ma\u00e7om OSWALDO BERNARDES DE SOUZA Vener\u00e1vel da LOJA MA\u00c7\u00d4NICA VIGIL\u00c2NCIA E RESIST\u00caNCIA (lado direito) homenageando o Saudoso IRM\u00c3O DURVAL CARDOSO. Aparece na foto, o Saudoso Ma\u00e7om DEUSDETE DO CARMO (Gr\u00e1fica Do Carmo). (Foto: d\u00e9cada de 1970).<a href=\"http:\/\/www.r2cpress.com.br\/v1\/wp-content\/uploads\/2019\/09\/3-59-1.jpg\"><img loading=\"lazy\" class=\"aligncenter size-medium wp-image-120685\" src=\"http:\/\/www.r2cpress.com.br\/v1\/wp-content\/uploads\/2019\/09\/3-59-1-300x229.jpg\" alt=\"\" width=\"300\" height=\"229\" srcset=\"https:\/\/www.r2cpress.com.br\/v1\/wp-content\/uploads\/2019\/09\/3-59-1-300x229.jpg 300w, https:\/\/www.r2cpress.com.br\/v1\/wp-content\/uploads\/2019\/09\/3-59-1.jpg 600w\" sizes=\"(max-width: 300px) 100vw, 300px\" \/><\/a><\/p>\n<p style=\"text-align: center;\">Os dois saudosos Ma\u00e7ons brindando numa Solenidade Festiva da MA\u00c7ONARIA. DURVAL CARDOSO e OSWALDO BERNARDES.<a href=\"http:\/\/www.r2cpress.com.br\/v1\/wp-content\/uploads\/2019\/09\/4-57.jpg\"><img loading=\"lazy\" class=\"aligncenter size-medium wp-image-120686\" src=\"http:\/\/www.r2cpress.com.br\/v1\/wp-content\/uploads\/2019\/09\/4-57-300x169.jpg\" alt=\"\" width=\"300\" height=\"169\" srcset=\"https:\/\/www.r2cpress.com.br\/v1\/wp-content\/uploads\/2019\/09\/4-57-300x169.jpg 300w, https:\/\/www.r2cpress.com.br\/v1\/wp-content\/uploads\/2019\/09\/4-57.jpg 366w\" sizes=\"(max-width: 300px) 100vw, 300px\" \/><\/a><\/p>\n<p style=\"text-align: center;\">Visita de OSWALDO BERNARDES DE SOUZA FILHO (OSWALDINHO) a JOS\u00c9 LEITE em (12-03-2019). OSWALDINHO \u00e9 um dos filhos de OSWALDO BERNARDES (que teve 3 filhos). Atualmente, residindo em SALVADOR, estava com 27 anos que n\u00e3o visitava ILH\u00c9US. OSWALDINHO, naquela \u00e9poca, era o Diretor do Jornal Tabloide, BAHIA ONTEM E HOJE. Filho do Popular Pol\u00edtico, o saudoso OSWALDO BERNARDES DE SOUZA que na d\u00e9cada de 1960 foi vereador e Candidato a Prefeito de ILH\u00c9US. Propriet\u00e1rio da saudosa R\u00c1DIO JORNAL DE ILH\u00c9US e foi um dos fundadores da LOJA MA\u00c7\u00d4NICA VIGIL\u00c2NCIA E RESIST\u00caNCIA. OSWALDINHO atualmente \u00e9 dono de uma Ag\u00eancia de Turismo na Capital Baiana. Na foto: JOS\u00c9 LEITE e OSWALDINHO.<\/p>\n<p style=\"text-align: center;\">GOSTEI DA VISITA AMIGO, APARE\u00c7A SEMPRE!<a href=\"http:\/\/www.r2cpress.com.br\/v1\/wp-content\/uploads\/2019\/09\/5-55.jpg\"><img loading=\"lazy\" class=\"aligncenter size-medium wp-image-120687\" src=\"http:\/\/www.r2cpress.com.br\/v1\/wp-content\/uploads\/2019\/09\/5-55-222x300.jpg\" alt=\"\" width=\"222\" height=\"300\" srcset=\"https:\/\/www.r2cpress.com.br\/v1\/wp-content\/uploads\/2019\/09\/5-55-222x300.jpg 222w, https:\/\/www.r2cpress.com.br\/v1\/wp-content\/uploads\/2019\/09\/5-55.jpg 444w\" sizes=\"(max-width: 222px) 100vw, 222px\" \/><\/a><\/p>\n<p style=\"text-align: center;\">Livro sobre a MA\u00c7ONARIA escrito por OSWALDO BERNARDES DE SOUZA.<a href=\"http:\/\/www.r2cpress.com.br\/v1\/wp-content\/uploads\/2019\/09\/6-55.jpg\"><img loading=\"lazy\" class=\"aligncenter size-medium wp-image-120688\" src=\"http:\/\/www.r2cpress.com.br\/v1\/wp-content\/uploads\/2019\/09\/6-55-300x208.jpg\" alt=\"\" width=\"300\" height=\"208\" srcset=\"https:\/\/www.r2cpress.com.br\/v1\/wp-content\/uploads\/2019\/09\/6-55-300x208.jpg 300w, https:\/\/www.r2cpress.com.br\/v1\/wp-content\/uploads\/2019\/09\/6-55-768x532.jpg 768w, https:\/\/www.r2cpress.com.br\/v1\/wp-content\/uploads\/2019\/09\/6-55.jpg 861w\" sizes=\"(max-width: 300px) 100vw, 300px\" \/><\/a><\/p>\n<p style=\"text-align: center;\">Mais dois Livros escritos pelo MA\u00c7OM OSWALDO BERNARDES DE SOUZA.<\/p>\n<p style=\"text-align: center;\"><strong>2) AMIGOS QUE A GENTE NUNCA ESQUECE.<a href=\"http:\/\/www.r2cpress.com.br\/v1\/wp-content\/uploads\/2019\/09\/7-55.jpg\"><img loading=\"lazy\" class=\"aligncenter size-medium wp-image-120689\" src=\"http:\/\/www.r2cpress.com.br\/v1\/wp-content\/uploads\/2019\/09\/7-55-300x225.jpg\" alt=\"\" width=\"300\" height=\"225\" srcset=\"https:\/\/www.r2cpress.com.br\/v1\/wp-content\/uploads\/2019\/09\/7-55-300x225.jpg 300w, https:\/\/www.r2cpress.com.br\/v1\/wp-content\/uploads\/2019\/09\/7-55.jpg 600w\" sizes=\"(max-width: 300px) 100vw, 300px\" \/><\/a><\/strong><\/p>\n<p style=\"text-align: center;\">Amigos da \u201cTURMA DA PRA\u00c7A PADRE C\u00cdCERO\u201d. Destaque para o amigo Radialista ALU\u00cdSIO FILHO, que aparece no centro da foto (camisa preta).<\/p>\n<p style=\"text-align: center;\">(Foto: 01-09-2019).<a href=\"http:\/\/www.r2cpress.com.br\/v1\/wp-content\/uploads\/2019\/09\/8-55.jpg\"><img loading=\"lazy\" class=\"aligncenter size-medium wp-image-120690\" src=\"http:\/\/www.r2cpress.com.br\/v1\/wp-content\/uploads\/2019\/09\/8-55-300x200.jpg\" alt=\"\" width=\"300\" height=\"200\" srcset=\"https:\/\/www.r2cpress.com.br\/v1\/wp-content\/uploads\/2019\/09\/8-55-300x200.jpg 300w, https:\/\/www.r2cpress.com.br\/v1\/wp-content\/uploads\/2019\/09\/8-55.jpg 309w\" sizes=\"(max-width: 300px) 100vw, 300px\" \/><\/a><\/p>\n<p style=\"text-align: center;\">Os amigos ROQUE FRAGA (Pai) e MAZINHO FRAGA (Filho).<a href=\"http:\/\/www.r2cpress.com.br\/v1\/wp-content\/uploads\/2019\/09\/9-55.jpg\"><img loading=\"lazy\" class=\"aligncenter size-medium wp-image-120691\" src=\"http:\/\/www.r2cpress.com.br\/v1\/wp-content\/uploads\/2019\/09\/9-55-300x200.jpg\" alt=\"\" width=\"300\" height=\"200\" srcset=\"https:\/\/www.r2cpress.com.br\/v1\/wp-content\/uploads\/2019\/09\/9-55-300x200.jpg 300w, https:\/\/www.r2cpress.com.br\/v1\/wp-content\/uploads\/2019\/09\/9-55.jpg 309w\" sizes=\"(max-width: 300px) 100vw, 300px\" \/><\/a><\/p>\n<p style=\"text-align: center;\">Amigos felizes em JUAZEIRO DO NORTE. Da esquerda para a direita, Professora MARIA WILMA ROSA DIAS DE ANDRADE, seu esposo Cel. GERALDO DIAS DE ANDRADE, RAILDO NASCIMENTO e JORGE CARDOSO. (Foto: 22-07-2019).<a href=\"http:\/\/www.r2cpress.com.br\/v1\/wp-content\/uploads\/2019\/09\/10-55.jpg\"><img loading=\"lazy\" class=\"aligncenter size-medium wp-image-120692\" src=\"http:\/\/www.r2cpress.com.br\/v1\/wp-content\/uploads\/2019\/09\/10-55-300x225.jpg\" alt=\"\" width=\"300\" height=\"225\" srcset=\"https:\/\/www.r2cpress.com.br\/v1\/wp-content\/uploads\/2019\/09\/10-55-300x225.jpg 300w, https:\/\/www.r2cpress.com.br\/v1\/wp-content\/uploads\/2019\/09\/10-55.jpg 600w\" sizes=\"(max-width: 300px) 100vw, 300px\" \/><\/a><\/p>\n<p style=\"text-align: center;\">JOS\u00c9 LEITE recebendo do amigo e escritor ISMERALDO PEREIRA, um Livro de sua autoria. (Foto: 26-08-2019).<a href=\"http:\/\/www.r2cpress.com.br\/v1\/wp-content\/uploads\/2019\/09\/11-56.jpg\"><img loading=\"lazy\" class=\"aligncenter size-medium wp-image-120693\" src=\"http:\/\/www.r2cpress.com.br\/v1\/wp-content\/uploads\/2019\/09\/11-56-300x225.jpg\" alt=\"\" width=\"300\" height=\"225\" srcset=\"https:\/\/www.r2cpress.com.br\/v1\/wp-content\/uploads\/2019\/09\/11-56-300x225.jpg 300w, https:\/\/www.r2cpress.com.br\/v1\/wp-content\/uploads\/2019\/09\/11-56.jpg 600w\" sizes=\"(max-width: 300px) 100vw, 300px\" \/><\/a><\/p>\n<p style=\"text-align: center;\">Na \u00faltima segunda feira (02-09-2019) JOS\u00c9 LEITE recebeu a visita do amigo Dr. ROBERTO MARINHO, n\u00e3o \u00e9 o da REDE GLOBO, mas \u00e9 um grande advogado de destaque na nossa cidade de ILH\u00c9US.<\/p>\n<p style=\"text-align: center;\"><strong>3) AS FOTOS DESTAQUES DA SEMANA.<a href=\"http:\/\/www.r2cpress.com.br\/v1\/wp-content\/uploads\/2019\/09\/12-55.jpg\"><img loading=\"lazy\" class=\"aligncenter size-medium wp-image-120694\" src=\"http:\/\/www.r2cpress.com.br\/v1\/wp-content\/uploads\/2019\/09\/12-55-300x225.jpg\" alt=\"\" width=\"300\" height=\"225\" srcset=\"https:\/\/www.r2cpress.com.br\/v1\/wp-content\/uploads\/2019\/09\/12-55-300x225.jpg 300w, https:\/\/www.r2cpress.com.br\/v1\/wp-content\/uploads\/2019\/09\/12-55.jpg 600w\" sizes=\"(max-width: 300px) 100vw, 300px\" \/><\/a><\/strong><\/p>\n<p style=\"text-align: center;\">Aconteceu na \u00faltima ter\u00e7a-feira (03-09-2019) no Sal\u00e3o Nobre da ASSOCIA\u00c7\u00c3O COMERCIAL DE ILH\u00c9US, o IV ENCONTRO EMPRESARIAL DE ILH\u00c9US, onde foram apresentadas as novas Linhas de Cr\u00e9ditos especiais do BANCO DO NORDESTE DO BRASIL (BNB) e Investimentos de ENERGIA SOLAR. JOS\u00c9 LEITE estava l\u00e1.<a href=\"http:\/\/www.r2cpress.com.br\/v1\/wp-content\/uploads\/2019\/09\/13-56.jpg\"><img loading=\"lazy\" class=\"aligncenter size-medium wp-image-120695\" src=\"http:\/\/www.r2cpress.com.br\/v1\/wp-content\/uploads\/2019\/09\/13-56-219x300.jpg\" alt=\"\" width=\"219\" height=\"300\" srcset=\"https:\/\/www.r2cpress.com.br\/v1\/wp-content\/uploads\/2019\/09\/13-56-219x300.jpg 219w, https:\/\/www.r2cpress.com.br\/v1\/wp-content\/uploads\/2019\/09\/13-56.jpg 452w\" sizes=\"(max-width: 219px) 100vw, 219px\" \/><\/a><\/p>\n<p style=\"text-align: center;\">Um pouco da hist\u00f3ria do COL\u00c9GIO NOSSA SENHORA DA PIEDADE, fundada pela saudosa e Veneranda MADRE MARIA THA\u00cdS. Foto: Edi\u00e7\u00e3o do JORNAL DI\u00c1RIO DA TARDE de 16-09-1941.<a href=\"http:\/\/www.r2cpress.com.br\/v1\/wp-content\/uploads\/2019\/09\/14-54.jpg\"><img loading=\"lazy\" class=\"aligncenter size-medium wp-image-120696\" src=\"http:\/\/www.r2cpress.com.br\/v1\/wp-content\/uploads\/2019\/09\/14-54-244x300.jpg\" alt=\"\" width=\"244\" height=\"300\" srcset=\"https:\/\/www.r2cpress.com.br\/v1\/wp-content\/uploads\/2019\/09\/14-54-244x300.jpg 244w, https:\/\/www.r2cpress.com.br\/v1\/wp-content\/uploads\/2019\/09\/14-54.jpg 488w\" sizes=\"(max-width: 244px) 100vw, 244px\" \/><\/a><\/p>\n<p style=\"text-align: center;\">Aconteceu hoje (05-09-2019) na Prefeitura Municipal de JUAZEIRO DO NORTE, a abertura dos envelopes da LICITA\u00c7\u00c3O PARA A CONSTRU\u00c7\u00c3O DA EST\u00c1TUA DE SEU LUNGA. Apenas 2 Propostas participaram, e o ganhador foi o ESCULTOR e ARTISTA PL\u00c1STICO, RANILSON VIANA (foto) de PETROLINA-PERNAMBUCO.<\/p>\n<p style=\"text-align: center;\"><strong>E NO MAIS&#8230;<a href=\"http:\/\/www.r2cpress.com.br\/v1\/wp-content\/uploads\/2019\/09\/15-50.jpg\"><img loading=\"lazy\" class=\"aligncenter size-medium wp-image-120697\" src=\"http:\/\/www.r2cpress.com.br\/v1\/wp-content\/uploads\/2019\/09\/15-50-287x300.jpg\" alt=\"\" width=\"287\" height=\"300\" srcset=\"https:\/\/www.r2cpress.com.br\/v1\/wp-content\/uploads\/2019\/09\/15-50-287x300.jpg 287w, https:\/\/www.r2cpress.com.br\/v1\/wp-content\/uploads\/2019\/09\/15-50.jpg 573w\" sizes=\"(max-width: 287px) 100vw, 287px\" \/><\/a><\/strong><\/p>\n<p style=\"text-align: center;\">AGORA \u00c9 PRA VALER!<\/p>\n<p style=\"text-align: center;\">Muito em breve, na cidade de JUAZEIRO DO NORTE, estar\u00e1 sendo inaugurada a EST\u00c1TUA DE SEU LUNGA. PARAB\u00c9NS, PREFEITO ARNON BEZERRA! PARAB\u00c9NS, SECRET\u00c1RIO DE TURISMO FEITOSA J\u00daNIOR!<\/p>\n<p style=\"text-align: center;\"><em><strong>PARA CONFERIR O BA\u00da ANTERIOR, CLICK <a href=\"http:\/\/www.r2cpress.com.br\/v1\/2019\/08\/29\/do-fundo-do-bau-de-jose-leite-364\/\"><span style=\"color: #ff0000;\">AQUI<\/span><\/a><\/strong><\/em><\/p>\n<p style=\"text-align: center;\">Texto e fotos: Jos\u00e9 Leite de Souza<\/p>\n<p style=\"text-align: center;\">jleitesouza@hotmail.com<\/p>\n<p style=\"text-align: center;\">(73) 3634-3134<\/p>\n","protected":false},"excerpt":{"rendered":"<p>1) O HOMEM DO TERNO MARROM. 2) AMIGOS QUE A GENTE NUNCA ESQUECE. 3) AS FOTOS DESTAQUES DA SEMANA.<\/p>\n","protected":false},"author":2,"featured_media":0,"comment_status":"open","ping_status":"open","sticky":false,"template":"","format":"standard","meta":{"_links_to":"","_links_to_target":""},"categories":[39],"tags":[],"_links":{"self":[{"href":"https:\/\/www.r2cpress.com.br\/v1\/wp-json\/wp\/v2\/posts\/120681"}],"collection":[{"href":"https:\/\/www.r2cpress.com.br\/v1\/wp-json\/wp\/v2\/posts"}],"about":[{"href":"https:\/\/www.r2cpress.com.br\/v1\/wp-json\/wp\/v2\/types\/post"}],"author":[{"embeddable":true,"href":"https:\/\/www.r2cpress.com.br\/v1\/wp-json\/wp\/v2\/users\/2"}],"replies":[{"embeddable":true,"href":"https:\/\/www.r2cpress.com.br\/v1\/wp-json\/wp\/v2\/comments?post=120681"}],"version-history":[{"count":1,"href":"https:\/\/www.r2cpress.com.br\/v1\/wp-json\/wp\/v2\/posts\/120681\/revisions"}],"predecessor-version":[{"id":120698,"href":"https:\/\/www.r2cpress.com.br\/v1\/wp-json\/wp\/v2\/posts\/120681\/revisions\/120698"}],"wp:attachment":[{"href":"https:\/\/www.r2cpress.com.br\/v1\/wp-json\/wp\/v2\/media?parent=120681"}],"wp:term":[{"taxonomy":"category","embeddable":true,"href":"https:\/\/www.r2cpress.com.br\/v1\/wp-json\/wp\/v2\/categories?post=120681"},{"taxonomy":"post_tag","embeddable":true,"href":"https:\/\/www.r2cpress.com.br\/v1\/wp-json\/wp\/v2\/tags?post=120681"}],"curies":[{"name":"wp","href":"https:\/\/api.w.org\/{rel}","templated":true}]}}