{"id":120780,"date":"2019-09-19T21:13:20","date_gmt":"2019-09-20T00:13:20","guid":{"rendered":"http:\/\/www.r2cpress.com.br\/v1\/?p=120780"},"modified":"2019-09-19T21:13:20","modified_gmt":"2019-09-20T00:13:20","slug":"do-fundo-do-bau-de-jose-leite-especial-69","status":"publish","type":"post","link":"https:\/\/www.r2cpress.com.br\/v1\/2019\/09\/19\/do-fundo-do-bau-de-jose-leite-especial-69\/","title":{"rendered":"DO FUNDO DO BA\u00da DE JOS\u00c9 LEITE ESPECIAL"},"content":{"rendered":"<p style=\"text-align: center;\"><a href=\"http:\/\/www.r2cpress.com.br\/v1\/wp-content\/uploads\/2018\/06\/BAU-NOVO-COM-400.jpg\"><img loading=\"lazy\" class=\"aligncenter size-medium wp-image-116348\" src=\"http:\/\/www.r2cpress.com.br\/v1\/wp-content\/uploads\/2018\/06\/BAU-NOVO-COM-400-300x218.jpg\" alt=\"\" width=\"300\" height=\"218\" srcset=\"https:\/\/www.r2cpress.com.br\/v1\/wp-content\/uploads\/2018\/06\/BAU-NOVO-COM-400-300x218.jpg 300w, https:\/\/www.r2cpress.com.br\/v1\/wp-content\/uploads\/2018\/06\/BAU-NOVO-COM-400.jpg 400w\" sizes=\"(max-width: 300px) 100vw, 300px\" \/><\/a><strong>1) PARAB\u00c9NS CDL DE ILH\u00c9US, PELOS SEUS 45 ANOS.<\/strong><\/p>\n<p style=\"text-align: center;\"><strong>2) JOS\u00c9 LEITE VISITANDO AMIGOS EM JUAZEIRO DO NORTE.<\/strong><\/p>\n<p style=\"text-align: center;\"><strong>3) DICAS DE LEITURA PARA CONHECER MAIS A HIST\u00d3RIA DE ILH\u00c9US.<\/strong><\/p>\n<p style=\"text-align: center;\"><strong>4) AS FOTOS DESTAQUES DA SEMANA.<\/strong><!--more--><\/p>\n<p style=\"text-align: center;\"><strong>1) PARAB\u00c9NS CDL DE ILH\u00c9US, PELOS SEUS 45 ANOS.<\/strong><\/p>\n<p style=\"text-align: center;\">No dia 20 de Setembro de 1974 (45 anos atr\u00e1s), no Sal\u00e3o Nobre da ASSOCIA\u00c7\u00c3O COMERCIAL DE ILH\u00c9US, com a presen\u00e7a de 30 Lojistas Ilheenses e mais o Lojista Itabunense\/Ilheense, MILTON VELOSO (Presidente do CLUBE DE DIRETORES LOJISTAS DE ITABUNA, na \u00e9poca) , foi fundado o CLUBE DE DIRETORES LOJISTAS DE ILH\u00c9US, atual C\u00c2MARA DE DIRIGENTES LOJISTAS.<\/p>\n<p style=\"text-align: center;\">Naquela noite hist\u00f3rica que transformaria o Com\u00e9rcio de ILH\u00c9US para melhor, foi escolhida a Nova Diretoria, sendo nomeado por aclama\u00e7\u00e3o o Lojista MOIS\u00c9S BOHANA como seu primeiro Presidente, que em seguida anunciou os Nomes para Compor a NOVA DIRETORIA. Com muito orgulho e emo\u00e7\u00e3o, JOS\u00c9 LEITE DE SOUZA foi escolhido como Diretor de Rela\u00e7\u00f5es P\u00fablicas. OBRIGADO AMIGO E COMPANHEIRO MOIS\u00c9S BOHANA e outros companheiros que j\u00e1 se foram, voc\u00eas plantaram uma semente que continua dando bons frutos 45 anos depois. PARAB\u00c9NS A DIRETORIA ATUAL, A TODOS ASSOCIADOS E AOS FUNCION\u00c1RIOS DO CDL DE ILH\u00c9US!<a href=\"http:\/\/www.r2cpress.com.br\/v1\/wp-content\/uploads\/2019\/09\/1-74.jpg\"><img loading=\"lazy\" class=\"aligncenter size-medium wp-image-120781\" src=\"http:\/\/www.r2cpress.com.br\/v1\/wp-content\/uploads\/2019\/09\/1-74-300x225.jpg\" alt=\"\" width=\"300\" height=\"225\" srcset=\"https:\/\/www.r2cpress.com.br\/v1\/wp-content\/uploads\/2019\/09\/1-74-300x225.jpg 300w, https:\/\/www.r2cpress.com.br\/v1\/wp-content\/uploads\/2019\/09\/1-74.jpg 600w\" sizes=\"(max-width: 300px) 100vw, 300px\" \/><\/a><\/p>\n<p style=\"text-align: center;\">Confraterniza\u00e7\u00e3o entre Lojistas na Resid\u00eancia do Presidente do CDL, na \u00e9poca, MOIS\u00c9S BOHANA. Na foto, da esquerda para a direita: o saudoso ANT\u00d4NIO DRUBI (JUAZEIRO DA BAHIA), o saudoso ISRAEL PORTNOI (Saudosa Lojas Ip\u00ea), NELSON BRAND\u00c3O (Na \u00e9poca, Presidente da FEDERA\u00c7\u00c3O DOS LOJISTAS DA BAHIA), o saudoso MILTON VELOSO (DOLL MODAS), o saudoso MOIS\u00c9S BOHANA (BOHANA E CIA), AFONSO AMORA (conterr\u00e2neo de JOS\u00c9 LEITE, e na \u00e9poca, morava em JUAZEIRO- BA) e JOS\u00c9 LEITE DE SOUZA (com um salgadinho na boca).<a href=\"http:\/\/www.r2cpress.com.br\/v1\/wp-content\/uploads\/2019\/09\/2-73.jpg\"><img loading=\"lazy\" class=\"aligncenter size-medium wp-image-120782\" src=\"http:\/\/www.r2cpress.com.br\/v1\/wp-content\/uploads\/2019\/09\/2-73-300x159.jpg\" alt=\"\" width=\"300\" height=\"159\" srcset=\"https:\/\/www.r2cpress.com.br\/v1\/wp-content\/uploads\/2019\/09\/2-73-300x159.jpg 300w, https:\/\/www.r2cpress.com.br\/v1\/wp-content\/uploads\/2019\/09\/2-73.jpg 600w\" sizes=\"(max-width: 300px) 100vw, 300px\" \/><\/a><\/p>\n<p style=\"text-align: center;\">Not\u00edcias do INFORMATIVO DO CDL LOJISTA ILH\u00c9US, edi\u00e7\u00e3o n\u00ba 2 \u2013 Setembro\/Outubro de 1991.<a href=\"http:\/\/www.r2cpress.com.br\/v1\/wp-content\/uploads\/2019\/09\/3-62.jpg\"><img loading=\"lazy\" class=\"aligncenter size-medium wp-image-120783\" src=\"http:\/\/www.r2cpress.com.br\/v1\/wp-content\/uploads\/2019\/09\/3-62-166x300.jpg\" alt=\"\" width=\"166\" height=\"300\" srcset=\"https:\/\/www.r2cpress.com.br\/v1\/wp-content\/uploads\/2019\/09\/3-62-166x300.jpg 166w, https:\/\/www.r2cpress.com.br\/v1\/wp-content\/uploads\/2019\/09\/3-62.jpg 332w\" sizes=\"(max-width: 166px) 100vw, 166px\" \/><\/a><a href=\"http:\/\/www.r2cpress.com.br\/v1\/wp-content\/uploads\/2019\/09\/4-59.jpg\"><img loading=\"lazy\" class=\"aligncenter size-medium wp-image-120784\" src=\"http:\/\/www.r2cpress.com.br\/v1\/wp-content\/uploads\/2019\/09\/4-59-300x190.jpg\" alt=\"\" width=\"300\" height=\"190\" srcset=\"https:\/\/www.r2cpress.com.br\/v1\/wp-content\/uploads\/2019\/09\/4-59-300x190.jpg 300w, https:\/\/www.r2cpress.com.br\/v1\/wp-content\/uploads\/2019\/09\/4-59.jpg 600w\" sizes=\"(max-width: 300px) 100vw, 300px\" \/><\/a><\/p>\n<p style=\"text-align: center;\">28 Anos depois dessa mat\u00e9ria, em vez de melhorar, piorou 100% e ningu\u00e9m faz nada.<a href=\"http:\/\/www.r2cpress.com.br\/v1\/wp-content\/uploads\/2019\/09\/5-57.jpg\"><img loading=\"lazy\" class=\"aligncenter size-medium wp-image-120785\" src=\"http:\/\/www.r2cpress.com.br\/v1\/wp-content\/uploads\/2019\/09\/5-57-275x300.jpg\" alt=\"\" width=\"275\" height=\"300\" srcset=\"https:\/\/www.r2cpress.com.br\/v1\/wp-content\/uploads\/2019\/09\/5-57-275x300.jpg 275w, https:\/\/www.r2cpress.com.br\/v1\/wp-content\/uploads\/2019\/09\/5-57.jpg 404w\" sizes=\"(max-width: 275px) 100vw, 275px\" \/><\/a><a href=\"http:\/\/www.r2cpress.com.br\/v1\/wp-content\/uploads\/2019\/09\/6-57.jpg\"><img loading=\"lazy\" class=\"aligncenter size-medium wp-image-120786\" src=\"http:\/\/www.r2cpress.com.br\/v1\/wp-content\/uploads\/2019\/09\/6-57-300x211.jpg\" alt=\"\" width=\"300\" height=\"211\" srcset=\"https:\/\/www.r2cpress.com.br\/v1\/wp-content\/uploads\/2019\/09\/6-57-300x211.jpg 300w, https:\/\/www.r2cpress.com.br\/v1\/wp-content\/uploads\/2019\/09\/6-57.jpg 600w\" sizes=\"(max-width: 300px) 100vw, 300px\" \/><\/a><\/p>\n<p style=\"text-align: center;\">Funcion\u00e1rias da CDL em 1991.<\/p>\n<p style=\"text-align: center;\"><strong>2) JOS\u00c9 LEITE VISITANDO AMIGOS EM JUAZEIRO DO NORTE.<\/strong><a href=\"http:\/\/www.r2cpress.com.br\/v1\/wp-content\/uploads\/2019\/09\/7-57.jpg\"><img loading=\"lazy\" class=\"aligncenter size-medium wp-image-120787\" src=\"http:\/\/www.r2cpress.com.br\/v1\/wp-content\/uploads\/2019\/09\/7-57-300x198.jpg\" alt=\"\" width=\"300\" height=\"198\" srcset=\"https:\/\/www.r2cpress.com.br\/v1\/wp-content\/uploads\/2019\/09\/7-57-300x198.jpg 300w, https:\/\/www.r2cpress.com.br\/v1\/wp-content\/uploads\/2019\/09\/7-57.jpg 600w\" sizes=\"(max-width: 300px) 100vw, 300px\" \/><\/a><\/p>\n<p style=\"text-align: center;\">No \u00faltimo final de semana. Na 1\u00aa foto: Encontro com o Artista Pl\u00e1stico GILSON ESCULTOR que construiu o BUSTO DE Dr. FLORO DA COSTA, doado por JOS\u00c9 LEITE na comemora\u00e7\u00e3o do Centen\u00e1rio de JUAZEIRO DO NORTE (22-07-2011).<\/p>\n<p style=\"text-align: center;\">Na 2\u00aa foto: JOS\u00c9 LEITE e o Professor EDMILSON MARTINS, o maior CIN\u00c9FILO da Regi\u00e3o do CARIRI.<a href=\"http:\/\/www.r2cpress.com.br\/v1\/wp-content\/uploads\/2019\/09\/8-57.jpg\"><img loading=\"lazy\" class=\"aligncenter size-medium wp-image-120788\" src=\"http:\/\/www.r2cpress.com.br\/v1\/wp-content\/uploads\/2019\/09\/8-57-300x156.jpg\" alt=\"\" width=\"300\" height=\"156\" srcset=\"https:\/\/www.r2cpress.com.br\/v1\/wp-content\/uploads\/2019\/09\/8-57-300x156.jpg 300w, https:\/\/www.r2cpress.com.br\/v1\/wp-content\/uploads\/2019\/09\/8-57.jpg 600w\" sizes=\"(max-width: 300px) 100vw, 300px\" \/><\/a><\/p>\n<p style=\"text-align: center;\">Na 1\u00aa foto: JOS\u00c9 LEITE ao lado da amiga Professora C\u00c9LIA MORAES.<\/p>\n<p style=\"text-align: center;\">Na 2\u00aa foto: JOS\u00c9 LEITE, ST\u00caNIO e o primo FRAN\u00c7A LEITE.<a href=\"http:\/\/www.r2cpress.com.br\/v1\/wp-content\/uploads\/2019\/09\/9-57.jpg\"><img loading=\"lazy\" class=\"aligncenter size-medium wp-image-120789\" src=\"http:\/\/www.r2cpress.com.br\/v1\/wp-content\/uploads\/2019\/09\/9-57-300x247.jpg\" alt=\"\" width=\"300\" height=\"247\" srcset=\"https:\/\/www.r2cpress.com.br\/v1\/wp-content\/uploads\/2019\/09\/9-57-300x247.jpg 300w, https:\/\/www.r2cpress.com.br\/v1\/wp-content\/uploads\/2019\/09\/9-57.jpg 600w\" sizes=\"(max-width: 300px) 100vw, 300px\" \/><\/a><\/p>\n<p style=\"text-align: center;\">Na 1\u00aa foto, JOS\u00c9 LEITE com a amiga EDNA ROMEIRO que est\u00e1 representando, como \u00e1rbitra, a cidade de JUAZEIRO DO NORTE no CAMPEONATO SUL AMERICANO E PAN AMERICANO DE KARAT\u00ca, de 17 a 25 de setembro em BUENOS AIRES \u2013 ARGENTINA. BOA SORTE AMIGA!<\/p>\n<p style=\"text-align: center;\">Na 2\u00aa foto: Visita a SECRETARIA DE TURISMO E ROMARIA DE JUAZEIRO DO NORTE. Na foto, da esquerda para a direita: o Secret\u00e1rio FEITOSA J\u00daNIOR, ROS\u00c2NGELA TEN\u00d3RIO, JOS\u00c9 LEITE e a Dr\u00aa. FL\u00c1VIA SOARES.<a href=\"http:\/\/www.r2cpress.com.br\/v1\/wp-content\/uploads\/2019\/09\/10-57.jpg\"><img loading=\"lazy\" class=\"aligncenter size-medium wp-image-120790\" src=\"http:\/\/www.r2cpress.com.br\/v1\/wp-content\/uploads\/2019\/09\/10-57-300x215.jpg\" alt=\"\" width=\"300\" height=\"215\" srcset=\"https:\/\/www.r2cpress.com.br\/v1\/wp-content\/uploads\/2019\/09\/10-57-300x215.jpg 300w, https:\/\/www.r2cpress.com.br\/v1\/wp-content\/uploads\/2019\/09\/10-57.jpg 600w\" sizes=\"(max-width: 300px) 100vw, 300px\" \/><\/a><\/p>\n<p style=\"text-align: center;\">Come\u00e7ando o dia de s\u00e1bado (14-09-2019) com muita energia!<\/p>\n<p style=\"text-align: center;\">JOS\u00c9 LEITE e Dr. IDERVAL REGINALDO TEN\u00d3RIO saboreando um delicioso CALDO DE MOCOT\u00d3 no Mercado Municipal de JUAZEIRO DO NORTE.<\/p>\n<p style=\"text-align: center;\"><strong>3) DICAS DE LEITURA PARA CONHECER MAIS A CIDADE DE ILH\u00c9US.<\/strong><\/p>\n<p style=\"text-align: center;\">JOS\u00c9 LEITE GARANTE, LEIA ESSES QUATRO LIVROS E VOC\u00ca FICAR\u00c1 SABENDO QUASE TUDO SOBRE A LINDA CIDADE DE ILH\u00c9US!<a href=\"http:\/\/www.r2cpress.com.br\/v1\/wp-content\/uploads\/2019\/09\/11-58.jpg\"><img loading=\"lazy\" class=\"aligncenter size-medium wp-image-120791\" src=\"http:\/\/www.r2cpress.com.br\/v1\/wp-content\/uploads\/2019\/09\/11-58-300x220.jpg\" alt=\"\" width=\"300\" height=\"220\" srcset=\"https:\/\/www.r2cpress.com.br\/v1\/wp-content\/uploads\/2019\/09\/11-58-300x220.jpg 300w, https:\/\/www.r2cpress.com.br\/v1\/wp-content\/uploads\/2019\/09\/11-58.jpg 600w\" sizes=\"(max-width: 300px) 100vw, 300px\" \/><\/a><a href=\"http:\/\/www.r2cpress.com.br\/v1\/wp-content\/uploads\/2019\/09\/12-57.jpg\"><img loading=\"lazy\" class=\"aligncenter size-medium wp-image-120792\" src=\"http:\/\/www.r2cpress.com.br\/v1\/wp-content\/uploads\/2019\/09\/12-57-300x224.jpg\" alt=\"\" width=\"300\" height=\"224\" srcset=\"https:\/\/www.r2cpress.com.br\/v1\/wp-content\/uploads\/2019\/09\/12-57-300x224.jpg 300w, https:\/\/www.r2cpress.com.br\/v1\/wp-content\/uploads\/2019\/09\/12-57.jpg 600w\" sizes=\"(max-width: 300px) 100vw, 300px\" \/><\/a><\/p>\n<p style=\"text-align: center;\"><strong>4) AS FOTOS DESTAQUES DA SEMANA.<\/strong><a href=\"http:\/\/www.r2cpress.com.br\/v1\/wp-content\/uploads\/2019\/09\/13-58.jpg\"><img loading=\"lazy\" class=\"aligncenter size-medium wp-image-120793\" src=\"http:\/\/www.r2cpress.com.br\/v1\/wp-content\/uploads\/2019\/09\/13-58-300x286.jpg\" alt=\"\" width=\"300\" height=\"286\" srcset=\"https:\/\/www.r2cpress.com.br\/v1\/wp-content\/uploads\/2019\/09\/13-58-300x286.jpg 300w, https:\/\/www.r2cpress.com.br\/v1\/wp-content\/uploads\/2019\/09\/13-58.jpg 600w\" sizes=\"(max-width: 300px) 100vw, 300px\" \/><\/a><\/p>\n<p style=\"text-align: center;\">Membro de uma FANFARRA participando da Prociss\u00e3o em homenagem a NOSSA SENHORA DAS DORES, no dia 15 de setembro de 2019. JOS\u00c9 LEITE gostou do corte de cabelo. Talvez&#8230; deixa pra l\u00e1.<a href=\"http:\/\/www.r2cpress.com.br\/v1\/wp-content\/uploads\/2019\/09\/14-56.jpg\"><img loading=\"lazy\" class=\"aligncenter size-medium wp-image-120794\" src=\"http:\/\/www.r2cpress.com.br\/v1\/wp-content\/uploads\/2019\/09\/14-56-300x149.jpg\" alt=\"\" width=\"300\" height=\"149\" srcset=\"https:\/\/www.r2cpress.com.br\/v1\/wp-content\/uploads\/2019\/09\/14-56-300x149.jpg 300w, https:\/\/www.r2cpress.com.br\/v1\/wp-content\/uploads\/2019\/09\/14-56.jpg 600w\" sizes=\"(max-width: 300px) 100vw, 300px\" \/><\/a><\/p>\n<p style=\"text-align: center;\">PARAB\u00c9NS, PREFEITO ARNON BEZERRA! O MEMORIAL PADRE C\u00cdCERO, DEPOIS DA \u00daLTIMA REFORMA, FICOU PARECENDO UM MUSEU INTERNACIONAL!<a href=\"http:\/\/www.r2cpress.com.br\/v1\/wp-content\/uploads\/2019\/09\/15-52.jpg\"><img loading=\"lazy\" class=\"aligncenter size-medium wp-image-120795\" src=\"http:\/\/www.r2cpress.com.br\/v1\/wp-content\/uploads\/2019\/09\/15-52-300x147.jpg\" alt=\"\" width=\"300\" height=\"147\" srcset=\"https:\/\/www.r2cpress.com.br\/v1\/wp-content\/uploads\/2019\/09\/15-52-300x147.jpg 300w, https:\/\/www.r2cpress.com.br\/v1\/wp-content\/uploads\/2019\/09\/15-52.jpg 600w\" sizes=\"(max-width: 300px) 100vw, 300px\" \/><\/a><\/p>\n<p style=\"text-align: center;\">O MEMORIAL PADRE C\u00cdCERO foi inaugurado em 1988, \u00e9 um ambiente de estudo, pesquisa e palestras sobre o Santo Padre.<a href=\"http:\/\/www.r2cpress.com.br\/v1\/wp-content\/uploads\/2019\/09\/16-42.jpg\"><img loading=\"lazy\" class=\"aligncenter size-medium wp-image-120796\" src=\"http:\/\/www.r2cpress.com.br\/v1\/wp-content\/uploads\/2019\/09\/16-42-300x161.jpg\" alt=\"\" width=\"300\" height=\"161\" srcset=\"https:\/\/www.r2cpress.com.br\/v1\/wp-content\/uploads\/2019\/09\/16-42-300x161.jpg 300w, https:\/\/www.r2cpress.com.br\/v1\/wp-content\/uploads\/2019\/09\/16-42.jpg 600w\" sizes=\"(max-width: 300px) 100vw, 300px\" \/><\/a><\/p>\n<p style=\"text-align: center;\">MINIATURA DA EST\u00c1TUA DE SEU LUNGA no Gabinete do Secret\u00e1rio de Turismo de JUAZEIRO DO NORTE, FEITOSA J\u00daNIOR.<a href=\"http:\/\/www.r2cpress.com.br\/v1\/wp-content\/uploads\/2019\/09\/17-19.jpg\"><img loading=\"lazy\" class=\"aligncenter size-medium wp-image-120797\" src=\"http:\/\/www.r2cpress.com.br\/v1\/wp-content\/uploads\/2019\/09\/17-19-225x300.jpg\" alt=\"\" width=\"225\" height=\"300\" srcset=\"https:\/\/www.r2cpress.com.br\/v1\/wp-content\/uploads\/2019\/09\/17-19-225x300.jpg 225w, https:\/\/www.r2cpress.com.br\/v1\/wp-content\/uploads\/2019\/09\/17-19.jpg 450w\" sizes=\"(max-width: 225px) 100vw, 225px\" \/><\/a><\/p>\n<p style=\"text-align: center;\">Uma tristeza que n\u00e3o para! Chegar em JUAZEIRO DO NORTE e n\u00e3o encontrar, o meu querido amigo, DANIEL WALKER. Na foto: O saudoso DANIEL, sua esposa TEREZA NEUMA e JOS\u00c9 LEITE.<a href=\"http:\/\/www.r2cpress.com.br\/v1\/wp-content\/uploads\/2019\/09\/18-9.jpg\"><img loading=\"lazy\" class=\"aligncenter size-medium wp-image-120798\" src=\"http:\/\/www.r2cpress.com.br\/v1\/wp-content\/uploads\/2019\/09\/18-9-300x225.jpg\" alt=\"\" width=\"300\" height=\"225\" srcset=\"https:\/\/www.r2cpress.com.br\/v1\/wp-content\/uploads\/2019\/09\/18-9-300x225.jpg 300w, https:\/\/www.r2cpress.com.br\/v1\/wp-content\/uploads\/2019\/09\/18-9.jpg 600w\" sizes=\"(max-width: 300px) 100vw, 300px\" \/><\/a><\/p>\n<p style=\"text-align: center;\">MAIS UM AMIGO QUE SE VAI.<\/p>\n<p style=\"text-align: center;\">JOS\u00c9 LEITE tinha uma amizade sincera com C\u00c9ZAR BEZERRA h\u00e1 mais de 50 anos.<\/p>\n<p style=\"text-align: center;\">CEZAR morava em JUAZERO DO NORTE, era casado com LUCINHA e pai de 6 filhos. Era dono da LOJA SANTA TEREZINHA (artigos religiosos), localizada na Pra\u00e7a do Socorro. DESCANSE EM PAZ AMIGO!<a href=\"http:\/\/www.r2cpress.com.br\/v1\/wp-content\/uploads\/2019\/09\/19.jpg\"><img loading=\"lazy\" class=\"aligncenter size-medium wp-image-120799\" src=\"http:\/\/www.r2cpress.com.br\/v1\/wp-content\/uploads\/2019\/09\/19-300x219.jpg\" alt=\"\" width=\"300\" height=\"219\" srcset=\"https:\/\/www.r2cpress.com.br\/v1\/wp-content\/uploads\/2019\/09\/19-300x219.jpg 300w, https:\/\/www.r2cpress.com.br\/v1\/wp-content\/uploads\/2019\/09\/19.jpg 600w\" sizes=\"(max-width: 300px) 100vw, 300px\" \/><\/a><\/p>\n<p style=\"text-align: center;\">JOS\u00c9 LEITE recebeu a visita, na \u00faltima quarta feira (18-09-2019), do amigo Dr. PAULO NORA, um grande m\u00e9dico da nossa cidade de ILH\u00c9US.<a href=\"http:\/\/www.r2cpress.com.br\/v1\/wp-content\/uploads\/2019\/09\/20.jpg\"><img loading=\"lazy\" class=\"aligncenter size-medium wp-image-120800\" src=\"http:\/\/www.r2cpress.com.br\/v1\/wp-content\/uploads\/2019\/09\/20-217x300.jpg\" alt=\"\" width=\"217\" height=\"300\" srcset=\"https:\/\/www.r2cpress.com.br\/v1\/wp-content\/uploads\/2019\/09\/20-217x300.jpg 217w, https:\/\/www.r2cpress.com.br\/v1\/wp-content\/uploads\/2019\/09\/20.jpg 433w\" sizes=\"(max-width: 217px) 100vw, 217px\" \/><\/a><\/p>\n<p style=\"text-align: center;\">Aconteceu h\u00e1 59 anos atr\u00e1s, no \u201cLARGO DA GAMELEIRA\u201d, entre a PRA\u00c7A CAIR\u00da e a RUA SETE DE SETEMBRO. Edi\u00e7\u00e3o do JORNAL DI\u00c1RIO DA TARDE de 18 de julho de 1960.<\/p>\n<p style=\"text-align: center;\"><strong>E NO MAIS&#8230;<\/strong><a href=\"http:\/\/www.r2cpress.com.br\/v1\/wp-content\/uploads\/2019\/09\/21.jpg\"><img loading=\"lazy\" class=\"aligncenter size-medium wp-image-120801\" src=\"http:\/\/www.r2cpress.com.br\/v1\/wp-content\/uploads\/2019\/09\/21-167x300.jpg\" alt=\"\" width=\"167\" height=\"300\" srcset=\"https:\/\/www.r2cpress.com.br\/v1\/wp-content\/uploads\/2019\/09\/21-167x300.jpg 167w, https:\/\/www.r2cpress.com.br\/v1\/wp-content\/uploads\/2019\/09\/21.jpg 333w\" sizes=\"(max-width: 167px) 100vw, 167px\" \/><\/a><\/p>\n<p style=\"text-align: center;\">JOS\u00c9 LEITE sempre bem acompanhado em JUAZEIRO DO NORTE.<\/p>\n<p style=\"text-align: center;\"><em><strong>PARA CONFERIR O BA\u00da ANTERIOR, CLICK <a href=\"http:\/\/www.r2cpress.com.br\/v1\/2019\/09\/12\/do-fundo-do-bau-de-jose-leite-365\/\"><span style=\"color: #ff0000;\">AQUI<\/span><\/a><\/strong><\/em><\/p>\n<p style=\"text-align: center;\">Texto e fotos: Jos\u00e9 Leite de Souza<\/p>\n<p style=\"text-align: center;\">Jleitesouza@hotmail.com<\/p>\n<p style=\"text-align: center;\">(73) 3634-3134<\/p>\n","protected":false},"excerpt":{"rendered":"<p>1) PARAB\u00c9NS CDL DE ILH\u00c9US, PELOS SEUS 45 ANOS. 2) JOS\u00c9 LEITE VISITANDO AMIGOS EM JUAZEIRO DO NORTE. 3) DICAS DE LEITURA PARA CONHECER MAIS A HIST\u00d3RIA DE ILH\u00c9US. 4) AS FOTOS DESTAQUES DA SEMANA.<\/p>\n","protected":false},"author":2,"featured_media":0,"comment_status":"open","ping_status":"open","sticky":false,"template":"","format":"standard","meta":{"_links_to":"","_links_to_target":""},"categories":[39],"tags":[],"_links":{"self":[{"href":"https:\/\/www.r2cpress.com.br\/v1\/wp-json\/wp\/v2\/posts\/120780"}],"collection":[{"href":"https:\/\/www.r2cpress.com.br\/v1\/wp-json\/wp\/v2\/posts"}],"about":[{"href":"https:\/\/www.r2cpress.com.br\/v1\/wp-json\/wp\/v2\/types\/post"}],"author":[{"embeddable":true,"href":"https:\/\/www.r2cpress.com.br\/v1\/wp-json\/wp\/v2\/users\/2"}],"replies":[{"embeddable":true,"href":"https:\/\/www.r2cpress.com.br\/v1\/wp-json\/wp\/v2\/comments?post=120780"}],"version-history":[{"count":1,"href":"https:\/\/www.r2cpress.com.br\/v1\/wp-json\/wp\/v2\/posts\/120780\/revisions"}],"predecessor-version":[{"id":120804,"href":"https:\/\/www.r2cpress.com.br\/v1\/wp-json\/wp\/v2\/posts\/120780\/revisions\/120804"}],"wp:attachment":[{"href":"https:\/\/www.r2cpress.com.br\/v1\/wp-json\/wp\/v2\/media?parent=120780"}],"wp:term":[{"taxonomy":"category","embeddable":true,"href":"https:\/\/www.r2cpress.com.br\/v1\/wp-json\/wp\/v2\/categories?post=120780"},{"taxonomy":"post_tag","embeddable":true,"href":"https:\/\/www.r2cpress.com.br\/v1\/wp-json\/wp\/v2\/tags?post=120780"}],"curies":[{"name":"wp","href":"https:\/\/api.w.org\/{rel}","templated":true}]}}