{"id":121086,"date":"2019-11-05T22:37:21","date_gmt":"2019-11-06T01:37:21","guid":{"rendered":"http:\/\/www.r2cpress.com.br\/v1\/?p=121086"},"modified":"2019-11-08T20:49:11","modified_gmt":"2019-11-08T23:49:11","slug":"oas-coloca-primeira-camada-de-asfalto-e-obras-no-acesso-norte-avancam","status":"publish","type":"post","link":"https:\/\/www.r2cpress.com.br\/v1\/2019\/11\/05\/oas-coloca-primeira-camada-de-asfalto-e-obras-no-acesso-norte-avancam\/","title":{"rendered":"OAS coloca primeira camada de asfalto e obras no acesso norte avan\u00e7am"},"content":{"rendered":"<p><img loading=\"lazy\" class=\"alignnone size-medium\" src=\"http:\/\/portalfacilclientes.blob.core.windows.net\/uploads\/ILHEUS\/img\/%7B4B3ACBAB-A3D5-B5D2-8BAE-308DD4CA64C6%7D\/%7B4B3ACBAB-A3D5-B5D2-8BAE-308DD4CA64C6%7D_650X450.jpeg\" width=\"650\" height=\"450\" \/>As obras da nova ponte avan\u00e7am a cada dia. A OAS, empresa respons\u00e1vel pela constru\u00e7\u00e3o, instalou o 18\u00ba cabo, restando cinco estais e 30 metros para unificar os lados, e formar a primeira ponte estaiada da Bahia. Nas imagens registradas pelo vice-prefeito, Jos\u00e9 Nazal Soub, a aplica\u00e7\u00e3o da primeira camada de asfalto do acesso norte. O prefeito M\u00e1rio Alexandre esteve no local e conferiu os trabalhos.<\/p>\n<p>\u201cUm sonho se tornando realidade\u201d, definiu o prefeito. \u201cExtremamente feliz com todo esse trabalho e a parceria com o governador Rui Costa, juntamente com nossa equipe, discutindo sobre os acessos, as obras de urbanismo, estacionamento e ilumina\u00e7\u00e3o. Um novo cart\u00e3o-postal que surge, combinando os pontos tur\u00edsticos existentes da cidade\u201d, completou M\u00e1rio Alexandre.<\/p>\n<p>O sistema vi\u00e1rio nos sentidos norte e sul ter\u00e3o duas pistas de cada lado com ciclofaixas. O novo equipamento vai ligar o centro urbano aos bairros da zona sul e vai atender 511 mil moradores de Itabuna, Una, Canavieiras, Buerarema, Itacar\u00e9 e Uru\u00e7uca. Ademais, vai contribuir para o escoamento da produ\u00e7\u00e3o agr\u00edcola, principalmente do cacau, e no desenvolvimento tur\u00edstico do litoral sul do estado.<\/p>\n<p>A Construtora OAS segue cronograma de opera\u00e7\u00f5es e prev\u00ea conclus\u00e3o da obra em janeiro de 2020 e o governador Rui Costa pretende inaugur\u00e1-la logo em fevereiro. Acompanharam o prefeito de Ilh\u00e9us, os secret\u00e1rios municipais, \u00c1tila Docio (Infraestrutura e Defesa Civil); F\u00e1bio Manzi J\u00fanior (Cultura e Turismo); Airton Carvalho (Comunica\u00e7\u00e3o), t\u00e9cnicos e engenheiros da OAS.<\/p>\n<p>POR SECOM<\/p>\n","protected":false},"excerpt":{"rendered":"<p>As obras da nova ponte avan\u00e7am a cada dia. A OAS, empresa respons\u00e1vel pela constru\u00e7\u00e3o, instalou o 18\u00ba cabo, restando cinco estais e 30 metros para unificar os lados, e formar a primeira ponte estaiada da Bahia. Nas imagens registradas pelo vice-prefeito, Jos\u00e9 Nazal Soub, a aplica\u00e7\u00e3o da primeira camada de asfalto do acesso norte. [&hellip;]<\/p>\n","protected":false},"author":2,"featured_media":121117,"comment_status":"open","ping_status":"open","sticky":false,"template":"","format":"standard","meta":{"_links_to":"","_links_to_target":""},"categories":[37],"tags":[],"_links":{"self":[{"href":"https:\/\/www.r2cpress.com.br\/v1\/wp-json\/wp\/v2\/posts\/121086"}],"collection":[{"href":"https:\/\/www.r2cpress.com.br\/v1\/wp-json\/wp\/v2\/posts"}],"about":[{"href":"https:\/\/www.r2cpress.com.br\/v1\/wp-json\/wp\/v2\/types\/post"}],"author":[{"embeddable":true,"href":"https:\/\/www.r2cpress.com.br\/v1\/wp-json\/wp\/v2\/users\/2"}],"replies":[{"embeddable":true,"href":"https:\/\/www.r2cpress.com.br\/v1\/wp-json\/wp\/v2\/comments?post=121086"}],"version-history":[{"count":1,"href":"https:\/\/www.r2cpress.com.br\/v1\/wp-json\/wp\/v2\/posts\/121086\/revisions"}],"predecessor-version":[{"id":121087,"href":"https:\/\/www.r2cpress.com.br\/v1\/wp-json\/wp\/v2\/posts\/121086\/revisions\/121087"}],"wp:featuredmedia":[{"embeddable":true,"href":"https:\/\/www.r2cpress.com.br\/v1\/wp-json\/wp\/v2\/media\/121117"}],"wp:attachment":[{"href":"https:\/\/www.r2cpress.com.br\/v1\/wp-json\/wp\/v2\/media?parent=121086"}],"wp:term":[{"taxonomy":"category","embeddable":true,"href":"https:\/\/www.r2cpress.com.br\/v1\/wp-json\/wp\/v2\/categories?post=121086"},{"taxonomy":"post_tag","embeddable":true,"href":"https:\/\/www.r2cpress.com.br\/v1\/wp-json\/wp\/v2\/tags?post=121086"}],"curies":[{"name":"wp","href":"https:\/\/api.w.org\/{rel}","templated":true}]}}