{"id":121132,"date":"2019-11-15T12:16:17","date_gmt":"2019-11-15T15:16:17","guid":{"rendered":"http:\/\/www.r2cpress.com.br\/v1\/?p=121132"},"modified":"2019-11-15T12:21:55","modified_gmt":"2019-11-15T15:21:55","slug":"caneta-azul","status":"publish","type":"post","link":"https:\/\/www.r2cpress.com.br\/v1\/2019\/11\/15\/caneta-azul\/","title":{"rendered":"CANETA AZUL."},"content":{"rendered":"<p style=\"text-align: center;\"><a href=\"http:\/\/www.r2cpress.com.br\/v1\/wp-content\/uploads\/2019\/11\/FOTO-LF-1.jpg\"><img loading=\"lazy\" class=\"aligncenter size-medium wp-image-121133\" src=\"http:\/\/www.r2cpress.com.br\/v1\/wp-content\/uploads\/2019\/11\/FOTO-LF-1-236x300.jpg\" alt=\"\" width=\"236\" height=\"300\" srcset=\"https:\/\/www.r2cpress.com.br\/v1\/wp-content\/uploads\/2019\/11\/FOTO-LF-1-236x300.jpg 236w, https:\/\/www.r2cpress.com.br\/v1\/wp-content\/uploads\/2019\/11\/FOTO-LF-1.jpg 247w\" sizes=\"(max-width: 236px) 100vw, 236px\" \/><\/a><strong>Luiz Ferreira da Silva,82<\/strong><\/p>\n<p style=\"text-align: center;\"><strong>Engenheiro Agr\u00f4nomo e Escritor<\/strong><\/p>\n<p style=\"text-align: center;\"><strong> luizferreira1937@gmail.com<\/strong><\/p>\n<p>Enquanto l\u00e1 em cima a m\u00fasica se engrandece com a chegada estelar dos grandes cantores (as), aqui embaixo s\u00e3o substitu\u00eddos por uma safra chocha.<\/p>\n<p>No C\u00e9u, fazem seresta o Cartola, o Cauby, o Nelson Gon\u00e7alves, o Luiz Gonzaga, o Dominguinhos, a Dalva de Oliveira, o Em\u00edlio Santiago, o Agostinho dos Santos, dentre tantos talentos que nos encantaram e, agora, o fazem aos anjos.<\/p>\n<p>Aqui, em est\u00e1dios cheios, uma leva de p\u00e9ssimos artistas, gritando letras desconexas, levam ao del\u00edrio uma juventude movida a muito \u00e1lcool, sem no\u00e7\u00e3o de harmonia e, tampouco, melodia po\u00e9tica.<\/p>\n<p>Exemplo recente: \u201cCaneta Azul\u201d. Nada contra o autor que soube se inserir nesse espa\u00e7o med\u00edocre, tornando-se, pois, um l\u00eddimo representante.<\/p>\n<p>Presentemente, viajou Dona Ivone Lara, levando consigo a partitura do \u201cSonho Meu\u201d para g\u00e1udio celestial. Houve como\u00e7\u00e3o e foi reverenciada, que ser\u00e1 sempre lembrada pela beleza de seus poemas.<\/p>\n<p>A\u00ed, eu me pergunto o que acontecer\u00e1 quando for a vez de muitos desses forjados pela m\u00eddia estipendi\u00e1ria? Ser\u00e3o lembrados ap\u00f3s a missa de s\u00e9timo dia? Ter\u00e3o cacife para a roda celestial comandada por Noel Rosas, quando l\u00e1 chegarem?<\/p>\n<p>O Brasil vem se apequenando neste mister desde a d\u00e9cada de 70, com maior inflex\u00e3o nos \u00faltimos 20 anos, quando o forr\u00f3 do Lua foi substitu\u00eddo pelas bandas sem zabumba; a m\u00fasica caipira de Inezita Barroso deu lugar a uma tal de sertaneja; e o samba aut\u00eantico de Cartola perdeu para os conjuntos de \u00f3culos escuros.<\/p>\n<p>O mesmo acontece em outros setores das artes, a exemplo da televis\u00e3o, desde as obras infantis aos noticiaristas, passando pelas novelas. \u00c9 s\u00f3 comparar o S\u00edtio do pica pau amarelo com os bonecos cibern\u00e9ticos; confrontar o Bem-Amado ou a Gabriela com as atuais novelas globais; rever a dupla Cid Moreira\/S\u00e9rgio Chapelin com as atuais.<\/p>\n<p>E, assim, por diante; sempre com a balan\u00e7a pendendo a favor dos \u201cpatrasmentes\u201d. Nem \u00e9 preciso visualizar os outros setores de apoio e servi\u00e7os que se deterioram!<\/p>\n<p>O Brasil atual perde feio para o Brasil do passado.<\/p>\n<p>Qual \u00e9 a causa? Tudo isso \u00e9 reflexo do decl\u00ednio e falta de investimento, em sentido amplo, na EDUCA\u00c7\u00c3O.<\/p>\n<p>S\u00f3, somente s\u00f3!<\/p>\n","protected":false},"excerpt":{"rendered":"<p>Luiz Ferreira da Silva,82 Engenheiro Agr\u00f4nomo e Escritor luizferreira1937@gmail.com Enquanto l\u00e1 em cima a m\u00fasica se engrandece com a chegada estelar dos grandes cantores (as), aqui embaixo s\u00e3o substitu\u00eddos por uma safra chocha. No C\u00e9u, fazem seresta o Cartola, o Cauby, o Nelson Gon\u00e7alves, o Luiz Gonzaga, o Dominguinhos, a Dalva de Oliveira, o Em\u00edlio [&hellip;]<\/p>\n","protected":false},"author":2,"featured_media":121133,"comment_status":"open","ping_status":"open","sticky":false,"template":"","format":"standard","meta":{"_links_to":"","_links_to_target":""},"categories":[37],"tags":[],"_links":{"self":[{"href":"https:\/\/www.r2cpress.com.br\/v1\/wp-json\/wp\/v2\/posts\/121132"}],"collection":[{"href":"https:\/\/www.r2cpress.com.br\/v1\/wp-json\/wp\/v2\/posts"}],"about":[{"href":"https:\/\/www.r2cpress.com.br\/v1\/wp-json\/wp\/v2\/types\/post"}],"author":[{"embeddable":true,"href":"https:\/\/www.r2cpress.com.br\/v1\/wp-json\/wp\/v2\/users\/2"}],"replies":[{"embeddable":true,"href":"https:\/\/www.r2cpress.com.br\/v1\/wp-json\/wp\/v2\/comments?post=121132"}],"version-history":[{"count":1,"href":"https:\/\/www.r2cpress.com.br\/v1\/wp-json\/wp\/v2\/posts\/121132\/revisions"}],"predecessor-version":[{"id":121134,"href":"https:\/\/www.r2cpress.com.br\/v1\/wp-json\/wp\/v2\/posts\/121132\/revisions\/121134"}],"wp:featuredmedia":[{"embeddable":true,"href":"https:\/\/www.r2cpress.com.br\/v1\/wp-json\/wp\/v2\/media\/121133"}],"wp:attachment":[{"href":"https:\/\/www.r2cpress.com.br\/v1\/wp-json\/wp\/v2\/media?parent=121132"}],"wp:term":[{"taxonomy":"category","embeddable":true,"href":"https:\/\/www.r2cpress.com.br\/v1\/wp-json\/wp\/v2\/categories?post=121132"},{"taxonomy":"post_tag","embeddable":true,"href":"https:\/\/www.r2cpress.com.br\/v1\/wp-json\/wp\/v2\/tags?post=121132"}],"curies":[{"name":"wp","href":"https:\/\/api.w.org\/{rel}","templated":true}]}}