{"id":121712,"date":"2020-02-21T19:53:21","date_gmt":"2020-02-21T22:53:21","guid":{"rendered":"http:\/\/www.r2cpress.com.br\/v1\/?p=121712"},"modified":"2020-02-21T19:53:21","modified_gmt":"2020-02-21T22:53:21","slug":"bloco-ze-pereira-mantem-tradicao-e-abre-carnaval-do-povo-nesta-sexta-feira-21","status":"publish","type":"post","link":"https:\/\/www.r2cpress.com.br\/v1\/2020\/02\/21\/bloco-ze-pereira-mantem-tradicao-e-abre-carnaval-do-povo-nesta-sexta-feira-21\/","title":{"rendered":"Bloco Z\u00e9 Pereira mant\u00e9m tradi\u00e7\u00e3o e abre Carnaval do Povo nesta sexta-feira (21)"},"content":{"rendered":"<p><img loading=\"lazy\" class=\"aligncenter\" src=\"https:\/\/portalfacilclientes.blob.core.windows.net\/uploads\/ILHEUS\/img\/%7B57EDD8B3-EE8E-ADDA-E6B5-D284B718E2CD%7D\/%7B57EDD8B3-EE8E-ADDA-E6B5-D284B718E2CD%7D_650X450.jpeg\" width=\"436\" height=\"302\" \/><\/p>\n<p>A expectativa para os festejos de momo \u00e9 grande e costuma reunir uma multid\u00e3o durante os carnavais. Com mais de 30 anos de hist\u00f3ria, o bloco Z\u00e9 Pereira vai abrir a sexta-feira do Carnaval do Povo (21). A concentra\u00e7\u00e3o ser\u00e1 mais cedo, a partir das 19h, em frente ao Bar do Jorginho com anima\u00e7\u00e3o da Banda Flor do Caribe. A sa\u00edda do bloco ser\u00e1 pontualmente a meia-noite.<\/p>\n<p>&#8220;H\u00e1 um p\u00fablico fiel que h\u00e1 anos desfila no Z\u00e9 Pereira. Bloco que abre os festejos do per\u00edodo oficial do carnaval e que merece o prest\u00edgio de todos os ilheenses. Com as marchinhas e can\u00e7\u00f5es dos bons carnavais, a charanga leva boa m\u00fasica e alegria pra quem sabe aproveitar o melhor da nossa cultura local. Por nossa cultura e pela reconstru\u00e7\u00e3o de Ilheus que empreendemos, tenho orgulho de ser ilheense&#8221; , disse o Prefeito M\u00e1rio Alexandre.<\/p>\n<p>E para dar lugar a alegria e a irrever\u00eancia, mais de mil associados desfilar\u00e3o pelas ruas. Se repetir o feito de 2019, ser\u00e3o mais de quatro mil foli\u00f5es, que ser\u00e3o arrastados ao som das marchinhas entoadas por uma banda de sopro que promete animar a festa. Ang\u00e9lica Silva, diretora do bloco, assegura que este ano n\u00e3o ser\u00e1 diferente.<\/p>\n<p>\u201cPor mais de tr\u00eas d\u00e9cadas cortejamos a alegria e a descontra\u00e7\u00e3o. O Z\u00e9 Pereira tornou-se uma festa, principalmente para a fam\u00edlia, em uma das maiores manifesta\u00e7\u00f5es de rua do Pontal. S\u00e3o milhares de pessoas que esperam chegar o per\u00edodo de Carnaval para liberarem toda sua irrever\u00eancia e fantasia\u201d, frisa.<\/p>\n<p>Durante o trajeto, o bloco percorre as ruas do bairro, come\u00e7ando pela Dom Pedro II, em seguida vai para Rua Davi Maia, depois Passarela do \u00c1lcool, at\u00e9 chegar na Rua Casemiro Costa. Logo depois vai para Avenida Lomanto J\u00fanior, e entra na Treze de Maio, passando pela Rua Castro Alves. O cortejo animado \u00e9 finalizado na Pra\u00e7a S\u00e3o Jo\u00e3o Batista, por volta das 4h30min da manh\u00e3.<\/p>\n<p><strong>Tradi\u00e7\u00e3o nas ruas<\/strong>\u00a0\u2013 Considerado uma das agremia\u00e7\u00f5es mais tradicionais da cidade de Ilh\u00e9us, o bloco Z\u00e9 Pereira criou uma forma de resgatar os antigos cortejos carnavalescos. No in\u00edcio, os participantes do grupo sa\u00edam do ent\u00e3o famoso e frequentado Clube do Pontal ap\u00f3s os bailes, mas queriam continuar a festa de Carnaval.<\/p>\n<p>Os fundadores lembram ainda que tudo come\u00e7ou como uma brincadeira de moradores. Contam ainda que os primeiros foli\u00f5es pegavam colheres de pau para bater nas panelas. O ritual da \u00e9poca era percorrer as ruas fazendo muito barulho. Os anos se passaram e o bloco Z\u00e9 Pereira se tornou um cl\u00e1ssico no Carnaval de Ilh\u00e9us.<\/p>\n","protected":false},"excerpt":{"rendered":"<p>A expectativa para os festejos de momo \u00e9 grande e costuma reunir uma multid\u00e3o durante os carnavais. Com mais de 30 anos de hist\u00f3ria, o bloco Z\u00e9 Pereira vai abrir a sexta-feira do Carnaval do Povo (21). A concentra\u00e7\u00e3o ser\u00e1 mais cedo, a partir das 19h, em frente ao Bar do Jorginho com anima\u00e7\u00e3o da [&hellip;]<\/p>\n","protected":false},"author":2,"featured_media":0,"comment_status":"open","ping_status":"open","sticky":false,"template":"","format":"standard","meta":{"_links_to":"","_links_to_target":""},"categories":[14],"tags":[],"_links":{"self":[{"href":"https:\/\/www.r2cpress.com.br\/v1\/wp-json\/wp\/v2\/posts\/121712"}],"collection":[{"href":"https:\/\/www.r2cpress.com.br\/v1\/wp-json\/wp\/v2\/posts"}],"about":[{"href":"https:\/\/www.r2cpress.com.br\/v1\/wp-json\/wp\/v2\/types\/post"}],"author":[{"embeddable":true,"href":"https:\/\/www.r2cpress.com.br\/v1\/wp-json\/wp\/v2\/users\/2"}],"replies":[{"embeddable":true,"href":"https:\/\/www.r2cpress.com.br\/v1\/wp-json\/wp\/v2\/comments?post=121712"}],"version-history":[{"count":1,"href":"https:\/\/www.r2cpress.com.br\/v1\/wp-json\/wp\/v2\/posts\/121712\/revisions"}],"predecessor-version":[{"id":121713,"href":"https:\/\/www.r2cpress.com.br\/v1\/wp-json\/wp\/v2\/posts\/121712\/revisions\/121713"}],"wp:attachment":[{"href":"https:\/\/www.r2cpress.com.br\/v1\/wp-json\/wp\/v2\/media?parent=121712"}],"wp:term":[{"taxonomy":"category","embeddable":true,"href":"https:\/\/www.r2cpress.com.br\/v1\/wp-json\/wp\/v2\/categories?post=121712"},{"taxonomy":"post_tag","embeddable":true,"href":"https:\/\/www.r2cpress.com.br\/v1\/wp-json\/wp\/v2\/tags?post=121712"}],"curies":[{"name":"wp","href":"https:\/\/api.w.org\/{rel}","templated":true}]}}