{"id":121791,"date":"2020-03-06T20:39:20","date_gmt":"2020-03-06T23:39:20","guid":{"rendered":"http:\/\/www.r2cpress.com.br\/v1\/?p=121791"},"modified":"2020-03-06T20:39:20","modified_gmt":"2020-03-06T23:39:20","slug":"do-fundo-do-bau-de-jose-leite-381","status":"publish","type":"post","link":"https:\/\/www.r2cpress.com.br\/v1\/2020\/03\/06\/do-fundo-do-bau-de-jose-leite-381\/","title":{"rendered":"DO FUNDO DO BA\u00da DE JOS\u00c9 LEITE"},"content":{"rendered":"<p><img loading=\"lazy\" class=\"size-medium aligncenter\" src=\"http:\/\/www.r2cpress.com.br\/v1\/wp-content\/uploads\/2020\/01\/bau-1-300x214.jpg\" width=\"300\" height=\"214\" \/><\/p>\n<p style=\"text-align: center;\"><strong>1) 60 ANOS DE JOS\u00c9 LEITE EM ILH\u00c9US.<\/strong><\/p>\n<p style=\"text-align: center;\"><strong>2) FLASH DA REUNI\u00c3O MA\u00c7\u00d4NICA REALIZADA EM 18-02-2020.<\/strong><\/p>\n<p style=\"text-align: center;\"><strong>3) UMA IDEIA QUE DEU CERTO.<\/strong><\/p>\n<p style=\"text-align: center;\"><strong>4) VISITAS DA SEMANA.<\/strong><\/p>\n<p style=\"text-align: center;\"><strong>5) AS FOTOS DESTAQUES DA SEMANA.<\/strong><!--more--><\/p>\n<p style=\"text-align: center;\"><strong>1) 60 ANOS DE JOS\u00c9 LEITE EM ILH\u00c9US.<a href=\"http:\/\/www.r2cpress.com.br\/v1\/wp-content\/uploads\/2020\/03\/1-2020-03-06T194939.050.jpg\"><img loading=\"lazy\" class=\"aligncenter size-medium wp-image-121792\" src=\"http:\/\/www.r2cpress.com.br\/v1\/wp-content\/uploads\/2020\/03\/1-2020-03-06T194939.050-300x241.jpg\" alt=\"\" width=\"300\" height=\"241\" srcset=\"https:\/\/www.r2cpress.com.br\/v1\/wp-content\/uploads\/2020\/03\/1-2020-03-06T194939.050-300x241.jpg 300w, https:\/\/www.r2cpress.com.br\/v1\/wp-content\/uploads\/2020\/03\/1-2020-03-06T194939.050.jpg 600w\" sizes=\"(max-width: 300px) 100vw, 300px\" \/><\/a><\/strong><\/p>\n<p>Com muita emo\u00e7\u00e3o e alegria, JOS\u00c9 LEITE come\u00e7a a fazer essa Coluna, a d\u00e9cima desse ano aben\u00e7oado de 2020. Um ano que ficar\u00e1 marcado como um dos melhores que ele viveu durante toda a sua vida. Viver 60 anos numa cidade como ILH\u00c9US \u00e9 muito privil\u00e9gio. DEUS \u00e9 grande e fez com que JOS\u00c9 LEITE chegasse at\u00e9 aqui e assim, espera chegar vivo at\u00e9 o final desse ano, AM\u00c9M!<a href=\"http:\/\/www.r2cpress.com.br\/v1\/wp-content\/uploads\/2020\/03\/2-100.jpg\"><img loading=\"lazy\" class=\"aligncenter size-medium wp-image-121793\" src=\"http:\/\/www.r2cpress.com.br\/v1\/wp-content\/uploads\/2020\/03\/2-100-162x300.jpg\" alt=\"\" width=\"162\" height=\"300\" srcset=\"https:\/\/www.r2cpress.com.br\/v1\/wp-content\/uploads\/2020\/03\/2-100-162x300.jpg 162w, https:\/\/www.r2cpress.com.br\/v1\/wp-content\/uploads\/2020\/03\/2-100.jpg 323w\" sizes=\"(max-width: 162px) 100vw, 162px\" \/><\/a><\/p>\n<p style=\"text-align: center;\">No m\u00eas de agosto de 1968, ILH\u00c9US recebeu a visita das tr\u00eas autoridades acima citadas, e muitos ilheenses pensaram que a ESTRADA DE FERRO DE ILH\u00c9US, que tinha paralisada por completo no ano de 1966, voltaria a funcionar. Puro engano! As autoridades vieram avaliar o que seria levado para outra ESTRADA DE FERRO da Leste Brasileiro. At\u00e9 hoje os ilheenses esperam pelo retorno. Not\u00edcia divulgada na Edi\u00e7\u00e3o do jornal DI\u00c1RIO DA TARDE de 27-08-1968.<\/p>\n<p style=\"text-align: center;\">(Clique na foto para ampliar).<\/p>\n<p style=\"text-align: center;\"><strong>2) FLASH DA REUNI\u00c3O MA\u00c7\u00d4NICA REALIZADA EM 18-02-2020.<a href=\"http:\/\/www.r2cpress.com.br\/v1\/wp-content\/uploads\/2020\/03\/3-87.jpg\"><img loading=\"lazy\" class=\"aligncenter size-medium wp-image-121794\" src=\"http:\/\/www.r2cpress.com.br\/v1\/wp-content\/uploads\/2020\/03\/3-87-300x141.jpg\" alt=\"\" width=\"300\" height=\"141\" srcset=\"https:\/\/www.r2cpress.com.br\/v1\/wp-content\/uploads\/2020\/03\/3-87-300x141.jpg 300w, https:\/\/www.r2cpress.com.br\/v1\/wp-content\/uploads\/2020\/03\/3-87.jpg 600w\" sizes=\"(max-width: 300px) 100vw, 300px\" \/><\/a><\/strong><\/p>\n<p>Na 1\u00aa foto: O GR\u00c3O MESTRE ESTADUAL DA BAHIA (o 3\u00ba da esquerda para direita) LUCIANO PINTO SEP\u00daLVEDA e os seis Vener\u00e1veis das 6 Lojas Ma\u00e7\u00f4nicas de ILH\u00c9US.<\/p>\n<p>Na 2\u00aa foto: Dr. HELV\u00c9CIO GIUDICE ARGOLO (cal\u00e7a branca) o palestrante da noite, no final de sua palestra foi aplaudido de p\u00e9. Dr. HELV\u00c9CIO \u00e9 Juiz de Direito da Vara Fam\u00edlia em ILH\u00c9US.<a href=\"http:\/\/www.r2cpress.com.br\/v1\/wp-content\/uploads\/2020\/03\/4-83.jpg\"><img loading=\"lazy\" class=\"aligncenter size-medium wp-image-121795\" src=\"http:\/\/www.r2cpress.com.br\/v1\/wp-content\/uploads\/2020\/03\/4-83-300x147.jpg\" alt=\"\" width=\"300\" height=\"147\" srcset=\"https:\/\/www.r2cpress.com.br\/v1\/wp-content\/uploads\/2020\/03\/4-83-300x147.jpg 300w, https:\/\/www.r2cpress.com.br\/v1\/wp-content\/uploads\/2020\/03\/4-83.jpg 600w\" sizes=\"(max-width: 300px) 100vw, 300px\" \/><\/a><\/p>\n<p>Na 1\u00aa foto: O Gr\u00e3o Mestre LUCIANO PINTO saudando os Ma\u00e7ons presentes.<\/p>\n<p>Na 2\u00aa foto: o Vener\u00e1vel da Loja REGENERA\u00c7\u00c3O SUL NAIANA ladeado pelos Ma\u00e7ons RAGNA SOUZA e MARCELO que, depois de um per\u00edodo afastados, retornaram. SEJAM BEM VINDOS, IRM\u00c3OS!<\/p>\n<p style=\"text-align: center;\"><strong>3) UMA IDEIA QUE DEU CERTO.<a href=\"http:\/\/www.r2cpress.com.br\/v1\/wp-content\/uploads\/2020\/03\/5-81.jpg\"><img loading=\"lazy\" class=\"aligncenter size-medium wp-image-121796\" src=\"http:\/\/www.r2cpress.com.br\/v1\/wp-content\/uploads\/2020\/03\/5-81-300x250.jpg\" alt=\"\" width=\"300\" height=\"250\" srcset=\"https:\/\/www.r2cpress.com.br\/v1\/wp-content\/uploads\/2020\/03\/5-81-300x250.jpg 300w, https:\/\/www.r2cpress.com.br\/v1\/wp-content\/uploads\/2020\/03\/5-81.jpg 600w\" sizes=\"(max-width: 300px) 100vw, 300px\" \/><\/a><\/strong><\/p>\n<p>Depois de muito trabalho e dedica\u00e7\u00e3o dos que acreditaram na ideia desde o come\u00e7o h\u00e1 mais de 2 anos, finalmente A EST\u00c1TUA DE SEU LUNGA vai ser inaugurada nesse m\u00eas de mar\u00e7o pela Prefeitura de JUAZEIRO DO NORTE. PARAB\u00c9NS PARA TODOS QUE ACREDITARAM!<a href=\"http:\/\/www.r2cpress.com.br\/v1\/wp-content\/uploads\/2020\/03\/6-80.jpg\"><img loading=\"lazy\" class=\"aligncenter size-medium wp-image-121797\" src=\"http:\/\/www.r2cpress.com.br\/v1\/wp-content\/uploads\/2020\/03\/6-80-234x300.jpg\" alt=\"\" width=\"234\" height=\"300\" srcset=\"https:\/\/www.r2cpress.com.br\/v1\/wp-content\/uploads\/2020\/03\/6-80-234x300.jpg 234w, https:\/\/www.r2cpress.com.br\/v1\/wp-content\/uploads\/2020\/03\/6-80.jpg 467w\" sizes=\"(max-width: 234px) 100vw, 234px\" \/><\/a><\/p>\n<p>Na foto acima, o Escultor RANILSON VIANA (escultor que est\u00e1 fazendo a EST\u00c1TUA DE SEU LUNGA). A amiga ROS\u00c2NGELA REGINALDO TEN\u00d3RIO, grande batalhadora para que a Est\u00e1tua se tornasse realidade, e FRAN\u00c7A LEITE (primo de JOS\u00c9 LEITE), tamb\u00e9m participou da equipe de trabalho e ainda participa para que tudo d\u00ea certo.<a href=\"http:\/\/www.r2cpress.com.br\/v1\/wp-content\/uploads\/2020\/03\/7-82.jpg\"><img loading=\"lazy\" class=\"aligncenter size-medium wp-image-121798\" src=\"http:\/\/www.r2cpress.com.br\/v1\/wp-content\/uploads\/2020\/03\/7-82-206x300.jpg\" alt=\"\" width=\"206\" height=\"300\" srcset=\"https:\/\/www.r2cpress.com.br\/v1\/wp-content\/uploads\/2020\/03\/7-82-206x300.jpg 206w, https:\/\/www.r2cpress.com.br\/v1\/wp-content\/uploads\/2020\/03\/7-82.jpg 411w\" sizes=\"(max-width: 206px) 100vw, 206px\" \/><\/a><\/p>\n<p>O senhor JOAQUIM SANTOS RODRIGUES, mais conhecido como SEU LUNGA, a partir deste m\u00eas de mar\u00e7o, ser\u00e1 homenageado com uma EST\u00c1TUA de frente a casa onde ele morou. O projeto foi realizado pela Prefeitura Municipal de JUAZEIRO DO NORTE, atrav\u00e9s da Secretaria de Turismo e Romaria. PARAB\u00c9NS AO PREFEITO Dr. ARNON BEZERRA E AO SECRET\u00c1RIO J\u00daNIOR FEITOSA.<\/p>\n<p style=\"text-align: center;\"><strong>4) VISITAS DA SEMANA.<a href=\"http:\/\/www.r2cpress.com.br\/v1\/wp-content\/uploads\/2020\/03\/8-80.jpg\"><img loading=\"lazy\" class=\"aligncenter size-medium wp-image-121799\" src=\"http:\/\/www.r2cpress.com.br\/v1\/wp-content\/uploads\/2020\/03\/8-80-300x222.jpg\" alt=\"\" width=\"300\" height=\"222\" srcset=\"https:\/\/www.r2cpress.com.br\/v1\/wp-content\/uploads\/2020\/03\/8-80-300x222.jpg 300w, https:\/\/www.r2cpress.com.br\/v1\/wp-content\/uploads\/2020\/03\/8-80.jpg 600w\" sizes=\"(max-width: 300px) 100vw, 300px\" \/><\/a><\/strong><\/p>\n<p>Na \u00faltima segunda feira (02-03-2020) foram muitas visitas importantes que JOS\u00c9 LEITE recebeu. Somente amigos de muito tempo, a come\u00e7ar pelo lindo casal BENDICHET STOCKLI e ROSIMARY CONCEI\u00c7\u00c3O DOS SANTOS que aceitaram o convite para conhecer JUAZEIRO DO NORTE.<a href=\"http:\/\/www.r2cpress.com.br\/v1\/wp-content\/uploads\/2020\/03\/9-80.jpg\"><img loading=\"lazy\" class=\"aligncenter size-medium wp-image-121800\" src=\"http:\/\/www.r2cpress.com.br\/v1\/wp-content\/uploads\/2020\/03\/9-80-184x300.jpg\" alt=\"\" width=\"184\" height=\"300\" srcset=\"https:\/\/www.r2cpress.com.br\/v1\/wp-content\/uploads\/2020\/03\/9-80-184x300.jpg 184w, https:\/\/www.r2cpress.com.br\/v1\/wp-content\/uploads\/2020\/03\/9-80.jpg 367w\" sizes=\"(max-width: 184px) 100vw, 184px\" \/><\/a><\/p>\n<p>Uma linda visita de uma linda jovem, CL\u00c1UDIA PETRINA vai ser a musa da delega\u00e7\u00e3o, que na pr\u00f3xima semana, viajar\u00e1 para JUAZEIRO DO NORTE. Vai mostrar a beleza Baiana aos Cearenses!<a href=\"http:\/\/www.r2cpress.com.br\/v1\/wp-content\/uploads\/2020\/03\/10-80.jpg\"><img loading=\"lazy\" class=\"aligncenter size-medium wp-image-121801\" src=\"http:\/\/www.r2cpress.com.br\/v1\/wp-content\/uploads\/2020\/03\/10-80-194x300.jpg\" alt=\"\" width=\"194\" height=\"300\" srcset=\"https:\/\/www.r2cpress.com.br\/v1\/wp-content\/uploads\/2020\/03\/10-80-194x300.jpg 194w, https:\/\/www.r2cpress.com.br\/v1\/wp-content\/uploads\/2020\/03\/10-80.jpg 388w\" sizes=\"(max-width: 194px) 100vw, 194px\" \/><\/a><\/p>\n<p style=\"text-align: center;\">Y\u00caDA MARIA FERREIRA \u00e9 outra linda Ilheense que estar\u00e1 abrilhantando na viajem para JUAZEIRO DO NORTE.<a href=\"http:\/\/www.r2cpress.com.br\/v1\/wp-content\/uploads\/2020\/03\/11-81.jpg\"><img loading=\"lazy\" class=\"aligncenter size-medium wp-image-121802\" src=\"http:\/\/www.r2cpress.com.br\/v1\/wp-content\/uploads\/2020\/03\/11-81-157x300.jpg\" alt=\"\" width=\"157\" height=\"300\" srcset=\"https:\/\/www.r2cpress.com.br\/v1\/wp-content\/uploads\/2020\/03\/11-81-157x300.jpg 157w, https:\/\/www.r2cpress.com.br\/v1\/wp-content\/uploads\/2020\/03\/11-81.jpg 314w\" sizes=\"(max-width: 157px) 100vw, 157px\" \/><\/a><\/p>\n<p>Com muita alegria, JOS\u00c9 LEITE recebeu, na \u00faltima segunda feira, o amigo Empres\u00e1rio Hoteleiro LUIGGI MASSA, propriet\u00e1rio do HOTEL LA DOLCE VITA (Praia do Sul). LUIGGI \u00e9 um dos l\u00edderes do Ramo Hoteleiro e quer ver a Cidade de ILH\u00c9US a crescer, MAS T\u00c1 DIF\u00cdCIL!<\/p>\n<p style=\"text-align: center;\"><strong>5) AS FOTOS DESTAQUES DA SEMANA.<\/strong><\/p>\n<p style=\"text-align: center;\">DA S\u00c9RIE, EU ERA ASSIM, FIQUEI ASSIM.<a href=\"http:\/\/www.r2cpress.com.br\/v1\/wp-content\/uploads\/2020\/03\/12-80.jpg\"><img loading=\"lazy\" class=\"aligncenter size-medium wp-image-121803\" src=\"http:\/\/www.r2cpress.com.br\/v1\/wp-content\/uploads\/2020\/03\/12-80-300x133.jpg\" alt=\"\" width=\"300\" height=\"133\" srcset=\"https:\/\/www.r2cpress.com.br\/v1\/wp-content\/uploads\/2020\/03\/12-80-300x133.jpg 300w, https:\/\/www.r2cpress.com.br\/v1\/wp-content\/uploads\/2020\/03\/12-80.jpg 600w\" sizes=\"(max-width: 300px) 100vw, 300px\" \/><\/a><\/p>\n<p>Na BAHIA, ou quem sabe, no BRASIL, n\u00e3o conhe\u00e7o um fot\u00f3grafo que fa\u00e7a um trabalho igual ao do amigo JOS\u00c9 NAZAL. Na sua hist\u00f3ria como fot\u00f3grafo, h\u00e1 mais de 40 anos e com mais de 100 horas de voo de Helic\u00f3ptero, que se somar, j\u00e1 dava para comprar um Carro de Luxo com esse dinheiro gasto nas despesas com os voos. Mas para fotografar ILH\u00c9US, ele ainda vai gastar muito mais, porque ele ama fotografar a cidade mais linda do BRASIL. PARAB\u00c9NS, AMIGO!<\/p>\n<p>Seu acervo vai ficar na hist\u00f3ria, e os ilheenses lhe agradecem. Na foto acima, uma foto da d\u00e9cada de 1980 e uma atual. Fot\u00f3grafo: JOS\u00c9 NAZAL, atual vice Prefeito de ILH\u00c9US.<a href=\"http:\/\/www.r2cpress.com.br\/v1\/wp-content\/uploads\/2020\/03\/13-81.jpg\"><img loading=\"lazy\" class=\"aligncenter size-medium wp-image-121804\" src=\"http:\/\/www.r2cpress.com.br\/v1\/wp-content\/uploads\/2020\/03\/13-81-204x300.jpg\" alt=\"\" width=\"204\" height=\"300\" srcset=\"https:\/\/www.r2cpress.com.br\/v1\/wp-content\/uploads\/2020\/03\/13-81-204x300.jpg 204w, https:\/\/www.r2cpress.com.br\/v1\/wp-content\/uploads\/2020\/03\/13-81.jpg 408w\" sizes=\"(max-width: 204px) 100vw, 204px\" \/><\/a><\/p>\n<p>No \u00faltimo domingo (01-02-2020) JOS\u00c9 LEITE visitando o OUTEIRO S\u00c3O SEBASTI\u00c3O, encontrou 2 amigos de longas datas. Amigos h\u00e1 mais de 50 anos, s\u00e3o eles JOSEVAN (lado direito) e JAIME. Meus amigos, a melhor coisa do mundo \u00e9 ter amigos sinceros!<a href=\"http:\/\/www.r2cpress.com.br\/v1\/wp-content\/uploads\/2020\/03\/14-78.jpg\"><img loading=\"lazy\" class=\"aligncenter size-medium wp-image-121805\" src=\"http:\/\/www.r2cpress.com.br\/v1\/wp-content\/uploads\/2020\/03\/14-78-300x264.jpg\" alt=\"\" width=\"300\" height=\"264\" srcset=\"https:\/\/www.r2cpress.com.br\/v1\/wp-content\/uploads\/2020\/03\/14-78-300x264.jpg 300w, https:\/\/www.r2cpress.com.br\/v1\/wp-content\/uploads\/2020\/03\/14-78.jpg 600w\" sizes=\"(max-width: 300px) 100vw, 300px\" \/><\/a><\/p>\n<p>Essa semana, JOS\u00c9 LEITE ganhou um Presente do seu amigo ilheense. o General LUIZ HENRIQUE MOURA BARRETO, um livro sobre o projeto RONDON com direito a aut\u00f3grafo, e chamar JOS\u00c9 LEITE de \u201cZ\u00c9 DO OURO\u201d. Muito obrigado, querido amigo!<\/p>\n<p style=\"text-align: center;\">(Clique na foto para ampliar).<a href=\"http:\/\/www.r2cpress.com.br\/v1\/wp-content\/uploads\/2020\/03\/15-73.jpg\"><img loading=\"lazy\" class=\"aligncenter size-medium wp-image-121806\" src=\"http:\/\/www.r2cpress.com.br\/v1\/wp-content\/uploads\/2020\/03\/15-73-151x300.jpg\" alt=\"\" width=\"151\" height=\"300\" srcset=\"https:\/\/www.r2cpress.com.br\/v1\/wp-content\/uploads\/2020\/03\/15-73-151x300.jpg 151w, https:\/\/www.r2cpress.com.br\/v1\/wp-content\/uploads\/2020\/03\/15-73.jpg 302w\" sizes=\"(max-width: 151px) 100vw, 151px\" \/><\/a><\/p>\n<p>Agora falando com muita alegria, JOS\u00c9 LEITE est\u00e1 feliz, porque sua galeria de fotos est\u00e1 completa com essa linda foto do seu filho JOS\u00c9 LEITE DE SOUZA FILHO, formado em ADMINISTRA\u00c7\u00c3O. PARAB\u00c9NS, QUERIDO ZEZINHO!<\/p>\n<p style=\"text-align: center;\"><strong>E NO MAIS&#8230;<a href=\"http:\/\/www.r2cpress.com.br\/v1\/wp-content\/uploads\/2020\/03\/16-59.jpg\"><img loading=\"lazy\" class=\"aligncenter size-medium wp-image-121807\" src=\"http:\/\/www.r2cpress.com.br\/v1\/wp-content\/uploads\/2020\/03\/16-59-200x300.jpg\" alt=\"\" width=\"200\" height=\"300\" srcset=\"https:\/\/www.r2cpress.com.br\/v1\/wp-content\/uploads\/2020\/03\/16-59-200x300.jpg 200w, https:\/\/www.r2cpress.com.br\/v1\/wp-content\/uploads\/2020\/03\/16-59.jpg 399w\" sizes=\"(max-width: 200px) 100vw, 200px\" \/><\/a><\/strong><\/p>\n<p>E NESSE DIA 8 DE MAR\u00c7O (DOMINGO) \u00c9 O DIA EM QUE SE COMEMORA O DIA INTERNACIONAL DA MULHER. PARAB\u00c9NS PARA TODAS AS MULHERES ILHEENSES, BRASILEIRAS E DE TODOS OS PA\u00cdSES DO MUNDO. E PARA VOC\u00ca, DONA JOSEFA (foto) MINHA QUERIDA M\u00c3E, ONDE VOC\u00ca ESTIVER, SEI QUE \u00c9 UM BOM LUGAR. MEUS PARAB\u00c9NS, QUE SE VIVA ESTIVESSE ESTARIA COMEMORANDO SEUS 95 ANOS NO DIA 2 DE ABRIL DE 2020. MAS TUDO BEM MAM\u00c3E, BREVE NOS ENCONTRAREMOS. AM\u00c9M!<\/p>\n<p style=\"text-align: center;\"><em><strong>PARA CONFERIR O BA\u00da ANTERIOR, CLICK\u00a0<a href=\"http:\/\/www.r2cpress.com.br\/v1\/2020\/02\/28\/do-fundo-do-bau-de-jose-leite-380\/\"><span style=\"color: #ff0000;\">AQUI<\/span><\/a><\/strong><\/em><\/p>\n<p style=\"text-align: center;\">Texto e fotos: Jos\u00e9 Leite de Souza<\/p>\n<p style=\"text-align: center;\">jleitesouza@hotmail.com<\/p>\n<p style=\"text-align: center;\">(73) 3634-3134<\/p>\n","protected":false},"excerpt":{"rendered":"<p>1) 60 ANOS DE JOS\u00c9 LEITE EM ILH\u00c9US. 2) FLASH DA REUNI\u00c3O MA\u00c7\u00d4NICA REALIZADA EM 18-02-2020. 3) UMA IDEIA QUE DEU CERTO. 4) VISITAS DA SEMANA. 5) AS FOTOS DESTAQUES DA SEMANA.<\/p>\n","protected":false},"author":2,"featured_media":0,"comment_status":"open","ping_status":"open","sticky":false,"template":"","format":"standard","meta":{"_links_to":"","_links_to_target":""},"categories":[39],"tags":[],"_links":{"self":[{"href":"https:\/\/www.r2cpress.com.br\/v1\/wp-json\/wp\/v2\/posts\/121791"}],"collection":[{"href":"https:\/\/www.r2cpress.com.br\/v1\/wp-json\/wp\/v2\/posts"}],"about":[{"href":"https:\/\/www.r2cpress.com.br\/v1\/wp-json\/wp\/v2\/types\/post"}],"author":[{"embeddable":true,"href":"https:\/\/www.r2cpress.com.br\/v1\/wp-json\/wp\/v2\/users\/2"}],"replies":[{"embeddable":true,"href":"https:\/\/www.r2cpress.com.br\/v1\/wp-json\/wp\/v2\/comments?post=121791"}],"version-history":[{"count":1,"href":"https:\/\/www.r2cpress.com.br\/v1\/wp-json\/wp\/v2\/posts\/121791\/revisions"}],"predecessor-version":[{"id":121808,"href":"https:\/\/www.r2cpress.com.br\/v1\/wp-json\/wp\/v2\/posts\/121791\/revisions\/121808"}],"wp:attachment":[{"href":"https:\/\/www.r2cpress.com.br\/v1\/wp-json\/wp\/v2\/media?parent=121791"}],"wp:term":[{"taxonomy":"category","embeddable":true,"href":"https:\/\/www.r2cpress.com.br\/v1\/wp-json\/wp\/v2\/categories?post=121791"},{"taxonomy":"post_tag","embeddable":true,"href":"https:\/\/www.r2cpress.com.br\/v1\/wp-json\/wp\/v2\/tags?post=121791"}],"curies":[{"name":"wp","href":"https:\/\/api.w.org\/{rel}","templated":true}]}}