{"id":121834,"date":"2020-03-13T19:59:07","date_gmt":"2020-03-13T22:59:07","guid":{"rendered":"http:\/\/www.r2cpress.com.br\/v1\/?p=121834"},"modified":"2020-03-13T19:59:07","modified_gmt":"2020-03-13T22:59:07","slug":"do-fundo-do-bau-de-jose-leite-382","status":"publish","type":"post","link":"https:\/\/www.r2cpress.com.br\/v1\/2020\/03\/13\/do-fundo-do-bau-de-jose-leite-382\/","title":{"rendered":"DO FUNDO DO BA\u00da DE JOS\u00c9 LEITE."},"content":{"rendered":"<p><img loading=\"lazy\" class=\"size-medium aligncenter\" src=\"http:\/\/www.r2cpress.com.br\/v1\/wp-content\/uploads\/2020\/01\/bau-1-300x214.jpg\" width=\"300\" height=\"214\" \/><\/p>\n<p style=\"text-align: center;\"><strong>1) 60 ANOS DE JOS\u00c9 LEITE EM ILH\u00c9US.<\/strong><\/p>\n<p style=\"text-align: center;\"><strong>2) MAIS UMA EXCURS\u00c3O PARA JUAZEIRO DO NORTE.<\/strong><\/p>\n<p style=\"text-align: center;\"><strong>3) AS FOTOS DESTAQUES DA SEMANA.<\/strong><!--more--><\/p>\n<p style=\"text-align: center;\"><strong>1) 60 ANOS DE JOS\u00c9 LEITE EM ILH\u00c9US.<a href=\"http:\/\/www.r2cpress.com.br\/v1\/wp-content\/uploads\/2020\/03\/1-2020-03-13T194600.081.jpg\"><img loading=\"lazy\" class=\"aligncenter size-medium wp-image-121835\" src=\"http:\/\/www.r2cpress.com.br\/v1\/wp-content\/uploads\/2020\/03\/1-2020-03-13T194600.081-300x241.jpg\" alt=\"\" width=\"300\" height=\"241\" srcset=\"https:\/\/www.r2cpress.com.br\/v1\/wp-content\/uploads\/2020\/03\/1-2020-03-13T194600.081-300x241.jpg 300w, https:\/\/www.r2cpress.com.br\/v1\/wp-content\/uploads\/2020\/03\/1-2020-03-13T194600.081.jpg 600w\" sizes=\"(max-width: 300px) 100vw, 300px\" \/><\/a><\/strong><\/p>\n<p>Com muita emo\u00e7\u00e3o e alegria, JOS\u00c9 LEITE come\u00e7a a fazer essa Coluna, a d\u00e9cima primeira desse ano aben\u00e7oado de 2020. Um ano que ficar\u00e1 marcado como um dos melhores que ele viveu durante toda a sua vida. Viver 60 anos numa cidade como ILH\u00c9US \u00e9 muito privil\u00e9gio. DEUS \u00e9 grande e fez com que JOS\u00c9 LEITE chegasse at\u00e9 aqui e assim, espera chegar vivo at\u00e9 o final desse ano, AM\u00c9M!<a href=\"http:\/\/www.r2cpress.com.br\/v1\/wp-content\/uploads\/2020\/03\/2-2020-03-13T194622.545.jpg\"><img loading=\"lazy\" class=\"aligncenter size-medium wp-image-121836\" src=\"http:\/\/www.r2cpress.com.br\/v1\/wp-content\/uploads\/2020\/03\/2-2020-03-13T194622.545-113x300.jpg\" alt=\"\" width=\"113\" height=\"300\" srcset=\"https:\/\/www.r2cpress.com.br\/v1\/wp-content\/uploads\/2020\/03\/2-2020-03-13T194622.545-113x300.jpg 113w, https:\/\/www.r2cpress.com.br\/v1\/wp-content\/uploads\/2020\/03\/2-2020-03-13T194622.545.jpg 263w\" sizes=\"(max-width: 113px) 100vw, 113px\" \/><\/a><\/p>\n<p>Na d\u00e9cada de 1970, o amigo saudoso jornalista GILBERTO SABOIA, mantinha uma Coluna no JORNAL TRIBUNA DO CACAU. GILBERTO SABOIA tamb\u00e9m foi gerente do JORNAL DI\u00c1RIO DA TARDE DE ILH\u00c9US e Presidente, por v\u00e1rios anos, do KENNER CLUB DE ILH\u00c9US. GILBERTO SABOIA foi um dos homens que ajudaram a cidade de ILH\u00c9US a crescer. Na foto, uma parte da Coluna LABIRINTO, escrita por GILBERTO SABOIA no JORNAL TRIBUNA DO CACAU, edi\u00e7\u00e3o de 21 de maio de 1973. (Clique na foto para ampliar).<a href=\"http:\/\/www.r2cpress.com.br\/v1\/wp-content\/uploads\/2020\/03\/3-88.jpg\"><img loading=\"lazy\" class=\"aligncenter size-medium wp-image-121837\" src=\"http:\/\/www.r2cpress.com.br\/v1\/wp-content\/uploads\/2020\/03\/3-88-300x259.jpg\" alt=\"\" width=\"300\" height=\"259\" srcset=\"https:\/\/www.r2cpress.com.br\/v1\/wp-content\/uploads\/2020\/03\/3-88-300x259.jpg 300w, https:\/\/www.r2cpress.com.br\/v1\/wp-content\/uploads\/2020\/03\/3-88.jpg 600w\" sizes=\"(max-width: 300px) 100vw, 300px\" \/><\/a><\/p>\n<p>1960, ano que JOS\u00c9 LEITE chegou em ILH\u00c9US. OLIVEN\u00c7A tamb\u00e9m foi visitada, naquele ano, por JOS\u00c9 LEITE para negociar suas mercadorias, e foi bem sucedido.<a href=\"http:\/\/www.r2cpress.com.br\/v1\/wp-content\/uploads\/2020\/03\/4-84.jpg\"><img loading=\"lazy\" class=\"aligncenter size-medium wp-image-121838\" src=\"http:\/\/www.r2cpress.com.br\/v1\/wp-content\/uploads\/2020\/03\/4-84-205x300.jpg\" alt=\"\" width=\"205\" height=\"300\" srcset=\"https:\/\/www.r2cpress.com.br\/v1\/wp-content\/uploads\/2020\/03\/4-84-205x300.jpg 205w, https:\/\/www.r2cpress.com.br\/v1\/wp-content\/uploads\/2020\/03\/4-84.jpg 410w\" sizes=\"(max-width: 205px) 100vw, 205px\" \/><\/a><\/p>\n<p>Na d\u00e9cada de 1960, a PRAIA DO PONTAL era uma das preferidas por JOS\u00c9 LEITE, principalmente para saborear os gostosos Caranguejos da CABANA DA SEREIA.<\/p>\n<p style=\"text-align: center;\"><strong>2) MAIS UMA EXCURS\u00c3O PARA JUAZEIRO DO NORTE.<\/strong><\/p>\n<p>Com essa excurs\u00e3o que saiu nessa quinta-feira (12-03-2020) de ILH\u00c9US para JUAZEIRO DO NORTE, completam 4 viagens, sendo 3 de \u00f4nibus e uma de avi\u00e3o.<a href=\"http:\/\/www.r2cpress.com.br\/v1\/wp-content\/uploads\/2020\/03\/5-82.jpg\"><img loading=\"lazy\" class=\"aligncenter size-medium wp-image-121839\" src=\"http:\/\/www.r2cpress.com.br\/v1\/wp-content\/uploads\/2020\/03\/5-82-300x178.jpg\" alt=\"\" width=\"300\" height=\"178\" srcset=\"https:\/\/www.r2cpress.com.br\/v1\/wp-content\/uploads\/2020\/03\/5-82-300x178.jpg 300w, https:\/\/www.r2cpress.com.br\/v1\/wp-content\/uploads\/2020\/03\/5-82.jpg 600w\" sizes=\"(max-width: 300px) 100vw, 300px\" \/><\/a><\/p>\n<p>A Primeira Excurs\u00e3o aconteceu em 2011, quando a cidade de JUAZEIRO DO NORTE comemorou seu Centen\u00e1rio. Na foto acima, uma parte da Delega\u00e7\u00e3o de ILH\u00c9US no ARAJARA PARQUE na cidade de BARBALHA. (Foto: 21-07-2011).<a href=\"http:\/\/www.r2cpress.com.br\/v1\/wp-content\/uploads\/2020\/03\/6-81.jpg\"><img loading=\"lazy\" class=\"aligncenter size-medium wp-image-121840\" src=\"http:\/\/www.r2cpress.com.br\/v1\/wp-content\/uploads\/2020\/03\/6-81-300x133.jpg\" alt=\"\" width=\"300\" height=\"133\" srcset=\"https:\/\/www.r2cpress.com.br\/v1\/wp-content\/uploads\/2020\/03\/6-81-300x133.jpg 300w, https:\/\/www.r2cpress.com.br\/v1\/wp-content\/uploads\/2020\/03\/6-81.jpg 600w\" sizes=\"(max-width: 300px) 100vw, 300px\" \/><\/a><\/p>\n<p>No ano de 2012, mais uma excurs\u00e3o, s\u00f3 que dessa vez, foi de avi\u00e3o. Na 1\u00aa foto: Uma parte da delega\u00e7\u00e3o de ILH\u00c9US na resid\u00eancia do Dr. GERALDO MENEZES BARBOSA. Na 2\u00aa foto: Presen\u00e7a de PIRILAMPO com seus 2 carros iluminados em JUAZEIRO DO NORTE, que viajou de ILH\u00c9US e se incorporou \u00e0 Delega\u00e7\u00e3o.<a href=\"http:\/\/www.r2cpress.com.br\/v1\/wp-content\/uploads\/2020\/03\/7-83.jpg\"><img loading=\"lazy\" class=\"aligncenter size-medium wp-image-121841\" src=\"http:\/\/www.r2cpress.com.br\/v1\/wp-content\/uploads\/2020\/03\/7-83-300x234.jpg\" alt=\"\" width=\"300\" height=\"234\" srcset=\"https:\/\/www.r2cpress.com.br\/v1\/wp-content\/uploads\/2020\/03\/7-83-300x234.jpg 300w, https:\/\/www.r2cpress.com.br\/v1\/wp-content\/uploads\/2020\/03\/7-83.jpg 563w\" sizes=\"(max-width: 300px) 100vw, 300px\" \/><\/a><\/p>\n<p>A 3\u00aa Excurs\u00e3o aconteceu no ano passado, precisamente no m\u00eas de julho de 2019. Na foto: Uma parte da delega\u00e7\u00e3o de ILH\u00c9US depois do t\u00e9rmino da Missa Celebrada na BAS\u00cdLICA MENOR de NOSSA SENHORA DAS DORES. No centro da foto o Prefeito Dr. ARNON BEZERRA e seu filho PEDRO BEZERRA, Deputado Federal.<a href=\"http:\/\/www.r2cpress.com.br\/v1\/wp-content\/uploads\/2020\/03\/8-81.jpg\"><img loading=\"lazy\" class=\"aligncenter  wp-image-121842\" src=\"http:\/\/www.r2cpress.com.br\/v1\/wp-content\/uploads\/2020\/03\/8-81-292x300.jpg\" alt=\"\" width=\"327\" height=\"336\" srcset=\"https:\/\/www.r2cpress.com.br\/v1\/wp-content\/uploads\/2020\/03\/8-81-292x300.jpg 292w, https:\/\/www.r2cpress.com.br\/v1\/wp-content\/uploads\/2020\/03\/8-81.jpg 583w\" sizes=\"(max-width: 327px) 100vw, 327px\" \/><\/a><\/p>\n<p>Excurs\u00e3o de ILH\u00c9US para JUAZEIRO DO NORTE que viajou nesta quinta-feira. Observe na foto acima a programa\u00e7\u00e3o.<\/p>\n<p>(Clique na foto para ampliar)<a href=\"http:\/\/www.r2cpress.com.br\/v1\/wp-content\/uploads\/2020\/03\/9-81.jpg\"><img loading=\"lazy\" class=\"aligncenter size-medium wp-image-121843\" src=\"http:\/\/www.r2cpress.com.br\/v1\/wp-content\/uploads\/2020\/03\/9-81-300x225.jpg\" alt=\"\" width=\"300\" height=\"225\" srcset=\"https:\/\/www.r2cpress.com.br\/v1\/wp-content\/uploads\/2020\/03\/9-81-300x225.jpg 300w, https:\/\/www.r2cpress.com.br\/v1\/wp-content\/uploads\/2020\/03\/9-81.jpg 600w\" sizes=\"(max-width: 300px) 100vw, 300px\" \/><\/a><\/p>\n<p>Foto da Camisa que foi distribu\u00edda a cada participante da viagem. A cidade de ILH\u00c9US sendo divulgada na REGI\u00c3O DO CARIRI.<\/p>\n<p>(Clique na foto para ampliar).<a href=\"http:\/\/www.r2cpress.com.br\/v1\/wp-content\/uploads\/2020\/03\/10-81.jpg\"><img loading=\"lazy\" class=\"aligncenter size-medium wp-image-121844\" src=\"http:\/\/www.r2cpress.com.br\/v1\/wp-content\/uploads\/2020\/03\/10-81-300x214.jpg\" alt=\"\" width=\"300\" height=\"214\" srcset=\"https:\/\/www.r2cpress.com.br\/v1\/wp-content\/uploads\/2020\/03\/10-81-300x214.jpg 300w, https:\/\/www.r2cpress.com.br\/v1\/wp-content\/uploads\/2020\/03\/10-81.jpg 600w\" sizes=\"(max-width: 300px) 100vw, 300px\" \/><\/a><\/p>\n<p>Um dos importantes Eventos que a Delega\u00e7\u00e3o de ILH\u00c9US vai participar ser\u00e1 a Inaugura\u00e7\u00e3o da EST\u00c1TUA DE SEU LUNGA, que ser\u00e1 inaugurada nesse S\u00e1bado (14-03-2020) em JUAZEIRO DO NORTE.<a href=\"http:\/\/www.r2cpress.com.br\/v1\/wp-content\/uploads\/2020\/03\/11-82.jpg\"><img loading=\"lazy\" class=\"aligncenter size-medium wp-image-121845\" src=\"http:\/\/www.r2cpress.com.br\/v1\/wp-content\/uploads\/2020\/03\/11-82-300x203.jpg\" alt=\"\" width=\"300\" height=\"203\" srcset=\"https:\/\/www.r2cpress.com.br\/v1\/wp-content\/uploads\/2020\/03\/11-82-300x203.jpg 300w, https:\/\/www.r2cpress.com.br\/v1\/wp-content\/uploads\/2020\/03\/11-82.jpg 600w\" sizes=\"(max-width: 300px) 100vw, 300px\" \/><\/a><\/p>\n<p>Convite da ACADEMIA DE LETRAS DE ILH\u00c9US recebido por JOS\u00c9 LEITE. Infelizmente nesse dia (14-03-2020), o homem estar\u00e1 em JUAZEIRO DO NORTE.<\/p>\n<p>(Clique na foto para ampliar).<a href=\"http:\/\/www.r2cpress.com.br\/v1\/wp-content\/uploads\/2020\/03\/12-81.jpg\"><img loading=\"lazy\" class=\"aligncenter size-medium wp-image-121846\" src=\"http:\/\/www.r2cpress.com.br\/v1\/wp-content\/uploads\/2020\/03\/12-81-300x224.jpg\" alt=\"\" width=\"300\" height=\"224\" srcset=\"https:\/\/www.r2cpress.com.br\/v1\/wp-content\/uploads\/2020\/03\/12-81-300x224.jpg 300w, https:\/\/www.r2cpress.com.br\/v1\/wp-content\/uploads\/2020\/03\/12-81.jpg 600w\" sizes=\"(max-width: 300px) 100vw, 300px\" \/><\/a><\/p>\n<p>Chegando uma proposta para comprar a CASA DE PRAIA (foto) no bairro S\u00c3O MIGUEL. E agora JOS\u00c9 LEITE! VENDE OU N\u00c3O VENDE?<a href=\"http:\/\/www.r2cpress.com.br\/v1\/wp-content\/uploads\/2020\/03\/13-82.jpg\"><img loading=\"lazy\" class=\"aligncenter size-medium wp-image-121847\" src=\"http:\/\/www.r2cpress.com.br\/v1\/wp-content\/uploads\/2020\/03\/13-82-201x300.jpg\" alt=\"\" width=\"201\" height=\"300\" srcset=\"https:\/\/www.r2cpress.com.br\/v1\/wp-content\/uploads\/2020\/03\/13-82-201x300.jpg 201w, https:\/\/www.r2cpress.com.br\/v1\/wp-content\/uploads\/2020\/03\/13-82.jpg 402w\" sizes=\"(max-width: 201px) 100vw, 201px\" \/><\/a><\/p>\n<p>Quando tr\u00eas Cearenses se encontram no Cal\u00e7ad\u00e3o da Rua Jorge Amado, ANT\u00d4NIO JOS\u00c9 DE ALENCAR ladeado por ALFREDO LANDIM e JOS\u00c9 LEITE.<\/p>\n<p>(Foto: 09-03-2020).<\/p>\n<p style=\"text-align: center;\"><strong>E NO MAIS&#8230;<a href=\"http:\/\/www.r2cpress.com.br\/v1\/wp-content\/uploads\/2020\/03\/14-79.jpg\"><img loading=\"lazy\" class=\"aligncenter size-medium wp-image-121848\" src=\"http:\/\/www.r2cpress.com.br\/v1\/wp-content\/uploads\/2020\/03\/14-79-300x200.jpg\" alt=\"\" width=\"300\" height=\"200\" srcset=\"https:\/\/www.r2cpress.com.br\/v1\/wp-content\/uploads\/2020\/03\/14-79-300x200.jpg 300w, https:\/\/www.r2cpress.com.br\/v1\/wp-content\/uploads\/2020\/03\/14-79.jpg 600w\" sizes=\"(max-width: 300px) 100vw, 300px\" \/><\/a><\/strong><\/p>\n<p>E nessa quinta feira (12-03-2020) todos os caminhos levam 30 Ilheenses para JUAZEIRO DO NORTE, para a Inaugura\u00e7\u00e3o da Est\u00e1tua de SEU LUNGA, que acontece nesse s\u00e1bado (14-03-2020).<\/p>\n<p style=\"text-align: center;\"><em><strong>PARA CONFERIR O BA\u00da ANTERIOR, CLICK\u00a0<a href=\"http:\/\/www.r2cpress.com.br\/v1\/2020\/03\/06\/do-fundo-do-bau-de-jose-leite-381\/#more-121791\"><span style=\"color: #ff0000;\">AQUI<\/span><\/a><\/strong><\/em><\/p>\n<p style=\"text-align: center;\">Texto e fotos: Jos\u00e9 Leite de Souza<\/p>\n<p style=\"text-align: center;\">jleitesouza@hotmail.com<\/p>\n<p style=\"text-align: center;\">(73) 3634-3134<\/p>\n","protected":false},"excerpt":{"rendered":"<p>1) 60 ANOS DE JOS\u00c9 LEITE EM ILH\u00c9US. 2) MAIS UMA EXCURS\u00c3O PARA JUAZEIRO DO NORTE. 3) AS FOTOS DESTAQUES DA SEMANA.<\/p>\n","protected":false},"author":2,"featured_media":0,"comment_status":"open","ping_status":"open","sticky":false,"template":"","format":"standard","meta":{"_links_to":"","_links_to_target":""},"categories":[39],"tags":[],"_links":{"self":[{"href":"https:\/\/www.r2cpress.com.br\/v1\/wp-json\/wp\/v2\/posts\/121834"}],"collection":[{"href":"https:\/\/www.r2cpress.com.br\/v1\/wp-json\/wp\/v2\/posts"}],"about":[{"href":"https:\/\/www.r2cpress.com.br\/v1\/wp-json\/wp\/v2\/types\/post"}],"author":[{"embeddable":true,"href":"https:\/\/www.r2cpress.com.br\/v1\/wp-json\/wp\/v2\/users\/2"}],"replies":[{"embeddable":true,"href":"https:\/\/www.r2cpress.com.br\/v1\/wp-json\/wp\/v2\/comments?post=121834"}],"version-history":[{"count":1,"href":"https:\/\/www.r2cpress.com.br\/v1\/wp-json\/wp\/v2\/posts\/121834\/revisions"}],"predecessor-version":[{"id":121849,"href":"https:\/\/www.r2cpress.com.br\/v1\/wp-json\/wp\/v2\/posts\/121834\/revisions\/121849"}],"wp:attachment":[{"href":"https:\/\/www.r2cpress.com.br\/v1\/wp-json\/wp\/v2\/media?parent=121834"}],"wp:term":[{"taxonomy":"category","embeddable":true,"href":"https:\/\/www.r2cpress.com.br\/v1\/wp-json\/wp\/v2\/categories?post=121834"},{"taxonomy":"post_tag","embeddable":true,"href":"https:\/\/www.r2cpress.com.br\/v1\/wp-json\/wp\/v2\/tags?post=121834"}],"curies":[{"name":"wp","href":"https:\/\/api.w.org\/{rel}","templated":true}]}}