{"id":121912,"date":"2020-03-27T21:15:44","date_gmt":"2020-03-28T00:15:44","guid":{"rendered":"http:\/\/www.r2cpress.com.br\/v1\/?p=121912"},"modified":"2020-03-27T21:15:44","modified_gmt":"2020-03-28T00:15:44","slug":"do-fundo-do-bau-de-jose-leite-383","status":"publish","type":"post","link":"https:\/\/www.r2cpress.com.br\/v1\/2020\/03\/27\/do-fundo-do-bau-de-jose-leite-383\/","title":{"rendered":"DO FUNDO DO BA\u00da DE JOS\u00c9 LEITE."},"content":{"rendered":"<h2 style=\"text-align: center;\"><img loading=\"lazy\" class=\"alignnone size-medium\" src=\"http:\/\/www.r2cpress.com.br\/v1\/wp-content\/uploads\/2020\/01\/bau-1-300x214.jpg\" width=\"300\" height=\"214\" \/><\/h2>\n<h2 style=\"text-align: center;\">1) 60 ANOS DE JOS\u00c9 LEITE EM ILH\u00c9US.<\/h2>\n<h2 style=\"text-align: center;\">2) VIAGEM PARA JUAZEIRO DO NORTE<\/h2>\n<h2 style=\"text-align: center;\">3) AS FOTOS DESTAQUES DA SEMANA.<\/h2>\n<p><!--more--><\/p>\n<h2 style=\"text-align: center;\">1) 60 ANOS DE JOS\u00c9 LEITE EM ILH\u00c9US.<a href=\"http:\/\/www.r2cpress.com.br\/v1\/wp-content\/uploads\/2020\/03\/1-2020-03-28T211631.569.jpg\"><img loading=\"lazy\" class=\"aligncenter size-medium wp-image-121913\" src=\"http:\/\/www.r2cpress.com.br\/v1\/wp-content\/uploads\/2020\/03\/1-2020-03-28T211631.569-300x241.jpg\" alt=\"\" width=\"300\" height=\"241\" srcset=\"https:\/\/www.r2cpress.com.br\/v1\/wp-content\/uploads\/2020\/03\/1-2020-03-28T211631.569-300x241.jpg 300w, https:\/\/www.r2cpress.com.br\/v1\/wp-content\/uploads\/2020\/03\/1-2020-03-28T211631.569.jpg 600w\" sizes=\"(max-width: 300px) 100vw, 300px\" \/><\/a><\/h2>\n<h2 style=\"text-align: center;\">Com muita emo\u00e7\u00e3o e alegria, JOS\u00c9 LEITE come\u00e7a a fazer essa Coluna, a d\u00e9cima terceira desse ano aben\u00e7oado de 2020. Um ano que ficar\u00e1 marcado como um dos melhores que ele viveu durante toda a sua vida. Viver 60 anos numa cidade como ILH\u00c9US \u00e9 muito privil\u00e9gio. DEUS \u00e9 grande e fez com que JOS\u00c9 LEITE chegasse at\u00e9 aqui e assim, espera chegar vivo at\u00e9 o final desse ano, AM\u00c9M!<a href=\"http:\/\/www.r2cpress.com.br\/v1\/wp-content\/uploads\/2020\/03\/2-2020-03-28T211642.811.jpg\"><img loading=\"lazy\" class=\"aligncenter size-medium wp-image-121914\" src=\"http:\/\/www.r2cpress.com.br\/v1\/wp-content\/uploads\/2020\/03\/2-2020-03-28T211642.811-211x300.jpg\" alt=\"\" width=\"211\" height=\"300\" srcset=\"https:\/\/www.r2cpress.com.br\/v1\/wp-content\/uploads\/2020\/03\/2-2020-03-28T211642.811-211x300.jpg 211w, https:\/\/www.r2cpress.com.br\/v1\/wp-content\/uploads\/2020\/03\/2-2020-03-28T211642.811.jpg 422w\" sizes=\"(max-width: 211px) 100vw, 211px\" \/><\/a><\/h2>\n<h2 style=\"text-align: center;\">Na 1\u00aa not\u00edcia: H\u00e1 86 anos atr\u00e1s (1936), OS LAR\u00c1PIOS j\u00e1 agiam soltos em ILH\u00c9US, roubaram a casa do Dr. RAYMUNDO PACHECO que, em 1937 foi nomeado Prefeito de ILH\u00c9US.<\/h2>\n<h2 style=\"text-align: center;\">Na 2\u00aa not\u00edcia: O salvamento de um Navio Sueco na entrada da BAIA DO PONTAL. Not\u00edcia do JORNAL DI\u00c1RIO DA TARDE, edi\u00e7\u00e3o de 13-11-1936.<\/h2>\n<h2 style=\"text-align: center;\">(Clik na foto para amplicar).<a href=\"http:\/\/www.r2cpress.com.br\/v1\/wp-content\/uploads\/2020\/03\/3-90.jpg\"><img loading=\"lazy\" class=\"aligncenter size-medium wp-image-121915\" src=\"http:\/\/www.r2cpress.com.br\/v1\/wp-content\/uploads\/2020\/03\/3-90-300x127.jpg\" alt=\"\" width=\"300\" height=\"127\" srcset=\"https:\/\/www.r2cpress.com.br\/v1\/wp-content\/uploads\/2020\/03\/3-90-300x127.jpg 300w, https:\/\/www.r2cpress.com.br\/v1\/wp-content\/uploads\/2020\/03\/3-90.jpg 600w\" sizes=\"(max-width: 300px) 100vw, 300px\" \/><\/a><\/h2>\n<h2 style=\"text-align: center;\">Foto do trecho do livro \u201cNOSSA ILH\u00c9US\u201d do amigo, fot\u00f3grafo, escritor, historiador e Vice-Prefeito de ILH\u00c9US, JOS\u00c9 NAZAL PACHECO SOUB, neto do Dr. RAYMUNDO PACHECO.<\/h2>\n<h2 style=\"text-align: center;\">2) VIAGEM PARA JUAZEIRO DO NORTE.<a href=\"http:\/\/www.r2cpress.com.br\/v1\/wp-content\/uploads\/2020\/03\/4-86.jpg\"><img loading=\"lazy\" class=\"aligncenter size-medium wp-image-121916\" src=\"http:\/\/www.r2cpress.com.br\/v1\/wp-content\/uploads\/2020\/03\/4-86-300x200.jpg\" alt=\"\" width=\"300\" height=\"200\" srcset=\"https:\/\/www.r2cpress.com.br\/v1\/wp-content\/uploads\/2020\/03\/4-86-300x200.jpg 300w, https:\/\/www.r2cpress.com.br\/v1\/wp-content\/uploads\/2020\/03\/4-86.jpg 600w\" sizes=\"(max-width: 300px) 100vw, 300px\" \/><\/a><\/h2>\n<h2 style=\"text-align: center;\">Na foto: Uma parte da Delega\u00e7\u00e3o de ILH\u00c9US que viajou para JUAZEIRO DO NORTE no dia 12-03-2020.<a href=\"http:\/\/www.r2cpress.com.br\/v1\/wp-content\/uploads\/2020\/03\/5-84.jpg\"><img loading=\"lazy\" class=\"aligncenter size-medium wp-image-121917\" src=\"http:\/\/www.r2cpress.com.br\/v1\/wp-content\/uploads\/2020\/03\/5-84-300x196.jpg\" alt=\"\" width=\"300\" height=\"196\" srcset=\"https:\/\/www.r2cpress.com.br\/v1\/wp-content\/uploads\/2020\/03\/5-84-300x196.jpg 300w, https:\/\/www.r2cpress.com.br\/v1\/wp-content\/uploads\/2020\/03\/5-84.jpg 600w\" sizes=\"(max-width: 300px) 100vw, 300px\" \/><\/a><\/h2>\n<h2 style=\"text-align: center;\">Chegando em JUAZEIRO DO NORTE, \u00e0s 12h30min do dia 13-03-2020 antes de chegarem ao HOTEL, foram almo\u00e7ar no RESTAURANTE SABORES DA CARNE.<a href=\"http:\/\/www.r2cpress.com.br\/v1\/wp-content\/uploads\/2020\/03\/6-83.jpg\"><img loading=\"lazy\" class=\"aligncenter size-medium wp-image-121918\" src=\"http:\/\/www.r2cpress.com.br\/v1\/wp-content\/uploads\/2020\/03\/6-83-300x189.jpg\" alt=\"\" width=\"300\" height=\"189\" srcset=\"https:\/\/www.r2cpress.com.br\/v1\/wp-content\/uploads\/2020\/03\/6-83-300x189.jpg 300w, https:\/\/www.r2cpress.com.br\/v1\/wp-content\/uploads\/2020\/03\/6-83.jpg 600w\" sizes=\"(max-width: 300px) 100vw, 300px\" \/><\/a><\/h2>\n<h2 style=\"text-align: center;\">Na sexta feira \u00e0 noite, foram visitar a ALAMEDA JUAZEIRO e a CANTINA-MUSEU Z\u00c9 FERREIRA. (Foto: 14-03-2020).<a href=\"http:\/\/www.r2cpress.com.br\/v1\/wp-content\/uploads\/2020\/03\/7-85.jpg\"><img loading=\"lazy\" class=\"aligncenter size-medium wp-image-121919\" src=\"http:\/\/www.r2cpress.com.br\/v1\/wp-content\/uploads\/2020\/03\/7-85-300x195.jpg\" alt=\"\" width=\"300\" height=\"195\" srcset=\"https:\/\/www.r2cpress.com.br\/v1\/wp-content\/uploads\/2020\/03\/7-85-300x195.jpg 300w, https:\/\/www.r2cpress.com.br\/v1\/wp-content\/uploads\/2020\/03\/7-85.jpg 600w\" sizes=\"(max-width: 300px) 100vw, 300px\" \/><\/a><\/h2>\n<h2 style=\"text-align: center;\">No s\u00e1bado, os Ilheenses foram visitar A ESTA\u00c7\u00c3O HIDROMINERAL DO CALDAS na cidade de BARBALHA. Todos felizes!<a href=\"http:\/\/www.r2cpress.com.br\/v1\/wp-content\/uploads\/2020\/03\/8-83.jpg\"><img loading=\"lazy\" class=\"aligncenter size-medium wp-image-121920\" src=\"http:\/\/www.r2cpress.com.br\/v1\/wp-content\/uploads\/2020\/03\/8-83-300x229.jpg\" alt=\"\" width=\"300\" height=\"229\" srcset=\"https:\/\/www.r2cpress.com.br\/v1\/wp-content\/uploads\/2020\/03\/8-83-300x229.jpg 300w, https:\/\/www.r2cpress.com.br\/v1\/wp-content\/uploads\/2020\/03\/8-83.jpg 600w\" sizes=\"(max-width: 300px) 100vw, 300px\" \/><\/a><\/h2>\n<h2 style=\"text-align: center;\">O Primeiro a tomar banho nas \u00c1GUAS MEDICINAIS. Adivinha quem foi?<a href=\"http:\/\/www.r2cpress.com.br\/v1\/wp-content\/uploads\/2020\/03\/9-83.jpg\"><img loading=\"lazy\" class=\"aligncenter size-medium wp-image-121921\" src=\"http:\/\/www.r2cpress.com.br\/v1\/wp-content\/uploads\/2020\/03\/9-83-294x300.jpg\" alt=\"\" width=\"294\" height=\"300\" srcset=\"https:\/\/www.r2cpress.com.br\/v1\/wp-content\/uploads\/2020\/03\/9-83-294x300.jpg 294w, https:\/\/www.r2cpress.com.br\/v1\/wp-content\/uploads\/2020\/03\/9-83.jpg 587w\" sizes=\"(max-width: 294px) 100vw, 294px\" \/><\/a><\/h2>\n<h2 style=\"text-align: center;\">Depois da inaugura\u00e7\u00e3o da EST\u00c1TUA DE SEU LUNGA, JOS\u00c9 LEITE e sua amiga ROS\u00c2NGELA REGINALDO TEN\u00d3RIO foram agradecer a DEUS e ao PADRE C\u00cdCERO, por tudo ter dado certo.<a href=\"http:\/\/www.r2cpress.com.br\/v1\/wp-content\/uploads\/2020\/03\/10-83.jpg\"><img loading=\"lazy\" class=\"aligncenter size-medium wp-image-121922\" src=\"http:\/\/www.r2cpress.com.br\/v1\/wp-content\/uploads\/2020\/03\/10-83-300x205.jpg\" alt=\"\" width=\"300\" height=\"205\" srcset=\"https:\/\/www.r2cpress.com.br\/v1\/wp-content\/uploads\/2020\/03\/10-83-300x205.jpg 300w, https:\/\/www.r2cpress.com.br\/v1\/wp-content\/uploads\/2020\/03\/10-83.jpg 600w\" sizes=\"(max-width: 300px) 100vw, 300px\" \/><\/a><\/h2>\n<h2 style=\"text-align: center;\">Depois da EST\u00c1TUA DE SEU LUNGA inaugurada, a alegria de JOS\u00c9 LEITE e do Prefeito de JUAZEIRO DO NORTE, ARNON BEZERRA.<a href=\"http:\/\/www.r2cpress.com.br\/v1\/wp-content\/uploads\/2020\/03\/11-84.jpg\"><img loading=\"lazy\" class=\"aligncenter size-medium wp-image-121923\" src=\"http:\/\/www.r2cpress.com.br\/v1\/wp-content\/uploads\/2020\/03\/11-84-300x151.jpg\" alt=\"\" width=\"300\" height=\"151\" srcset=\"https:\/\/www.r2cpress.com.br\/v1\/wp-content\/uploads\/2020\/03\/11-84-300x151.jpg 300w, https:\/\/www.r2cpress.com.br\/v1\/wp-content\/uploads\/2020\/03\/11-84.jpg 600w\" sizes=\"(max-width: 300px) 100vw, 300px\" \/><\/a><\/h2>\n<h2 style=\"text-align: center;\">Na 1\u00aa foto: O Escultor da EST\u00c1TUA DE SEU LUNGA e JOS\u00c9 LEITE. S\u00f3 alegria!<\/h2>\n<h2 style=\"text-align: center;\">Na 2\u00aa foto: JOS\u00c9 LEITE cumprimentando DONA CARM\u00c9LITA, esposa de SEU LUNGA e algumas de suas 10 Filhas.<a href=\"http:\/\/www.r2cpress.com.br\/v1\/wp-content\/uploads\/2020\/03\/12-83.jpg\"><img loading=\"lazy\" class=\"aligncenter size-medium wp-image-121924\" src=\"http:\/\/www.r2cpress.com.br\/v1\/wp-content\/uploads\/2020\/03\/12-83-300x175.jpg\" alt=\"\" width=\"300\" height=\"175\" srcset=\"https:\/\/www.r2cpress.com.br\/v1\/wp-content\/uploads\/2020\/03\/12-83-300x175.jpg 300w, https:\/\/www.r2cpress.com.br\/v1\/wp-content\/uploads\/2020\/03\/12-83.jpg 600w\" sizes=\"(max-width: 300px) 100vw, 300px\" \/><\/a><\/h2>\n<h2 style=\"text-align: center;\">Na 1\u00aa foto: Visita dos Ilheenses aos amigos da ASSOCIA\u00c7\u00c3O DOS AMIGOS DO BANCO DA PRA\u00c7A PADRE C\u00cdCERO.<\/h2>\n<h2 style=\"text-align: center;\">Na 2\u00aa foto: Na COLINA DO HORTO, JOS\u00c9 LEITE bem acompanhado com sua cunhada ELISA e a sobrinha CL\u00c1UDIA.<a href=\"http:\/\/www.r2cpress.com.br\/v1\/wp-content\/uploads\/2020\/03\/13-84.jpg\"><img loading=\"lazy\" class=\"aligncenter size-medium wp-image-121925\" src=\"http:\/\/www.r2cpress.com.br\/v1\/wp-content\/uploads\/2020\/03\/13-84-300x152.jpg\" alt=\"\" width=\"300\" height=\"152\" srcset=\"https:\/\/www.r2cpress.com.br\/v1\/wp-content\/uploads\/2020\/03\/13-84-300x152.jpg 300w, https:\/\/www.r2cpress.com.br\/v1\/wp-content\/uploads\/2020\/03\/13-84.jpg 600w\" sizes=\"(max-width: 300px) 100vw, 300px\" \/><\/a><\/h2>\n<h2 style=\"text-align: center;\">Os Ilheenses em visita ao altar do SANTU\u00c1RIO S\u00c3O FRANCISCO em JUAZEIRO DO NORTE. (Foto: 15-03-2020).<a href=\"http:\/\/www.r2cpress.com.br\/v1\/wp-content\/uploads\/2020\/03\/14-80.jpg\"><img loading=\"lazy\" class=\"aligncenter size-medium wp-image-121926\" src=\"http:\/\/www.r2cpress.com.br\/v1\/wp-content\/uploads\/2020\/03\/14-80-300x300.jpg\" alt=\"\" width=\"300\" height=\"300\" srcset=\"https:\/\/www.r2cpress.com.br\/v1\/wp-content\/uploads\/2020\/03\/14-80-300x300.jpg 300w, https:\/\/www.r2cpress.com.br\/v1\/wp-content\/uploads\/2020\/03\/14-80-150x150.jpg 150w, https:\/\/www.r2cpress.com.br\/v1\/wp-content\/uploads\/2020\/03\/14-80.jpg 574w\" sizes=\"(max-width: 300px) 100vw, 300px\" \/><\/a><\/h2>\n<h2 style=\"text-align: center;\">JOS\u00c9 LEITE e seu Primo FRAN\u00c7A LEITE (Presidente do ICASA) que tamb\u00e9m participou da Comiss\u00e3o para a Constru\u00e7\u00e3o da EST\u00c1TUA DE SEU LUNGA.<a href=\"http:\/\/www.r2cpress.com.br\/v1\/wp-content\/uploads\/2020\/03\/15-74.jpg\"><img loading=\"lazy\" class=\"aligncenter size-medium wp-image-121927\" src=\"http:\/\/www.r2cpress.com.br\/v1\/wp-content\/uploads\/2020\/03\/15-74-300x223.jpg\" alt=\"\" width=\"300\" height=\"223\" srcset=\"https:\/\/www.r2cpress.com.br\/v1\/wp-content\/uploads\/2020\/03\/15-74-300x223.jpg 300w, https:\/\/www.r2cpress.com.br\/v1\/wp-content\/uploads\/2020\/03\/15-74.jpg 600w\" sizes=\"(max-width: 300px) 100vw, 300px\" \/><\/a><\/h2>\n<h2 style=\"text-align: center;\">Na 1\u00aa foto: No domingo (15-03-2020) um dia depois da inaugura\u00e7\u00e3o da EST\u00c1TUA DE SEU LUNGA, JOS\u00c9 LEITE saiu na foto com seu amigo LUNGA.<\/h2>\n<h2 style=\"text-align: center;\">Na 2\u00aa foto: JO\u00c3O BOSCO, Cearense da cidade do CRATO, amig\u00e3o de JOS\u00c9 LEITE, n\u00e3o perdeu a oportunidade e foi clicado com SEU LUNGA. O amigo BOSCO mora na cidade de ILH\u00c9US.<a href=\"http:\/\/www.r2cpress.com.br\/v1\/wp-content\/uploads\/2020\/03\/16-60.jpg\"><img loading=\"lazy\" class=\"aligncenter size-medium wp-image-121928\" src=\"http:\/\/www.r2cpress.com.br\/v1\/wp-content\/uploads\/2020\/03\/16-60-300x144.jpg\" alt=\"\" width=\"300\" height=\"144\" srcset=\"https:\/\/www.r2cpress.com.br\/v1\/wp-content\/uploads\/2020\/03\/16-60-300x144.jpg 300w, https:\/\/www.r2cpress.com.br\/v1\/wp-content\/uploads\/2020\/03\/16-60.jpg 600w\" sizes=\"(max-width: 300px) 100vw, 300px\" \/><\/a><\/h2>\n<h2 style=\"text-align: center;\">UMA FOTO QUE MERECE UMA LINDA MOLDURA!<\/h2>\n<h2 style=\"text-align: center;\">JOS\u00c9 LEITE, ROS\u00c2NGELA REGINALDO TEN\u00d3RIO e o escultor RANILSON VIANA. (Foto: 15-03-2020).<\/h2>\n<h2 style=\"text-align: center;\">3) AS FOTOS DESTAQUES DA SEMANA.<a href=\"http:\/\/www.r2cpress.com.br\/v1\/wp-content\/uploads\/2020\/03\/17-29.jpg\"><img loading=\"lazy\" class=\"aligncenter size-medium wp-image-121929\" src=\"http:\/\/www.r2cpress.com.br\/v1\/wp-content\/uploads\/2020\/03\/17-29-300x269.jpg\" alt=\"\" width=\"300\" height=\"269\" srcset=\"https:\/\/www.r2cpress.com.br\/v1\/wp-content\/uploads\/2020\/03\/17-29-300x269.jpg 300w, https:\/\/www.r2cpress.com.br\/v1\/wp-content\/uploads\/2020\/03\/17-29.jpg 600w\" sizes=\"(max-width: 300px) 100vw, 300px\" \/><\/a><\/h2>\n<h2 style=\"text-align: center;\">Nossa homenagem ao Patriarca de JUAZEIRO DO NORTE e do Nordeste que, no \u00faltimo dia 24 de mar\u00e7o, completou 176 anos do seu Nascimento. PADRE C\u00cdCERO, OLHAI POR N\u00d3S NESSES DIAS DE TANTA AFLI\u00c7\u00c3O.<a href=\"http:\/\/www.r2cpress.com.br\/v1\/wp-content\/uploads\/2020\/03\/18-13.jpg\"><img loading=\"lazy\" class=\"aligncenter size-medium wp-image-121930\" src=\"http:\/\/www.r2cpress.com.br\/v1\/wp-content\/uploads\/2020\/03\/18-13-294x300.jpg\" alt=\"\" width=\"294\" height=\"300\" srcset=\"https:\/\/www.r2cpress.com.br\/v1\/wp-content\/uploads\/2020\/03\/18-13-294x300.jpg 294w, https:\/\/www.r2cpress.com.br\/v1\/wp-content\/uploads\/2020\/03\/18-13.jpg 562w\" sizes=\"(max-width: 294px) 100vw, 294px\" \/><\/a><\/h2>\n<h2 style=\"text-align: center;\">Na 1\u00aa foto: O artista COWBOY preferido de JOS\u00c9 LEITE, DURANGO KID, usa m\u00e1scara desde a d\u00e9cada de 1940, portanto, est\u00e1 livre de pegar o CORONA V\u00cdRUS.<\/h2>\n<h2 style=\"text-align: center;\">Na 2\u00aa foto: JOS\u00c9 LEITE 60 anos em ILH\u00c9US nunca imaginou entrar numa quarentena em casa sem direito a colocar o P\u00e9 Fora. VOC\u00ca COM MAIS DE 60 ANOS, VAMOS AJUDAR O NOSSO PA\u00cdS, FICANDO EM CASA.<\/h2>\n<h2 style=\"text-align: center;\">E NO MAIS&#8230;<a href=\"http:\/\/www.r2cpress.com.br\/v1\/wp-content\/uploads\/2020\/03\/19-3.jpg\"><img loading=\"lazy\" class=\"aligncenter size-medium wp-image-121931\" src=\"http:\/\/www.r2cpress.com.br\/v1\/wp-content\/uploads\/2020\/03\/19-3-297x300.jpg\" alt=\"\" width=\"297\" height=\"300\" srcset=\"https:\/\/www.r2cpress.com.br\/v1\/wp-content\/uploads\/2020\/03\/19-3-297x300.jpg 297w, https:\/\/www.r2cpress.com.br\/v1\/wp-content\/uploads\/2020\/03\/19-3.jpg 569w\" sizes=\"(max-width: 297px) 100vw, 297px\" \/><\/a><\/h2>\n<h2 style=\"text-align: center;\">As Ruas do Com\u00e9rcio de ILH\u00c9US sem uma ALMA VIVA, pelo dia e pela noite tamb\u00e9m. O que preocupa \u00e9 A FALTA DE SEGURAN\u00c7A, porque para LADR\u00d5ES E VAGABUNDOS, N\u00c3O EXISTE QUARENTENA. Vamos tomar uma provid\u00eancia! Ainda h\u00e1 tempo, antes que seja tarde!<\/h2>\n<p>&nbsp;<\/p>\n<h2 style=\"text-align: center;\"><em><strong>PARA CONFERIR O BA\u00da ANTERIOR, CLICK\u00a0<a href=\"http:\/\/www.r2cpress.com.br\/v1\/2020\/03\/20\/do-fundo-do-bau-de-jose-leite-especial-76\/\"><span style=\"color: #ff0000;\">AQUI<\/span><\/a><\/strong><\/em><\/h2>\n<h2 style=\"text-align: center;\">Texto de fotos: Jos\u00e9 Leite de Souza<\/h2>\n<h2 style=\"text-align: center;\">jleitesouza@hotmail.com<\/h2>\n<h2 style=\"text-align: center;\">(73) 3634-3134<\/h2>\n","protected":false},"excerpt":{"rendered":"<p>1) 60 ANOS DE JOS\u00c9 LEITE EM ILH\u00c9US. 2) VIAGEM PARA JUAZEIRO DO NORTE 3) AS FOTOS DESTAQUES DA SEMANA.<\/p>\n","protected":false},"author":2,"featured_media":0,"comment_status":"open","ping_status":"open","sticky":false,"template":"","format":"standard","meta":{"_links_to":"","_links_to_target":""},"categories":[39],"tags":[],"_links":{"self":[{"href":"https:\/\/www.r2cpress.com.br\/v1\/wp-json\/wp\/v2\/posts\/121912"}],"collection":[{"href":"https:\/\/www.r2cpress.com.br\/v1\/wp-json\/wp\/v2\/posts"}],"about":[{"href":"https:\/\/www.r2cpress.com.br\/v1\/wp-json\/wp\/v2\/types\/post"}],"author":[{"embeddable":true,"href":"https:\/\/www.r2cpress.com.br\/v1\/wp-json\/wp\/v2\/users\/2"}],"replies":[{"embeddable":true,"href":"https:\/\/www.r2cpress.com.br\/v1\/wp-json\/wp\/v2\/comments?post=121912"}],"version-history":[{"count":1,"href":"https:\/\/www.r2cpress.com.br\/v1\/wp-json\/wp\/v2\/posts\/121912\/revisions"}],"predecessor-version":[{"id":121932,"href":"https:\/\/www.r2cpress.com.br\/v1\/wp-json\/wp\/v2\/posts\/121912\/revisions\/121932"}],"wp:attachment":[{"href":"https:\/\/www.r2cpress.com.br\/v1\/wp-json\/wp\/v2\/media?parent=121912"}],"wp:term":[{"taxonomy":"category","embeddable":true,"href":"https:\/\/www.r2cpress.com.br\/v1\/wp-json\/wp\/v2\/categories?post=121912"},{"taxonomy":"post_tag","embeddable":true,"href":"https:\/\/www.r2cpress.com.br\/v1\/wp-json\/wp\/v2\/tags?post=121912"}],"curies":[{"name":"wp","href":"https:\/\/api.w.org\/{rel}","templated":true}]}}