{"id":122051,"date":"2020-04-24T21:28:14","date_gmt":"2020-04-25T00:28:14","guid":{"rendered":"http:\/\/www.r2cpress.com.br\/v1\/?p=122051"},"modified":"2020-04-24T21:28:14","modified_gmt":"2020-04-25T00:28:14","slug":"fapesb-divulga-resultado-de-edital-para-apoiar-a-pesquisa-no-combate-a-covid-19","status":"publish","type":"post","link":"https:\/\/www.r2cpress.com.br\/v1\/2020\/04\/24\/fapesb-divulga-resultado-de-edital-para-apoiar-a-pesquisa-no-combate-a-covid-19\/","title":{"rendered":"Fapesb divulga resultado de edital para apoiar a pesquisa no combate \u00e0 Covid-19"},"content":{"rendered":"<div><a href=\"http:\/\/www.r2cpress.com.br\/v1\/wp-content\/uploads\/2020\/04\/1-4n.jpg\"><img loading=\"lazy\" class=\"aligncenter size-medium wp-image-122052\" src=\"http:\/\/www.r2cpress.com.br\/v1\/wp-content\/uploads\/2020\/04\/1-4n-300x169.jpg\" alt=\"\" width=\"300\" height=\"169\" srcset=\"https:\/\/www.r2cpress.com.br\/v1\/wp-content\/uploads\/2020\/04\/1-4n-300x169.jpg 300w, https:\/\/www.r2cpress.com.br\/v1\/wp-content\/uploads\/2020\/04\/1-4n.jpg 360w\" sizes=\"(max-width: 300px) 100vw, 300px\" \/><\/a>Funda\u00e7\u00e3o disponibiliza 220 mil para pesquisadores com projetos de pesquisa relacionados ao tema<\/div>\n<div><\/div>\n<div>A Funda\u00e7\u00e3o de Amparo \u00e0 Pesquisa da Bahia (Fapesb), que \u00e9 vinculada \u00e0 Secretaria de Ci\u00eancia, Tecnologia e Inova\u00e7\u00e3o (Secti), divulgou nesta sexta-feira (24), o resultado preliminar do edital emergencial voltado para impulsionar pesquisas cient\u00edficas com foco em combater a Covid-19. No total, ser\u00e3o disponibilizados R$ 220,000.00 aos pesquisadores doutores com projetos cient\u00edficos selecionados pelo edital.<\/div>\n<div><\/div>\n<div>A secret\u00e1ria da Secti, Ad\u00e9lia Pinheiro, afirma que em tempos como este a ci\u00eancia \u00e9 uma importante aliada da humanidade. &#8220;A luta que enfrentamos mostra, mais uma vez, o valor da ci\u00eancia e da pesquisa, al\u00e9m da import\u00e2ncia do financiamento para a \u00e1rea. O governador Rui Costa, com seu olhar atento, tem estimulado a busca de solu\u00e7\u00f5es para melhoria de vida da popula\u00e7\u00e3o. Foi assim com o edital que lan\u00e7amos sobre as doen\u00e7as que acometem a popula\u00e7\u00e3o negra e agora contra a Covid-19&#8221;, disse.<\/div>\n<div><\/div>\n<div>O diretor da Fapesb, M\u00e1rcio Costa, reitera a relev\u00e2ncia do edital baseado em outras a\u00e7\u00f5es da Funda\u00e7\u00e3o. &#8220;Estamos lidando com uma amea\u00e7a da qual n\u00e3o h\u00e1 muito conhecimento acerca de quest\u00f5es como cont\u00e1gio, manifesta\u00e7\u00e3o da doen\u00e7a e cura. Quando a humanidade ainda n\u00e3o alcan\u00e7ou o dom\u00ednio de um assunto necess\u00e1rio para o bem-estar social, \u00e9 a\u00ed que entram a ci\u00eancia e a tecnologia, ambas com a capacidade de surgir com solu\u00e7\u00f5es cient\u00edficas que garantam a melhoria na qualidade de vida. A Fapesb j\u00e1 foi precursora no combate a outras doen\u00e7as como a zyka, que foi descoberta por pesquisadores da Bahia. Tenho certeza que nossos cientistas est\u00e3o imbu\u00eddos na miss\u00e3o de enfrentar tamb\u00e9m esta nova amea\u00e7a&#8221;, declarou.<\/div>\n<div><\/div>\n<div>No total, quatro projetos foram aprovados para receber recursos previstos no edital de apoio \u00e0 pesquisa cient\u00edfica no combate \u00e0 Covid-19. Os pesquisadores contemplados s\u00e3o: Carlos Priminho Pirovani (Uesc), Washington Luis Conrado dos Santos (Fiocruz Bahia), Marcos Ennes Barreto (Ufba) e Jonilson Berlink Lima (Ufob). Mais detalhes podem ser consultados no site\u00a0<a id=\"LPlnk582970\" href=\"http:\/\/www.fapesb.ba.gov.br\/\" target=\"_blank\" rel=\"noopener noreferrer\" data-auth=\"NotApplicable\">www.fapesb.ba.gov.br<\/a><\/div>\n","protected":false},"excerpt":{"rendered":"<p>Funda\u00e7\u00e3o disponibiliza 220 mil para pesquisadores com projetos de pesquisa relacionados ao tema A Funda\u00e7\u00e3o de Amparo \u00e0 Pesquisa da Bahia (Fapesb), que \u00e9 vinculada \u00e0 Secretaria de Ci\u00eancia, Tecnologia e Inova\u00e7\u00e3o (Secti), divulgou nesta sexta-feira (24), o resultado preliminar do edital emergencial voltado para impulsionar pesquisas cient\u00edficas com foco em combater a Covid-19. No [&hellip;]<\/p>\n","protected":false},"author":2,"featured_media":0,"comment_status":"open","ping_status":"open","sticky":false,"template":"","format":"standard","meta":{"_links_to":"","_links_to_target":""},"categories":[1],"tags":[],"_links":{"self":[{"href":"https:\/\/www.r2cpress.com.br\/v1\/wp-json\/wp\/v2\/posts\/122051"}],"collection":[{"href":"https:\/\/www.r2cpress.com.br\/v1\/wp-json\/wp\/v2\/posts"}],"about":[{"href":"https:\/\/www.r2cpress.com.br\/v1\/wp-json\/wp\/v2\/types\/post"}],"author":[{"embeddable":true,"href":"https:\/\/www.r2cpress.com.br\/v1\/wp-json\/wp\/v2\/users\/2"}],"replies":[{"embeddable":true,"href":"https:\/\/www.r2cpress.com.br\/v1\/wp-json\/wp\/v2\/comments?post=122051"}],"version-history":[{"count":1,"href":"https:\/\/www.r2cpress.com.br\/v1\/wp-json\/wp\/v2\/posts\/122051\/revisions"}],"predecessor-version":[{"id":122053,"href":"https:\/\/www.r2cpress.com.br\/v1\/wp-json\/wp\/v2\/posts\/122051\/revisions\/122053"}],"wp:attachment":[{"href":"https:\/\/www.r2cpress.com.br\/v1\/wp-json\/wp\/v2\/media?parent=122051"}],"wp:term":[{"taxonomy":"category","embeddable":true,"href":"https:\/\/www.r2cpress.com.br\/v1\/wp-json\/wp\/v2\/categories?post=122051"},{"taxonomy":"post_tag","embeddable":true,"href":"https:\/\/www.r2cpress.com.br\/v1\/wp-json\/wp\/v2\/tags?post=122051"}],"curies":[{"name":"wp","href":"https:\/\/api.w.org\/{rel}","templated":true}]}}