{"id":122058,"date":"2020-04-24T21:34:54","date_gmt":"2020-04-25T00:34:54","guid":{"rendered":"http:\/\/www.r2cpress.com.br\/v1\/?p=122058"},"modified":"2020-04-24T21:34:54","modified_gmt":"2020-04-25T00:34:54","slug":"sergio-moro-se-demite-e-deixa-governo-bolsonaro-apos-mudanca-na-pf","status":"publish","type":"post","link":"https:\/\/www.r2cpress.com.br\/v1\/2020\/04\/24\/sergio-moro-se-demite-e-deixa-governo-bolsonaro-apos-mudanca-na-pf\/","title":{"rendered":"Sergio Moro se demite e deixa governo Bolsonaro ap\u00f3s mudan\u00e7a na PF"},"content":{"rendered":"<p><img loading=\"lazy\" class=\"alignnone \" src=\"https:\/\/correio-cdn1.cworks.cloud\/fileadmin\/_processed_\/1\/b\/csm_Bolsonaro-e-Moro-1200x720_e48ba55f40.png\" width=\"458\" height=\"275\" \/><\/p>\n<p>O ministro da Justi\u00e7a Sergio Moro anunciou nesta sexta-feira (24) que est\u00e1 deixando o cargo, depois de um conflito com o presidente Jair Bolsonaro em rela\u00e7\u00e3o ao comando da Pol\u00edcia Federal. Considerado um homem de confian\u00e7a de Moro, o delegado Maur\u00edcio Valeixo foi exonerado da chefia da PF hoje. Desde ontem, a tens\u00e3o entre o presidente e Moro chegou a um \u00e1pice na queda de bra\u00e7o pelo comando da pol\u00edcia.\u00a0&#8220;Tenho que preservar minha biografia e o compromisso que assumi que ser\u00edamos firmes no combate \u00e0 corrup\u00e7\u00e3o&#8221;, afirmou. &#8220;E um pressuposto para isso \u00e9 que n\u00f3s temos que garantir o respeito \u00e0 lei, \u00e0 pr\u00f3pria autonomia da Pol\u00edcia Federal&#8221;.<\/p>\n","protected":false},"excerpt":{"rendered":"<p>O ministro da Justi\u00e7a Sergio Moro anunciou nesta sexta-feira (24) que est\u00e1 deixando o cargo, depois de um conflito com o presidente Jair Bolsonaro em rela\u00e7\u00e3o ao comando da Pol\u00edcia Federal. Considerado um homem de confian\u00e7a de Moro, o delegado Maur\u00edcio Valeixo foi exonerado da chefia da PF hoje. Desde ontem, a tens\u00e3o entre o [&hellip;]<\/p>\n","protected":false},"author":2,"featured_media":0,"comment_status":"open","ping_status":"open","sticky":false,"template":"","format":"standard","meta":{"_links_to":"","_links_to_target":""},"categories":[1],"tags":[],"_links":{"self":[{"href":"https:\/\/www.r2cpress.com.br\/v1\/wp-json\/wp\/v2\/posts\/122058"}],"collection":[{"href":"https:\/\/www.r2cpress.com.br\/v1\/wp-json\/wp\/v2\/posts"}],"about":[{"href":"https:\/\/www.r2cpress.com.br\/v1\/wp-json\/wp\/v2\/types\/post"}],"author":[{"embeddable":true,"href":"https:\/\/www.r2cpress.com.br\/v1\/wp-json\/wp\/v2\/users\/2"}],"replies":[{"embeddable":true,"href":"https:\/\/www.r2cpress.com.br\/v1\/wp-json\/wp\/v2\/comments?post=122058"}],"version-history":[{"count":1,"href":"https:\/\/www.r2cpress.com.br\/v1\/wp-json\/wp\/v2\/posts\/122058\/revisions"}],"predecessor-version":[{"id":122059,"href":"https:\/\/www.r2cpress.com.br\/v1\/wp-json\/wp\/v2\/posts\/122058\/revisions\/122059"}],"wp:attachment":[{"href":"https:\/\/www.r2cpress.com.br\/v1\/wp-json\/wp\/v2\/media?parent=122058"}],"wp:term":[{"taxonomy":"category","embeddable":true,"href":"https:\/\/www.r2cpress.com.br\/v1\/wp-json\/wp\/v2\/categories?post=122058"},{"taxonomy":"post_tag","embeddable":true,"href":"https:\/\/www.r2cpress.com.br\/v1\/wp-json\/wp\/v2\/tags?post=122058"}],"curies":[{"name":"wp","href":"https:\/\/api.w.org\/{rel}","templated":true}]}}