{"id":122263,"date":"2020-06-12T11:59:03","date_gmt":"2020-06-12T14:59:03","guid":{"rendered":"http:\/\/www.r2cpress.com.br\/v1\/?p=122263"},"modified":"2020-12-04T20:43:45","modified_gmt":"2020-12-04T23:43:45","slug":"psicomundo-deturpada-consciencia-politica-pode-matar-mais-que-virus","status":"publish","type":"post","link":"https:\/\/www.r2cpress.com.br\/v1\/2020\/06\/12\/psicomundo-deturpada-consciencia-politica-pode-matar-mais-que-virus\/","title":{"rendered":"PSICOMUNDO DETURPADA CONSCI\u00caNCIA POL\u00cdTICA PODE MATAR MAIS QUE V\u00cdRUS <>"},"content":{"rendered":"<p><img loading=\"lazy\" class=\" alignleft\" src=\"http:\/\/www.r2cpress.com.br\/v1\/wp-content\/uploads\/2017\/12\/EDUARDO-AFONSO2.jpg\" width=\"213\" height=\"284\" \/>No Brasil os pol\u00edticos continuam os mesmos, aqueles seres abutres contagiados pela falta de respeito \u00e0s necessidades b\u00e1sicas de sa\u00fade em nosso Pa\u00eds, sempre alienados para a ilicitude em destrui\u00e7\u00e3o da \u00e9tica e transpar\u00eancia, cegos e irresponsavelmente, mergulhados no er\u00e1rio destinado ao atendimento da administrativa p\u00fablica. Assim, observamos enquanto milhares de pessoas morrem e alguns confundem \u201clockdown\u201d com \u201cblackfriday, as autoridades governamentais e judici\u00e1rias n\u00e3o se entendem, e dessa forma para os pol\u00edticos corruptos por op\u00e7\u00e3o a festa est\u00e1 s\u00f3 come\u00e7ando, antes era \u201cm\u00e3os a obra\u201d e agora com libera\u00e7\u00e3o de tantas verbas para combater o corona v\u00edrus, encontramos os meios criminosos de \u201cm\u00e3os no dinheiro da Na\u00e7\u00e3o Brasileira\u201d, pois vale o enriquecimento vergonhoso da famigerada classe pol\u00edtica.<\/p>\n<p>O nosso Pa\u00eds est\u00e1 passando uma crise de grandes desencontros em que muitos homens p\u00fablicos perderam a vergonha e est\u00e3o sendo conduzidos pela falta de respeito ao povo brasileiro. Observamos que milhares de seres humanos morrem e alguns confundem \u201clockdown\u201d com \u201cblackfriday\u201d, e as autoridades n\u00e3o se entendem, e notamos que para os pol\u00edticos corruptos por \u00edndole e op\u00e7\u00e3o a festa apenas est\u00e1 s\u00f3 come\u00e7ando. Muito triste verificar que antes era \u201cm\u00e3os a obra\u201d e agora com a libera\u00e7\u00e3o de tantas verbas solicitadas, v\u00e3o aos encontros dos desmandos de tantos representantes proclamados defensores de classes sociais, prefeitos e governadores a fim de que supostamente sejam para combater o corona v\u00edrus, sendo na realidade essa a\u00e7\u00e3o denominada a tais indiv\u00edduos: \u201cm\u00e3os no dinheiro p\u00fablico\u201d.<\/p>\n<p>Notamos que a extrema escalada dos v\u00edcios da falta de transpar\u00eancias dos homens p\u00fablicos segue a marcha f\u00fanebre para a destrui\u00e7\u00e3o da sa\u00fade humana, da vida social e econ\u00f4mica da popula\u00e7\u00e3o brasileira. Os Oportunistas de Plant\u00e3o, cada um querendo tirar vantagens do momento tr\u00e1gico, notadamente sob o comando do Congresso Nacional, junto \u00e0 extrema impressa em sua rara exce\u00e7\u00e3o, querendo voltar aos velhos tempos das mamatas. Ent\u00e3o, de que maneira podemos imaginar a qualidade moral e \u00e9tica da Democracia Brasileira! Por que n\u00e3o usar os bi do Fundo Eleitoral visando combater o corona v\u00edrus?<\/p>\n<p>Olhar o Brasil e ver tantas mazelas que emitem in\u00fameros desmandos nas coisas p\u00fablicas, n\u00e3o se pode assim nada entender para impulsionar \u201cOrdem e Progresso\u201d, como est\u00e1 escrito na bandeira brasileira. E, n\u00e3o verificamos na classe pol\u00edtica do nosso Pa\u00eds nenhuma responsabilidade que traga respeito aos destinos da nossa P\u00e1tria! Muitas pessoas lamentam a falta de recursos or\u00e7ament\u00e1rios e financeiros para execu\u00e7\u00e3o de obras. \u00c9 muito vergonhoso imaginar que no Brasil atualmente existem milhares de pr\u00e9dios edificados com recursos p\u00fablicos, simplesmente abandonados. Consideramos custos irrespons\u00e1veis dos governos que passaram e passam deixando tristes marca de preju\u00edzos incalcul\u00e1veis a Na\u00e7\u00e3o Brasileira. E mesmo assim, n\u00e3o verificamos nenhuma ordem p\u00fablica para imaginar as consequ\u00eancias econ\u00f4micas e sociais acarretar\u00e3o as mazelas dos gastos oportunistas para as pr\u00f3ximas elei\u00e7\u00f5es. Precisamos conclamar o eleitorado brasileiro para muita aten\u00e7\u00e3o nas artimanhas e fa\u00e7anhas dos conhecidos pol\u00edticos malandros e desonestos espalhados no Brasil. PENSEM NISSO!!!<\/p>\n<p>Eduardo Afonso &#8211; Ilh\u00e9us-Bahia<\/p>\n","protected":false},"excerpt":{"rendered":"<p>No Brasil os pol\u00edticos continuam os mesmos, aqueles seres abutres contagiados pela falta de respeito \u00e0s necessidades b\u00e1sicas de sa\u00fade em nosso Pa\u00eds, sempre alienados para a ilicitude em destrui\u00e7\u00e3o da \u00e9tica e transpar\u00eancia, cegos e irresponsavelmente, mergulhados no er\u00e1rio destinado ao atendimento da administrativa p\u00fablica. Assim, observamos enquanto milhares de pessoas morrem e alguns [&hellip;]<\/p>\n","protected":false},"author":2,"featured_media":0,"comment_status":"open","ping_status":"open","sticky":false,"template":"","format":"standard","meta":{"_links_to":"","_links_to_target":""},"categories":[40],"tags":[],"_links":{"self":[{"href":"https:\/\/www.r2cpress.com.br\/v1\/wp-json\/wp\/v2\/posts\/122263"}],"collection":[{"href":"https:\/\/www.r2cpress.com.br\/v1\/wp-json\/wp\/v2\/posts"}],"about":[{"href":"https:\/\/www.r2cpress.com.br\/v1\/wp-json\/wp\/v2\/types\/post"}],"author":[{"embeddable":true,"href":"https:\/\/www.r2cpress.com.br\/v1\/wp-json\/wp\/v2\/users\/2"}],"replies":[{"embeddable":true,"href":"https:\/\/www.r2cpress.com.br\/v1\/wp-json\/wp\/v2\/comments?post=122263"}],"version-history":[{"count":1,"href":"https:\/\/www.r2cpress.com.br\/v1\/wp-json\/wp\/v2\/posts\/122263\/revisions"}],"predecessor-version":[{"id":122264,"href":"https:\/\/www.r2cpress.com.br\/v1\/wp-json\/wp\/v2\/posts\/122263\/revisions\/122264"}],"wp:attachment":[{"href":"https:\/\/www.r2cpress.com.br\/v1\/wp-json\/wp\/v2\/media?parent=122263"}],"wp:term":[{"taxonomy":"category","embeddable":true,"href":"https:\/\/www.r2cpress.com.br\/v1\/wp-json\/wp\/v2\/categories?post=122263"},{"taxonomy":"post_tag","embeddable":true,"href":"https:\/\/www.r2cpress.com.br\/v1\/wp-json\/wp\/v2\/tags?post=122263"}],"curies":[{"name":"wp","href":"https:\/\/api.w.org\/{rel}","templated":true}]}}