{"id":122341,"date":"2020-06-19T18:43:38","date_gmt":"2020-06-19T21:43:38","guid":{"rendered":"http:\/\/www.r2cpress.com.br\/v1\/?p=122341"},"modified":"2020-06-19T18:43:38","modified_gmt":"2020-06-19T21:43:38","slug":"isolamento-social-continua-e-o-uso-de-mascaras-e-obrigatorio-alerta-prefeito-de-ilheus-por-secom","status":"publish","type":"post","link":"https:\/\/www.r2cpress.com.br\/v1\/2020\/06\/19\/isolamento-social-continua-e-o-uso-de-mascaras-e-obrigatorio-alerta-prefeito-de-ilheus-por-secom\/","title":{"rendered":"&#8220;Isolamento social continua e o uso de m\u00e1scaras \u00e9 obrigat\u00f3rio&#8221;, alerta prefeito de Ilh\u00e9us: Por Secom"},"content":{"rendered":"<p><img loading=\"lazy\" class=\"alignleft\" src=\"https:\/\/portalfacilclientes.blob.core.windows.net\/uploads\/ILHEUS\/img\/%7BDD1EDEEC-E1EE-BE15-A8B5-AAACCEE3C34E%7D\/%7BDD1EDEEC-E1EE-BE15-A8B5-AAACCEE3C34E%7D_650X450.jpeg\" width=\"407\" height=\"282\" \/><\/p>\n<p>O munic\u00edpio de Ilh\u00e9us tem conquistado muitos avan\u00e7os na sa\u00fade para poder oferecer um atendimento digno \u00e0s pessoas\u00a0infectadas pela Covid-19,\u00a0com a disponibiliza\u00e7\u00e3o de 55 novos leitos de UTI do SUS espec\u00edficos para o tratamento dos pacientes. Os esfor\u00e7os demonstram que o prefeito M\u00e1rio Alexandre tem cumprido com o dever de estruturar a sa\u00fade, o que permitiu a flexibiliza\u00e7\u00e3o de algumas atividades do com\u00e9rcio.<\/p>\n<p>No entanto, o gestor ao demonstrar sua preocupa\u00e7\u00e3o essa semana nas redes sociais em rela\u00e7\u00e3o ao comportamento social com as aglomera\u00e7\u00f5es e o aumento de pessoas nas ruas e praias, lan\u00e7ou o alerta para que cada um cumpra a sua parte, ou seja, continuar com o isolamento e distanciamento sociais, fazer o uso constante de m\u00e1scaras de prote\u00e7\u00e3o e ficar em casa.<\/p>\n<p>\u201c\u00c9 preciso ter bem claro que a flexibiliza\u00e7\u00e3o do com\u00e9rcio n\u00e3o significa o fim do isolamento social, e muito menos o relaxamento quanto ao uso das m\u00e1scaras. O v\u00edrus continua ativo e, por isso mesmo, ningu\u00e9m pode esquecer dos cuidados. O coronav\u00edrus n\u00e3o deixou de ser letal e a transmissibilidade n\u00e3o parou de acontecer. Se cada um fizer a sua parte, podemos vencer. Mas se abandonarmos os cuidados, a contamina\u00e7\u00e3o pode aumentar e isso n\u00e3o queremos que aconte\u00e7a, como n\u00e3o queremos ter que adotar medidas duras. Por isso, fa\u00e7o aqui um apelo \u00e0 consci\u00eancia de cada um. Evite sair de casa, use a m\u00e1scara, mantenha o isolamento e distanciamento sociais\u201d, destacou M\u00e1rio Alexandre.<\/p>\n<p>Um estudo cient\u00edfico publicado recentemente pela Universidade de Cambridge, no Reino Unido, trouxe evid\u00eancias de que o uso massivo de m\u00e1scaras pode ser crucial para evitar uma segunda onda da pandemia.<\/p>\n","protected":false},"excerpt":{"rendered":"<p>O munic\u00edpio de Ilh\u00e9us tem conquistado muitos avan\u00e7os na sa\u00fade para poder oferecer um atendimento digno \u00e0s pessoas\u00a0infectadas pela Covid-19,\u00a0com a disponibiliza\u00e7\u00e3o de 55 novos leitos de UTI do SUS espec\u00edficos para o tratamento dos pacientes. Os esfor\u00e7os demonstram que o prefeito M\u00e1rio Alexandre tem cumprido com o dever de estruturar a sa\u00fade, o que [&hellip;]<\/p>\n","protected":false},"author":2,"featured_media":0,"comment_status":"open","ping_status":"open","sticky":false,"template":"","format":"standard","meta":{"_links_to":"","_links_to_target":""},"categories":[1],"tags":[],"_links":{"self":[{"href":"https:\/\/www.r2cpress.com.br\/v1\/wp-json\/wp\/v2\/posts\/122341"}],"collection":[{"href":"https:\/\/www.r2cpress.com.br\/v1\/wp-json\/wp\/v2\/posts"}],"about":[{"href":"https:\/\/www.r2cpress.com.br\/v1\/wp-json\/wp\/v2\/types\/post"}],"author":[{"embeddable":true,"href":"https:\/\/www.r2cpress.com.br\/v1\/wp-json\/wp\/v2\/users\/2"}],"replies":[{"embeddable":true,"href":"https:\/\/www.r2cpress.com.br\/v1\/wp-json\/wp\/v2\/comments?post=122341"}],"version-history":[{"count":1,"href":"https:\/\/www.r2cpress.com.br\/v1\/wp-json\/wp\/v2\/posts\/122341\/revisions"}],"predecessor-version":[{"id":122342,"href":"https:\/\/www.r2cpress.com.br\/v1\/wp-json\/wp\/v2\/posts\/122341\/revisions\/122342"}],"wp:attachment":[{"href":"https:\/\/www.r2cpress.com.br\/v1\/wp-json\/wp\/v2\/media?parent=122341"}],"wp:term":[{"taxonomy":"category","embeddable":true,"href":"https:\/\/www.r2cpress.com.br\/v1\/wp-json\/wp\/v2\/categories?post=122341"},{"taxonomy":"post_tag","embeddable":true,"href":"https:\/\/www.r2cpress.com.br\/v1\/wp-json\/wp\/v2\/tags?post=122341"}],"curies":[{"name":"wp","href":"https:\/\/api.w.org\/{rel}","templated":true}]}}