{"id":122387,"date":"2020-06-26T21:22:23","date_gmt":"2020-06-27T00:22:23","guid":{"rendered":"http:\/\/www.r2cpress.com.br\/v1\/?p=122387"},"modified":"2020-06-26T21:22:23","modified_gmt":"2020-06-27T00:22:23","slug":"bahia-possui-311-mil-curados-da-covid-19-235-mil-casos-ativos-e-1-642-obitos","status":"publish","type":"post","link":"https:\/\/www.r2cpress.com.br\/v1\/2020\/06\/26\/bahia-possui-311-mil-curados-da-covid-19-235-mil-casos-ativos-e-1-642-obitos\/","title":{"rendered":"BAHIA POSSUI 31,1 MIL CURADOS DA COVID-19 23,5 MIL CASOS ATIVOS E 1.642 \u00d3BITOS"},"content":{"rendered":"<div style=\"width: 570px\" class=\"wp-caption alignnone\"><img loading=\"lazy\" class=\"size-medium\" src=\"https:\/\/www.pimenta.blog.br\/wp-content\/uploads\/2020\/05\/Idoso-vence-a-covid-19.jpeg\" width=\"560\" height=\"480\" \/><p class=\"wp-caption-text\">DO PIMENTA<\/p><\/div>\n<p>A Bahia registrou total de 2.131 novos casos de covid-19 nas \u00faltimas 24 horas, segundo a Secretaria Estadual de Sa\u00fade (Sesab), al\u00e9m de 1.999 curados e 41 \u00f3bitos. Agora, o estado possui acumulado de 56.422 infectados confirmados por teste ou crit\u00e9rio epidemiol\u00f3gico, dos quais 31.192 j\u00e1 est\u00e3o considerados curados e h\u00e1 23.588 casos ativos (em recupera\u00e7\u00e3o). Desde o in\u00edcio da pandemia, 1.642 pessoas mortas pela covid-19 na Bahia.<\/p>\n<p>Dos 417 munic\u00edpios baianos, 369 j\u00e1 confirmaram casos da doen\u00e7a. Dos mais de 56,4 mil casos, 49,88% s\u00e3o de Salvador. A Sesab aponta que os munic\u00edpios com os maiores coeficientes de incid\u00eancia por 100.000 habitantes foram Ipia\u00fa (1.323,22), Gandu (1.311,61), Itaju\u00edpe (1.171,25), Uru\u00e7uca (1.145,28) e S\u00e3o Jos\u00e9 da Vit\u00f3ria (1.042,96).<\/p>\n<p>Conforme a Sesab, foram 56.422 casos confirmados, 152.795 casos descartados e ainda h\u00e1 73.512 em investiga\u00e7\u00e3o (aguardando resultado de teste). Estes dados representam notifica\u00e7\u00f5es oficiais compiladas pelo Centro de Informa\u00e7\u00f5es Estrat\u00e9gicas em Vigil\u00e2ncia em Sa\u00fade da Bahia (Cievs-BA), em conjunto com os Cievs municipais e as bases de dados do Minist\u00e9rio da Sa\u00fade at\u00e9 as 17 horas desta sexta-feira (26).<\/p>\n<p><strong>CONCEI\u00c7\u00c3O DO JACU\u00cdPE<\/strong><\/p>\n<p>A Secretaria de Sa\u00fade do Munic\u00edpio de Concei\u00e7\u00e3o do Jacu\u00edpe enviou of\u00edcio a Secretaria da Sa\u00fade do Estado da Bahia comunicando que errou no preenchimento dos dados no sistema de notifica\u00e7\u00e3o e lan\u00e7ou casos negativos como sendo positivos. Em virtude deste comunicado, no qual o munic\u00edpio reconhece a falha no preenchimento, 53 casos ser\u00e3o exclu\u00eddos.<\/p>\n<p><a href=\"http:\/\/www.saude.ba.gov.br\/wp-content\/uploads\/2020\/06\/BOLETIM_ELETRONICO_BAHIAN_94___26062020.pdf\" target=\"_blank\" rel=\"noopener noreferrer\"><strong>Confira aqui a \u00edntegra do Boletim Epidemiol\u00f3gico da Bahia<\/strong><\/a><\/p>\n<p><strong>OCUPA\u00c7\u00c3O DE LEITOS<\/strong><\/p>\n<p>Na Bahia, dos 2.181 leitos dispon\u00edveis do Sistema \u00danico de Sa\u00fade (SUS) exclusivos para coronav\u00edrus, 1.371 possuem pacientes internados, o que representa uma taxa de ocupa\u00e7\u00e3o de 64%. No que se refere aos leitos de UTI adulto e pedi\u00e1trico, dos 901 leitos exclusivos para o coronav\u00edrus, 688 possuem pacientes internados, compreendendo uma taxa de ocupa\u00e7\u00e3o de 76%.<!--more--><\/p>\n<p><strong>\u00d3BITOS<\/strong><\/p>\n<p>A Sesab contabiliza total de 1.642 mortes provocadas pelo novo coronav\u00edrus. A Secretaria divulgou o hist\u00f3rico dos 41 pacientes que n\u00e3o resistiram \u00e0 doen\u00e7a e constam no boletim desta sexta (26). Confira abaixo, no \u201cleia mais\u201d.<span id=\"more-251974\"><\/span><\/p>\n<p>1602\u00ba \u00f3bito \u2013 menina, 4 meses, residente em Acajutiba, data de admiss\u00e3o n\u00e3o informada, sem informa\u00e7\u00e3o de comorbidades, foi a \u00f3bito dia 23\/06, em unidade da rede p\u00fablica, em Feira de Santana;<\/p>\n<p>1603\u00ba \u00f3bito \u2013 homem, 64 anos, residente em Santa Cruz de Cabr\u00e1lia, portador de hipertens\u00e3o arterial, diabetes e doen\u00e7a cardiovascular, data de admiss\u00e3o n\u00e3o informada, foi a \u00f3bito dia 24\/06, em unidade da rede p\u00fablica, em Porto Seguro;<\/p>\n<p>1604\u00ba \u00f3bito \u2013 homem, 67 anos, residente em Feira de Santana, portador de hipertens\u00e3o arterial e diabetes, foi internado dia 15\/06 e foi a \u00f3bito dia 22\/06, em unidade da rede p\u00fablica, em Feira de Santana;<\/p>\n<p>1605\u00ba \u00f3bito \u2013 homem, 80 anos, residente em Itaberaba, portador de doen\u00e7a respirat\u00f3ria cr\u00f4nica, foi internado dia 13\/06 e foi a \u00f3bito dia 17\/06, em unidade da rede p\u00fablica, em Salvador;<\/p>\n<p>1606\u00ba \u00f3bito \u2013 homem, 76 anos, residente em Salvador, portador de hipertens\u00e3o arterial, foi internado dia 03\/06 e foi a \u00f3bito dia 20\/06, em unidade da rede filantr\u00f3pica, em Salvador;<\/p>\n<p>1607\u00ba \u00f3bito \u2013 mulher, 66 anos, residente em Salvador, portadora de hipertens\u00e3o arterial, diabetes e doen\u00e7a cardiovascular, data de admiss\u00e3o n\u00e3o informada, foi a \u00f3bito dia 27\/05, em unidade da rede p\u00fablica, em Salvador;<\/p>\n<p>1608\u00ba \u00f3bito \u2013 mulher, 58 anos, residente em Mucuri, portadora de diabetes e doen\u00e7a cardiovascular, foi internada dia 02\/06 e foi a \u00f3bito dia 17\/06, em unidade da rede p\u00fablica, em Ilh\u00e9us;<\/p>\n<p>1609\u00ba \u00f3bito \u2013 mulher, 76 anos, residente em Cama\u00e7ari, portadora de neoplasias, data de admiss\u00e3o n\u00e3o informada, foi a \u00f3bito dia 05\/06, em unidade da rede privada, em Salvador;<\/p>\n<p>1610\u00ba \u00f3bito \u2013 homem, 69 anos, residente em Salvador, portador de neoplasias, data de admiss\u00e3o n\u00e3o informada, foi a \u00f3bito dia 22\/06, em unidade da rede filantr\u00f3pica, em Salvador;<\/p>\n<p>1611\u00ba \u00f3bito \u2013 mulher, 67 anos, residente em Itaju\u00edpe, sem comorbidades, foi internada dia 09\/06 e foi a \u00f3bito na mesma data (09\/06), em unidade da rede p\u00fablica, em Itabuna;<\/p>\n<p>1612\u00ba \u00f3bito \u2013 mulher, 87 anos, residente em Jequi\u00e9, sem informa\u00e7\u00e3o de comorbidades, data de admiss\u00e3o n\u00e3o informada, foi a \u00f3bito dia 23\/06, em unidade da rede p\u00fablica, em Jequi\u00e9;<\/p>\n<p>1613\u00ba \u00f3bito \u2013 homem, 73 anos, residente em Salvador, portador de doen\u00e7a cardiovascular, foi internado dia 09\/06 e foi a \u00f3bito dia 24\/06, em unidade da rede privada, em Salvador;<\/p>\n<p>1614\u00ba \u00f3bito \u2013 homem, 66 anos, residente em Feira de Santana, sem informa\u00e7\u00e3o de comorbidades, foi a \u00f3bito dia 25\/05, em domic\u00edlio;<\/p>\n<p>1615\u00ba \u00f3bito \u2013 homem, 74 anos, residente em Salvador, portador de diabetes, data de admiss\u00e3o n\u00e3o informada, foi a \u00f3bito dia 25\/06, em unidade da rede filantr\u00f3pica, em Salvador;<\/p>\n<p>1616\u00ba \u00f3bito \u2013 mulher, 78 anos, residente em Nova Ibi\u00e1, portadora de hipertens\u00e3o arterial e doen\u00e7a cardiovascular, data de admiss\u00e3o n\u00e3o informada, foi a \u00f3bito dia 25\/06, em unidade da rede p\u00fablica, em Ilh\u00e9us;<\/p>\n<p>1617\u00ba \u00f3bito \u2013 homem, 67 anos, residente em Salvador, portador de hipertens\u00e3o arterial e diabetes, foi internado dia 15\/05 e foi a \u00f3bito dia 24\/06, em unidade da rede filantr\u00f3pica, em Salvador;<\/p>\n<p>1618\u00ba \u00f3bito \u2013 homem, 72 anos, residente em Camac\u00e3, portador de doen\u00e7a cardiovascular, foi internado dia 30\/05 e foi a \u00f3bito dia 13\/06, em unidade da rede p\u00fablica, em Ilh\u00e9us;<\/p>\n<div class=\"g g-4\">\n<div class=\"g-dyn a-26 c-1\">\n<p><ins class=\"adsbygoogle\" data-ad-client=\"ca-pub-2316039080160691\" data-ad-slot=\"4160874500\" data-ad-format=\"auto\" data-full-width-responsive=\"true\" data-adsbygoogle-status=\"done\"><\/ins><ins id=\"aswift_2_expand\"><\/ins><ins id=\"aswift_2_anchor\"><iframe loading=\"lazy\" id=\"aswift_2\" src=\"https:\/\/googleads.g.doubleclick.net\/pagead\/ads?client=ca-pub-2316039080160691&amp;output=html&amp;h=280&amp;slotname=4160874500&amp;adk=674298309&amp;adf=1176686403&amp;w=504&amp;fwrn=4&amp;fwrnh=100&amp;lmt=1593217296&amp;rafmt=1&amp;tp=site_kit&amp;psa=1&amp;guci=2.2.0.0.2.2.0.0&amp;format=504x280&amp;url=https%3A%2F%2Fwww.pimenta.blog.br%2F2020%2F06%2F26%2Fbahia-possui-311-mil-curados-da-covid-19-235-mil-casos-ativos-e-1-642-obitos%2F&amp;flash=0&amp;fwr=0&amp;fwrattr=true&amp;rpe=1&amp;resp_fmts=3&amp;wgl=1&amp;adsid=ChEI8LnW9wUQ5sTm-aLv4L-aARJMALoY-m81qTZNEu3_5h9iK31lHTGgexQ7LoUbBSndWk5188KovQIV5KCiyaKWKXatz2hxyV_yb3ZEQj4etzF2Ex-zZRTFQA1DFvoCQQ&amp;dt=1593217262101&amp;bpp=7&amp;bdt=996&amp;idt=7&amp;shv=r20200622&amp;cbv=r20190131&amp;ptt=9&amp;saldr=aa&amp;abxe=1&amp;cookie=ID%3Db63795cb0e699d8b%3AT%3D1579825500%3AS%3DALNI_MYnw0oAYVX0enXdsFue_6b2iMyDbQ&amp;prev_fmts=0x0%2C434x187&amp;nras=1&amp;correlator=2141062665169&amp;frm=20&amp;pv=1&amp;ga_vid=2074055500.1496886015&amp;ga_sid=1593217262&amp;ga_hid=5128174&amp;ga_fc=0&amp;iag=0&amp;icsg=2862020865032188&amp;dssz=48&amp;mdo=0&amp;mso=0&amp;u_tz=-180&amp;u_his=12&amp;u_java=0&amp;u_h=768&amp;u_w=1024&amp;u_ah=738&amp;u_aw=1024&amp;u_cd=24&amp;u_nplug=3&amp;u_nmime=4&amp;adx=70&amp;ady=4044&amp;biw=1007&amp;bih=586&amp;scr_x=0&amp;scr_y=4994&amp;oid=3&amp;pvsid=3814613419095334&amp;pem=852&amp;ref=https%3A%2F%2Fwww.pimenta.blog.br%2F&amp;rx=0&amp;eae=0&amp;fc=1920&amp;brdim=0%2C0%2C0%2C0%2C1024%2C0%2C1024%2C738%2C1024%2C586&amp;vis=1&amp;rsz=o%7C%7CpoeE%7C&amp;abl=CS&amp;pfx=0&amp;fu=8336&amp;bc=31&amp;jar=2020-06-27-00&amp;ifi=2&amp;uci=a!2&amp;fsb=1&amp;xpc=mYsb4CW9fx&amp;p=https%3A\/\/www.pimenta.blog.br&amp;dtd=34574\" name=\"aswift_2\" width=\"504\" height=\"280\" frameborder=\"0\" marginwidth=\"0\" marginheight=\"0\" scrolling=\"no\" sandbox=\"allow-forms allow-pointer-lock allow-popups allow-popups-to-escape-sandbox allow-same-origin allow-scripts allow-top-navigation-by-user-activation\" allowfullscreen=\"allowfullscreen\" data-google-container-id=\"a!2\" data-google-query-id=\"CN3azfjcoOoCFZGvewodo0YAIQ\" data-mce-fragment=\"1\"><\/iframe><\/ins><\/p>\n<\/div>\n<\/div>\n<p>1619\u00ba \u00f3bito \u2013 mulher, 63 anos, residente em Gandu, sem informa\u00e7\u00e3o de comorbidades, data de admiss\u00e3o n\u00e3o informada, foi a \u00f3bito dia 16\/06, em unidade da rede p\u00fablica, em Gandu;<\/p>\n<p>1620\u00ba \u00f3bito \u2013 homem, 91 anos, residente em Itaberaba, sem informa\u00e7\u00e3o de comorbidade, foi internado dia 23\/06 e foi a \u00f3bito dia 24\/06, em unidade da rede p\u00fablica, em Itaberaba;<\/p>\n<p>1621\u00ba \u00f3bito \u2013 homem, 70 anos, residente em Salvador, portador de doen\u00e7a renal cr\u00f4nica, foi internado dia 14\/06 e foi a \u00f3bito dia 20\/06, em unidade da rede p\u00fablica, em Salvador;<\/p>\n<p>1622\u00ba \u00f3bito \u2013 homem, 84 anos, residente em Feira de Santana, portador de hipertens\u00e3o, foi internado dia 15\/06 e foi a \u00f3bito dia 17\/06, em unidade da rede p\u00fablica, em Salvador;<\/p>\n<p>1623\u00ba \u00f3bito \u2013 homem, 65 anos, residente em Salvador, portador de neoplasias, foi internado dia 15\/06 e foi a \u00f3bito dia 19\/06, em unidade da rede p\u00fablica, em Salvador;<\/p>\n<p>1624\u00ba \u00f3bito \u2013 mulher, 78 anos, residente em Salvador, portadora de hipertens\u00e3o arterial, diabetes e doen\u00e7a renal cr\u00f4nica, foi internada dia 09\/06 e foi a \u00f3bito dia 10\/06, em unidade da rede p\u00fablica, em Salvador;<\/p>\n<p>1625\u00ba \u00f3bito \u2013 mulher, 61 anos, residente em Lauro de Freitas, portadora de hipertens\u00e3o arterial e diabetes, foi internada dia 22\/05 e foi a \u00f3bito dia 27\/05, em unidade da rede p\u00fablica, em Salvador;<\/p>\n<p>1625\u00ba \u00f3bito \u2013 mulher, 61 anos, residente em Lauro de Freitas, portadora de hipertens\u00e3o arterial e diabetes mellitus. Internada dia 22\/05, foi a \u00f3bito dia 27\/05, em hospital da rede p\u00fablica, em Salvador;<\/p>\n<p>1626\u00ba \u00f3bito \u2013 homem, 91 anos, residente em Valen\u00e7a, sem informa\u00e7\u00f5es sobre a exist\u00eancia de comorbidades. Tamb\u00e9m, sem informa\u00e7\u00f5es acerca da data de interna\u00e7\u00e3o, foi a \u00f3bito dia 24\/06, em hospital filantr\u00f3pico, em Valen\u00e7a;<\/p>\n<p>1627\u00ba \u00f3bito \u2013 homem, 78 anos, residente em Salvador, portador de hipertens\u00e3o arterial, doen\u00e7a cardiovascular e doen\u00e7a respirat\u00f3ria cr\u00f4nicas. Internado dia 19\/05, foi a \u00f3bito dia 06\/06, em hospital da rede particular, em Lauro de Freitas;<\/p>\n<p>1628\u00ba \u00f3bito \u2013 homem, 90 anos, residente em Vit\u00f3ria da Conquista, sem informa\u00e7\u00f5es sobre a exist\u00eancia de comorbidades. Tamb\u00e9m, n\u00e3o foi informada a data de interna\u00e7\u00e3o. Foi a \u00f3bito dia 21\/06, em hospital filantr\u00f3pico, em Vit\u00f3ria da Conquista;<\/p>\n<p>1629\u00ba \u00f3bito \u2013 mulher, 65 anos, residente em Salvador, portadora de diabetes mellitus. Internada dia 25\/05, foi a \u00f3bito dia 20\/06, em hospital da rede particular, em Salvador;<\/p>\n<p>1630\u00ba \u00f3bito \u2013 homem, 52 anos, residente em Salvador, portador de doen\u00e7a do sistema nervoso. Internado dia 26\/05, foi a \u00f3bito dia 28\/05, em hospital da rede p\u00fablica, em Salvador;<\/p>\n<p>1631\u00ba \u00f3bito \u2013 mulher, 76 anos, residente em Itabuna, sem informa\u00e7\u00f5es sobre a exist\u00eancia de comorbidades. Tamb\u00e9m sem informa\u00e7\u00e3o quanto \u00e0 data de interna\u00e7\u00e3o, foi a \u00f3bito dia 16\/06, em hospital filantr\u00f3pico, em Itabuna;<\/p>\n<p>1632\u00ba \u00f3bito \u2013 homem, 68 anos, residente em Salvador, portador de diabetes mellitus e hipertens\u00e3o arterial. Internado dia 21\/05, foi a \u00f3bito dia 16\/06, em hospital particular, em Lauro de Freitas;<\/p>\n<p>1633\u00ba \u00f3bito \u2013 homem, 51 anos, residente em Serrinha, portador de doen\u00e7a renal cr\u00f4nica. Internado dia 16\/06, foi a \u00f3bito dia 17\/06, em hospital da rede p\u00fablica, em Salvador;<\/p>\n<p>1634\u00ba \u00f3bito \u2013 homem, 93 anos, residente em Salvador, portador de hipertens\u00e3o arterial. Internado dia 07\/06, foi a \u00f3bito dia 17\/06, em hospital da rede particular, em Lauro de Freitas;<\/p>\n<p>1635\u00ba \u00f3bito \u2013 mulher, 95 anos, residente em Salvador, portadora de hipertens\u00e3o arterial. Internada dia 08\/06, foi a \u00f3bito dia 17\/06, em hospital da rede particular, em Lauro de Freitas;<\/p>\n<p>1636\u00ba \u00f3bito \u2013 mulher, 91 anos, residente em Salvador, portadora de hipertens\u00e3o arterial e doen\u00e7a cardiovascular. Internada dia 04\/06, foi a \u00f3bito dia 23\/06, em hospital da rede particular, em Lauro de Freitas;<\/p>\n<p>1637\u00ba \u00f3bito \u2013 mulher, 82 anos, residente em Cama\u00e7ari, portadora de diabetes mellitus e hipertens\u00e3o arterial. Internada dia 14\/06, foi a \u00f3bito dia 15\/06, em unidade da rede p\u00fablica, em Cama\u00e7ari;<\/p>\n<p>1638\u00ba \u00f3bito \u2013 mulher, 70 anos, residente em Catu, portadora de hipertens\u00e3o arterial, diabetes mellitus e neoplasias. Internada dia 06\/06, veio a \u00f3bito dia 19\/06, em hospital da rede p\u00fablica, em Salvador;<\/p>\n<p>1639\u00ba \u00f3bito \u2013 mulher, 101 anos, residente em Cama\u00e7ari, portadora de hipertens\u00e3o arterial. Internada di9a 12\/06, foi a \u00f3bito dia 15\/06, em unidade da rede p\u00fablica, em Cama\u00e7ari;<\/p>\n<p>1640\u00ba \u00f3bito \u2013 mulher, 70 anos, residente em Cama\u00e7ari, portadora de diabetes mellitus. Internada dia 08\/06, foi a \u00f3bito dia 16\/06, em unidade p\u00fablica, em Cama\u00e7ari;<\/p>\n<p>1641\u00ba \u00f3bito \u2013 mulher, 83 anos, residente em Pojuca, portadora de diabetes mellitus. Internada dia 25\/05, foi a \u00f3bito dia 23\/06, em hospital da rede particular, em Salvador;<\/p>\n<p>1642\u00ba \u00f3bito \u2013 mulher, 79 anos, residente em Salvador, portadora de hipertens\u00e3o arterial, diabetes mellitus, doen\u00e7a cardiovascular e obesidade. Internada dia 17\/06, foi ia \u00f3bito dia 24\/06, em hospital da rede particular, em Salvador.<\/p>\n","protected":false},"excerpt":{"rendered":"<p>A Bahia registrou total de 2.131 novos casos de covid-19 nas \u00faltimas 24 horas, segundo a Secretaria Estadual de Sa\u00fade (Sesab), al\u00e9m de 1.999 curados e 41 \u00f3bitos. Agora, o estado possui acumulado de 56.422 infectados confirmados por teste ou crit\u00e9rio epidemiol\u00f3gico, dos quais 31.192 j\u00e1 est\u00e3o considerados curados e h\u00e1 23.588 casos ativos (em [&hellip;]<\/p>\n","protected":false},"author":2,"featured_media":0,"comment_status":"open","ping_status":"open","sticky":false,"template":"","format":"standard","meta":{"_links_to":"","_links_to_target":""},"categories":[1],"tags":[],"_links":{"self":[{"href":"https:\/\/www.r2cpress.com.br\/v1\/wp-json\/wp\/v2\/posts\/122387"}],"collection":[{"href":"https:\/\/www.r2cpress.com.br\/v1\/wp-json\/wp\/v2\/posts"}],"about":[{"href":"https:\/\/www.r2cpress.com.br\/v1\/wp-json\/wp\/v2\/types\/post"}],"author":[{"embeddable":true,"href":"https:\/\/www.r2cpress.com.br\/v1\/wp-json\/wp\/v2\/users\/2"}],"replies":[{"embeddable":true,"href":"https:\/\/www.r2cpress.com.br\/v1\/wp-json\/wp\/v2\/comments?post=122387"}],"version-history":[{"count":1,"href":"https:\/\/www.r2cpress.com.br\/v1\/wp-json\/wp\/v2\/posts\/122387\/revisions"}],"predecessor-version":[{"id":122388,"href":"https:\/\/www.r2cpress.com.br\/v1\/wp-json\/wp\/v2\/posts\/122387\/revisions\/122388"}],"wp:attachment":[{"href":"https:\/\/www.r2cpress.com.br\/v1\/wp-json\/wp\/v2\/media?parent=122387"}],"wp:term":[{"taxonomy":"category","embeddable":true,"href":"https:\/\/www.r2cpress.com.br\/v1\/wp-json\/wp\/v2\/categories?post=122387"},{"taxonomy":"post_tag","embeddable":true,"href":"https:\/\/www.r2cpress.com.br\/v1\/wp-json\/wp\/v2\/tags?post=122387"}],"curies":[{"name":"wp","href":"https:\/\/api.w.org\/{rel}","templated":true}]}}