{"id":122419,"date":"2020-07-04T19:47:53","date_gmt":"2020-07-04T22:47:53","guid":{"rendered":"http:\/\/www.r2cpress.com.br\/v1\/?p=122419"},"modified":"2020-07-04T19:47:53","modified_gmt":"2020-07-04T22:47:53","slug":"ufsb-lanca-campanha-solidaria-para-apoiar-setores-vulneraveis-da-comunidade-externa","status":"publish","type":"post","link":"https:\/\/www.r2cpress.com.br\/v1\/2020\/07\/04\/ufsb-lanca-campanha-solidaria-para-apoiar-setores-vulneraveis-da-comunidade-externa\/","title":{"rendered":"UFSB lan\u00e7a campanha solid\u00e1ria para apoiar setores vulner\u00e1veis da comunidade externa"},"content":{"rendered":"<p><a href=\"http:\/\/www.r2cpress.com.br\/v1\/wp-content\/uploads\/2020\/07\/Novo-card1.jpg\"><img loading=\"lazy\" class=\"size-full wp-image-122420 alignleft\" src=\"http:\/\/www.r2cpress.com.br\/v1\/wp-content\/uploads\/2020\/07\/Novo-card1.jpg\" alt=\"\" width=\"200\" height=\"200\" srcset=\"https:\/\/www.r2cpress.com.br\/v1\/wp-content\/uploads\/2020\/07\/Novo-card1.jpg 200w, https:\/\/www.r2cpress.com.br\/v1\/wp-content\/uploads\/2020\/07\/Novo-card1-150x150.jpg 150w\" sizes=\"(max-width: 200px) 100vw, 200px\" \/><\/a>A Universidade Federal do Sul da Bahia lan\u00e7a nesta segunda (29) a campanha\u00a0<strong><a href=\"https:\/\/ufsb.edu.br\/index.php?option=com_content&amp;view=article&amp;id=2449\" target=\"_blank\" rel=\"noopener noreferrer\" data-auth=\"NotApplicable\">UFSB Solid\u00e1ria: na luta contra o coronav\u00edrus<\/a><\/strong>. O intuito \u00e9 arrecadar doa\u00e7\u00f5es em dinheiro para a compra de alimentos, materiais de higiene e prote\u00e7\u00e3o individual para entrega a grupos e comunidades vulner\u00e1veis nas cidades de abrang\u00eancia da institui\u00e7\u00e3o no Sul e Extremo Sul do estado. A iniciativa vai durar enquanto persistir a situa\u00e7\u00e3o de pandemia causada pela covid-19. Com isso, a campanha se somar\u00e1 aos diversos projetos de enfrentamento da pandemia desenvolvidos pela universidade. As doa\u00e7\u00f5es v\u00e3o ajudar comunidades ind\u00edgenas, quilombolas, catadores\/as de materiais recicl\u00e1veis, moradores\/as das periferias, pescadores\/as e marisqueiros\/as, dentre outras, a suportar o per\u00edodo emergencial.<\/p>\n<p>Para doar, pessoas f\u00edsicas, jur\u00eddicas e entes p\u00fablicos podem realizar transa\u00e7\u00f5es financeiras para a conta banc\u00e1ria registrada pelo conv\u00eanio da UFSB com a Funda\u00e7\u00e3o de Amparo \u00e0 Pesquisa e \u00e0 Extens\u00e3o (FAPEX), que cumpre a fun\u00e7\u00e3o de funda\u00e7\u00e3o de apoio para a universidade. A ideia \u00e9 realizar entregas mensais, e a mesma periodicidade ser\u00e1 usada para prestar contas \u00e0 comunidade externa dos valores arrecadados e despendidos para os fins da campanha, com os dados dispon\u00edveis no website da iniciativa. A UFSB e outras instititui\u00e7\u00f5es do poder p\u00fablico e da sociedade civil v\u00e3o colaborar para comprar e levar os materiais \u00e0s comunidades necessitadas.\u00a0Empresas e outras entidades com CNPJ podem optar por comprar diretamente os suprimentos e firmar termos de doa\u00e7\u00e3o para repassar os itens para distribui\u00e7\u00e3o pela UFSB.<\/p>\n<p>A Pr\u00f3-reitoria de Extens\u00e3o e Cultura \u00e9 o setor articulador da campanha. Conforme a pr\u00f3-reitora, professora Lilian Reichert Coelho, &#8220;o\u00a0momento delicado imposto pela pandemia requer o envolvimento de todas e todos n\u00f3s na luta pela valoriza\u00e7\u00e3o da vida humana e sua preserva\u00e7\u00e3o com dignidade. A campanha UFSB Solid\u00e1ria \u00e9 uma iniciativa que une uma proposta da Reitoria a demandas por doa\u00e7\u00f5es encaminhadas \u00e0 UFSB por representantes de grupos vulner\u00e1veis e entidades parceiras do poder p\u00fablico e da sociedade civil. Sabemos que o papel social da institui\u00e7\u00e3o universidade n\u00e3o substitui de modo algum o dever do Estado de garantir condi\u00e7\u00f5es para vida digna \u00e0s pessoas mais expostas no enfrentamento \u00e0 inseguran\u00e7a alimentar, \u00e0s condi\u00e7\u00f5es prec\u00e1rias de higiene e a outras desprote\u00e7\u00f5es que violam os direitos humanos e reproduzem desigualdades. No entanto, entendemos que a universidade n\u00e3o pode estar alheia \u00e0s necessidades mais b\u00e1sicas da popula\u00e7\u00e3o vulner\u00e1vel dos territ\u00f3rios Sul e Extremo Sul da Bahia, sobretudo em um contexto t\u00e3o incerto e amea\u00e7ador no que diz respeito ao acesso a direitos. \u00c9 esse o esp\u00edrito que anima a campanha, refor\u00e7ando o compromisso social assumido pela UFSB.&#8221;<\/p>\n<p>&nbsp;<\/p>\n<p><strong><em>Como doar:<\/em><\/strong><\/p>\n<p>Funda\u00e7\u00e3o de Apoio \u00e0 Pesquisa e \u00e0 Extens\u00e3o (FAPEX)<br \/>\n<strong>Banco do Brasil<\/strong><br \/>\n<strong>Ag\u00eancia 3832-6<br \/>\nConta corrente 37.330-3<\/strong><\/p>\n<p><strong>CNPJ da Fapex: 14.645.162\/0001-91<\/strong><\/p>\n<p><strong><em>\u00a0<\/em><\/strong><\/p>\n<p><strong><em>Quem pode doar:<\/em><\/strong><br \/>\nQualquer pessoa f\u00edsica ou jur\u00eddica, entes p\u00fablicos.<\/p>\n<p><strong>Contato<\/strong>:<\/p>\n<p>O e-mail de contato com a coordena\u00e7\u00e3o da campanha \u00e9\u00a0<strong><a href=\"mailto:ufsbsolidaria@ufsb.edu.br\" target=\"_blank\" rel=\"noopener noreferrer\" data-auth=\"NotApplicable\">ufsbsolidaria@ufsb.edu.br<\/a><\/strong>.<\/p>\n<p>&nbsp;<\/p>\n<div id=\"x_ff841b04-fa38-4916-a895-639954aa28b6\">\n<div>&#8212;<br \/>\n<b>Heleno Rocha Naz\u00e1rio<\/b><\/div>\n<div>Jornalista &#8211;\u00a0Mestre em Comunica\u00e7\u00e3o Social (PPGCOM\/PUCRS)<\/div>\n<div><\/div>\n<\/div>\n","protected":false},"excerpt":{"rendered":"<p>A Universidade Federal do Sul da Bahia lan\u00e7a nesta segunda (29) a campanha\u00a0UFSB Solid\u00e1ria: na luta contra o coronav\u00edrus. O intuito \u00e9 arrecadar doa\u00e7\u00f5es em dinheiro para a compra de alimentos, materiais de higiene e prote\u00e7\u00e3o individual para entrega a grupos e comunidades vulner\u00e1veis nas cidades de abrang\u00eancia da institui\u00e7\u00e3o no Sul e Extremo Sul [&hellip;]<\/p>\n","protected":false},"author":2,"featured_media":0,"comment_status":"open","ping_status":"open","sticky":false,"template":"","format":"standard","meta":{"_links_to":"","_links_to_target":""},"categories":[1],"tags":[],"_links":{"self":[{"href":"https:\/\/www.r2cpress.com.br\/v1\/wp-json\/wp\/v2\/posts\/122419"}],"collection":[{"href":"https:\/\/www.r2cpress.com.br\/v1\/wp-json\/wp\/v2\/posts"}],"about":[{"href":"https:\/\/www.r2cpress.com.br\/v1\/wp-json\/wp\/v2\/types\/post"}],"author":[{"embeddable":true,"href":"https:\/\/www.r2cpress.com.br\/v1\/wp-json\/wp\/v2\/users\/2"}],"replies":[{"embeddable":true,"href":"https:\/\/www.r2cpress.com.br\/v1\/wp-json\/wp\/v2\/comments?post=122419"}],"version-history":[{"count":1,"href":"https:\/\/www.r2cpress.com.br\/v1\/wp-json\/wp\/v2\/posts\/122419\/revisions"}],"predecessor-version":[{"id":122421,"href":"https:\/\/www.r2cpress.com.br\/v1\/wp-json\/wp\/v2\/posts\/122419\/revisions\/122421"}],"wp:attachment":[{"href":"https:\/\/www.r2cpress.com.br\/v1\/wp-json\/wp\/v2\/media?parent=122419"}],"wp:term":[{"taxonomy":"category","embeddable":true,"href":"https:\/\/www.r2cpress.com.br\/v1\/wp-json\/wp\/v2\/categories?post=122419"},{"taxonomy":"post_tag","embeddable":true,"href":"https:\/\/www.r2cpress.com.br\/v1\/wp-json\/wp\/v2\/tags?post=122419"}],"curies":[{"name":"wp","href":"https:\/\/api.w.org\/{rel}","templated":true}]}}