{"id":122460,"date":"2020-07-10T23:20:14","date_gmt":"2020-07-11T02:20:14","guid":{"rendered":"http:\/\/www.r2cpress.com.br\/v1\/?p=122460"},"modified":"2020-07-10T23:20:14","modified_gmt":"2020-07-11T02:20:14","slug":"operacao-tapa-buracos-melhora-transito-e-condicoes-das-vias-em-ilheus-por-secom","status":"publish","type":"post","link":"https:\/\/www.r2cpress.com.br\/v1\/2020\/07\/10\/operacao-tapa-buracos-melhora-transito-e-condicoes-das-vias-em-ilheus-por-secom\/","title":{"rendered":"Opera\u00e7\u00e3o tapa-buracos melhora tr\u00e2nsito e condi\u00e7\u00f5es das vias em Ilh\u00e9us. Por Secom"},"content":{"rendered":"<p><img loading=\"lazy\" class=\" alignleft\" src=\"https:\/\/portalfacilclientes.blob.core.windows.net\/uploads\/ILHEUS\/img\/%7B26EAB5D3-2DC4-28AC-1EDE-BEA73CCA2BBB%7D\/%7B26EAB5D3-2DC4-28AC-1EDE-BEA73CCA2BBB%7D_650X450.jpeg\" width=\"306\" height=\"212\" \/><\/p>\n<p>A Prefeitura de Ilh\u00e9us segue com a recupera\u00e7\u00e3o asf\u00e1ltica, por meio da opera\u00e7\u00e3o tapa-buracos, visando proporcionar melhores condi\u00e7\u00f5es de tr\u00e1fego nas vias da cidade. Sob a coordena\u00e7\u00e3o da Secretaria de Infraestrutura e Defesa Civil (Seinfra), o trabalho j\u00e1 foi realizado em aproximadamente 20 localidades durante os meses de junho e julho.<\/p>\n<p>De acordo com a Seinfra, o cronograma atende de forma priorit\u00e1ria pontos previamente definidos com o aux\u00edlio de um levantamento. A Prefeitura pede a compreens\u00e3o da popula\u00e7\u00e3o e informa que o objetivo \u00e9 atender as demandas, levando em considera\u00e7\u00e3o o fluxo di\u00e1rio de ve\u00edculos que transitam pelas vias. \u201cEntendemos a necessidade de conserva\u00e7\u00e3o e reparo das ruas para melhor\u00a0trafegabilidade e seguran\u00e7a no tr\u00e2nsito. Por isso, avaliamos as \u00e1reas e realizamos o trabalho rotineiramente. A nossa meta \u00e9 de que a opera\u00e7\u00e3o atenda inicialmente os pontos mais cr\u00edticos da cidade\u201d, frisou o prefeito M\u00e1rio Alexandre.<\/p>\n<p>O servi\u00e7o de recupera\u00e7\u00e3o da malha vi\u00e1ria chegou \u00e0s ruas Treze de Maio e Coronel Pessoa, no Pontal; avenidas\u00a0Soares Lopes e Dois de Julho, no Centro; Avenida Jos\u00e9 Lu\u00eds da Fonseca e ruas Cl\u00f3vis Humberto Sampaio; Rotary e Tobias Barreto, na Cidade Nova; ruas Edmon Darwich e Lucio Bitencourt, na Bela Vista; ruas Portugal e Osmundo Marques, no Nelson Costa; Avenida Itabuna, na altura da ladeira do Canec\u00e3o;\u00a0Avenida Nossa Senhora Aparecida; Principal do Ilh\u00e9us II; Eixo Principal da Urbis e Mambape, na zona Sul da cidade. As vias s\u00e3o atendidas dentro do cronograma de obras avaliado conforme as necessidades e prioridades de cada localidade.<\/p>\n","protected":false},"excerpt":{"rendered":"<p>A Prefeitura de Ilh\u00e9us segue com a recupera\u00e7\u00e3o asf\u00e1ltica, por meio da opera\u00e7\u00e3o tapa-buracos, visando proporcionar melhores condi\u00e7\u00f5es de tr\u00e1fego nas vias da cidade. Sob a coordena\u00e7\u00e3o da Secretaria de Infraestrutura e Defesa Civil (Seinfra), o trabalho j\u00e1 foi realizado em aproximadamente 20 localidades durante os meses de junho e julho. De acordo com a [&hellip;]<\/p>\n","protected":false},"author":2,"featured_media":0,"comment_status":"open","ping_status":"open","sticky":false,"template":"","format":"standard","meta":{"_links_to":"","_links_to_target":""},"categories":[1],"tags":[],"_links":{"self":[{"href":"https:\/\/www.r2cpress.com.br\/v1\/wp-json\/wp\/v2\/posts\/122460"}],"collection":[{"href":"https:\/\/www.r2cpress.com.br\/v1\/wp-json\/wp\/v2\/posts"}],"about":[{"href":"https:\/\/www.r2cpress.com.br\/v1\/wp-json\/wp\/v2\/types\/post"}],"author":[{"embeddable":true,"href":"https:\/\/www.r2cpress.com.br\/v1\/wp-json\/wp\/v2\/users\/2"}],"replies":[{"embeddable":true,"href":"https:\/\/www.r2cpress.com.br\/v1\/wp-json\/wp\/v2\/comments?post=122460"}],"version-history":[{"count":1,"href":"https:\/\/www.r2cpress.com.br\/v1\/wp-json\/wp\/v2\/posts\/122460\/revisions"}],"predecessor-version":[{"id":122462,"href":"https:\/\/www.r2cpress.com.br\/v1\/wp-json\/wp\/v2\/posts\/122460\/revisions\/122462"}],"wp:attachment":[{"href":"https:\/\/www.r2cpress.com.br\/v1\/wp-json\/wp\/v2\/media?parent=122460"}],"wp:term":[{"taxonomy":"category","embeddable":true,"href":"https:\/\/www.r2cpress.com.br\/v1\/wp-json\/wp\/v2\/categories?post=122460"},{"taxonomy":"post_tag","embeddable":true,"href":"https:\/\/www.r2cpress.com.br\/v1\/wp-json\/wp\/v2\/tags?post=122460"}],"curies":[{"name":"wp","href":"https:\/\/api.w.org\/{rel}","templated":true}]}}