{"id":122494,"date":"2020-07-14T20:48:59","date_gmt":"2020-07-14T23:48:59","guid":{"rendered":"http:\/\/www.r2cpress.com.br\/v1\/?p=122494"},"modified":"2020-07-14T20:48:59","modified_gmt":"2020-07-14T23:48:59","slug":"parceria-entre-prefeitura-e-governo-do-estado-rende-investimentos-para-ilheus-por-secom","status":"publish","type":"post","link":"https:\/\/www.r2cpress.com.br\/v1\/2020\/07\/14\/parceria-entre-prefeitura-e-governo-do-estado-rende-investimentos-para-ilheus-por-secom\/","title":{"rendered":"Parceria entre Prefeitura e Governo do Estado rende investimentos para Ilh\u00e9us: Por Secom"},"content":{"rendered":"<p><img loading=\"lazy\" class=\" alignleft\" src=\"https:\/\/portalfacilclientes.blob.core.windows.net\/uploads\/ILHEUS\/img\/%7BEDD2548D-CE47-D3A7-4BCA-BAEA5BEDDDC7%7D\/%7BEDD2548D-CE47-D3A7-4BCA-BAEA5BEDDDC7%7D_650X450.jpeg\" width=\"520\" height=\"360\" \/>A parceria entre os governos estadual e municipal reflete no pacote de melhorias anunciado pelo governador Rui Costa para Ilh\u00e9us. A capta\u00e7\u00e3o e gera\u00e7\u00e3o de recursos durante a gest\u00e3o do prefeito M\u00e1rio Alexandre possibilitaram aumento substancial dos investimentos, principalmente nas \u00e1reas de infraestrutura e da sa\u00fade. A entrega da nova ponte \u00e9 o marco da mobilidade urbana da cidade.<\/p>\n<p>\u201cFizemos nesses tr\u00eas anos investimentos nunca feitos nos \u00faltimos 30 anos. Por meio das parcerias firmadas podemos dialogar e buscar solu\u00e7\u00f5es conjuntas para atender as demandas da popula\u00e7\u00e3o\u201d, afirmou M\u00e1rio Alexandre.<\/p>\n<p>O dirigente baiano, por sua vez, enfatizou que as propostas pensadas para a regi\u00e3o Sul s\u00e3o articuladas com o governo do Estado e dentro desse processo Ilh\u00e9us \u00e9 uma das rotas estrat\u00e9gicas e economicamente importantes para o desenvolvimento da Bahia. \u201cIsso tudo ganha celeridade quando a gente consegue o di\u00e1logo e a afinidade com o Munic\u00edpio, para que as coisas ocorram com menos burocracia e menos tempo perdido\u201d.<\/p>\n<p>Para este ano, a administra\u00e7\u00e3o municipal planeja outras a\u00e7\u00f5es, como a revitaliza\u00e7\u00e3o da Central de Abastecimento e a primeira etapa do fechamento do Canal do Malhado, continuidade do programa de asfaltamento em diversas vias, incluindo 17 ruas do Teot\u00f4nio Vilela e entrega de equipamentos de sa\u00fade e unidades escolares, al\u00e9m das obras executadas em conjunto com o Governo do Estado: duplica\u00e7\u00e3o da BA-001, nos dois sentidos, com extens\u00e3o at\u00e9 as proximidades do bairro Ceplus e constru\u00e7\u00e3o da unidade materno-infantil, na Conquista, refer\u00eancia para alta complexidade, com previs\u00e3o de entrega para fevereiro de 2021.<\/p>\n<p>A primeira etapa do esgotamento sanit\u00e1rio e esta\u00e7\u00e3o de tratamento do Pontal, segundo informou Rui, est\u00e1 prevista para ser entregue no m\u00eas de agosto. A licita\u00e7\u00e3o para a\u00a0constru\u00e7\u00e3o de uma Unidade de Pronto Atendimento (UPA) tipo II no bairro Esperan\u00e7a j\u00e1 est\u00e1 publicada no Di\u00e1rio Oficial do Estado. Tamb\u00e9m foi prenunciada a constru\u00e7\u00e3o de uma Unidade B\u00e1sica de Sa\u00fade (UBS) ao lado Hospital Regional Costa do Cacau.<\/p>\n<p>\u201cNunca um governador teve tantos olhares para a nossa cidade. Todas essas melhorias trazem qualidade de vida para os mun\u00edcipes e turistas que visitam Ilh\u00e9us. Agradecemos pelo carinho e esfor\u00e7o que o governador tem n\u00e3o apenas pela Bahia, mas pela\u00a0regi\u00e3o sul do estado\u201d, concluiu M\u00e1rio Alexandre.<\/p>\n","protected":false},"excerpt":{"rendered":"<p>A parceria entre os governos estadual e municipal reflete no pacote de melhorias anunciado pelo governador Rui Costa para Ilh\u00e9us. A capta\u00e7\u00e3o e gera\u00e7\u00e3o de recursos durante a gest\u00e3o do prefeito M\u00e1rio Alexandre possibilitaram aumento substancial dos investimentos, principalmente nas \u00e1reas de infraestrutura e da sa\u00fade. A entrega da nova ponte \u00e9 o marco da [&hellip;]<\/p>\n","protected":false},"author":2,"featured_media":0,"comment_status":"open","ping_status":"open","sticky":false,"template":"","format":"standard","meta":{"_links_to":"","_links_to_target":""},"categories":[1],"tags":[],"_links":{"self":[{"href":"https:\/\/www.r2cpress.com.br\/v1\/wp-json\/wp\/v2\/posts\/122494"}],"collection":[{"href":"https:\/\/www.r2cpress.com.br\/v1\/wp-json\/wp\/v2\/posts"}],"about":[{"href":"https:\/\/www.r2cpress.com.br\/v1\/wp-json\/wp\/v2\/types\/post"}],"author":[{"embeddable":true,"href":"https:\/\/www.r2cpress.com.br\/v1\/wp-json\/wp\/v2\/users\/2"}],"replies":[{"embeddable":true,"href":"https:\/\/www.r2cpress.com.br\/v1\/wp-json\/wp\/v2\/comments?post=122494"}],"version-history":[{"count":1,"href":"https:\/\/www.r2cpress.com.br\/v1\/wp-json\/wp\/v2\/posts\/122494\/revisions"}],"predecessor-version":[{"id":122495,"href":"https:\/\/www.r2cpress.com.br\/v1\/wp-json\/wp\/v2\/posts\/122494\/revisions\/122495"}],"wp:attachment":[{"href":"https:\/\/www.r2cpress.com.br\/v1\/wp-json\/wp\/v2\/media?parent=122494"}],"wp:term":[{"taxonomy":"category","embeddable":true,"href":"https:\/\/www.r2cpress.com.br\/v1\/wp-json\/wp\/v2\/categories?post=122494"},{"taxonomy":"post_tag","embeddable":true,"href":"https:\/\/www.r2cpress.com.br\/v1\/wp-json\/wp\/v2\/tags?post=122494"}],"curies":[{"name":"wp","href":"https:\/\/api.w.org\/{rel}","templated":true}]}}