{"id":122504,"date":"2020-07-17T19:42:54","date_gmt":"2020-07-17T22:42:54","guid":{"rendered":"http:\/\/www.r2cpress.com.br\/v1\/?p=122504"},"modified":"2020-07-17T19:42:54","modified_gmt":"2020-07-17T22:42:54","slug":"onu-alerta-para-o-aumento-da-pobreza-e-da-fome-no-mundo","status":"publish","type":"post","link":"https:\/\/www.r2cpress.com.br\/v1\/2020\/07\/17\/onu-alerta-para-o-aumento-da-pobreza-e-da-fome-no-mundo\/","title":{"rendered":"ONU alerta para o aumento da pobreza e da fome no mundo"},"content":{"rendered":"<p><a href=\"http:\/\/www.r2cpress.com.br\/v1\/wp-content\/uploads\/2020\/07\/Diga-Sim_anu\u0301ncio.jpeg\"><img loading=\"lazy\" class=\"size-medium wp-image-122505 alignleft\" src=\"http:\/\/www.r2cpress.com.br\/v1\/wp-content\/uploads\/2020\/07\/Diga-Sim_anu\u0301ncio-300x300.jpeg\" alt=\"\" width=\"300\" height=\"300\" srcset=\"https:\/\/www.r2cpress.com.br\/v1\/wp-content\/uploads\/2020\/07\/Diga-Sim_anu\u0301ncio-300x300.jpeg 300w, https:\/\/www.r2cpress.com.br\/v1\/wp-content\/uploads\/2020\/07\/Diga-Sim_anu\u0301ncio-150x150.jpeg 150w, https:\/\/www.r2cpress.com.br\/v1\/wp-content\/uploads\/2020\/07\/Diga-Sim_anu\u0301ncio-768x767.jpeg 768w, https:\/\/www.r2cpress.com.br\/v1\/wp-content\/uploads\/2020\/07\/Diga-Sim_anu\u0301ncio-1024x1024.jpeg 1024w, https:\/\/www.r2cpress.com.br\/v1\/wp-content\/uploads\/2020\/07\/Diga-Sim_anu\u0301ncio.jpeg 1080w\" sizes=\"(max-width: 300px) 100vw, 300px\" \/><\/a><\/p>\n<p style=\"font-weight: 400;\"><strong><span style=\"font-style: inherit; font-weight: inherit;\">ONU alerta para o aumento da pobreza e da fome no mundo<\/span><\/strong><\/p>\n<p style=\"font-weight: 400;\"><em><span style=\"font-style: inherit; font-weight: inherit;\">A\u00e7\u00f5es humanit\u00e1rias e de Solidariedade s\u00e3o fundamentais para amenizar o sofrimento das popula\u00e7\u00f5es mais vulner\u00e1veis<\/span><\/em><\/p>\n<p style=\"font-weight: 400;\"><span style=\"font-style: inherit; font-weight: inherit;\">O secret\u00e1rio-geral da Organiza\u00e7\u00e3o das Na\u00e7\u00f5es Unidas (ONU), Ant\u00f3nio Guterres, lan\u00e7ou na \u00faltima ter\u00e7a-feira (9\/6), um relat\u00f3rio em que destaca que a pandemia da Covid-19 representa uma amea\u00e7a \u00e0 seguran\u00e7a alimentar e nutricional no mundo, especialmente para as comunidades mais vulner\u00e1veis. Segundo ele <em>\u201cH\u00e1 alimentos mais do que suficientes no mundo para alimentar a nossa popula\u00e7\u00e3o de 7,8 mil milh\u00f5es (7,8 bilh\u00f5es) de pessoas. No entanto, hoje, mais de 820 milh\u00f5es de pessoas passam fome. E cerca de 144 milh\u00f5es de crian\u00e7as com menos de 5 anos s\u00e3o raqu\u00edticas \u2013 mais do que uma em cada 5 crian\u00e7as em todo o mundo\u201d<\/em>.<\/span><\/p>\n<p style=\"font-weight: 400;\"><span style=\"font-style: inherit; font-weight: inherit;\">Entre as v\u00e1rias recomenda\u00e7\u00f5es e como medidas imediatas para uma a\u00e7\u00e3o coletiva, Guterres destacou que as pessoas devem se mobilizar para salvar vidas e assegurar que a assist\u00eancia humanit\u00e1ria essencial de alimentos e os meios de subsist\u00eancia e nutri\u00e7\u00e3o continuem a ser prestados a grupos vulner\u00e1veis e sem obst\u00e1culos.<\/span><\/p>\n<p style=\"font-weight: 400;\"><span style=\"font-style: inherit; font-weight: inherit;\">Ao encontro dessa recomenda\u00e7\u00e3o da ONU, a Legi\u00e3o da Boa Vontade (LBV) com seu permanente trabalho humanit\u00e1rio intensificou as suas a\u00e7\u00f5es e vem provendo pessoas e fam\u00edlias em situa\u00e7\u00e3o de vulnerabilidade e em risco alimentar atendidas por ela e por organiza\u00e7\u00f5es parceiras em todo o pa\u00eds com cestas de alimentos, refei\u00e7\u00f5es, <em>kits<\/em> de limpeza e higiene para que n\u00e3o passem fome e se protejam do novo coronav\u00edrus. <\/span><\/p>\n<p style=\"font-weight: 400;\"><span style=\"font-style: inherit; font-weight: inherit;\">Na Bahia, al\u00e9m do atendimento \u00e0s fam\u00edlias em situa\u00e7\u00e3o de vulnerabilidade social de seus Centros Comunit\u00e1rios de Assist\u00eancia Social em Salvador, Lauro de Freitas e Itabuna, a LBV tamb\u00e9m apoia institui\u00e7\u00f5es parceiras e estender\u00e1 o seu trabalho para a regi\u00e3o do sert\u00e3o de S\u00e3o Francisco. Nas cidades de Juazeiro, Sobradinho e Uau\u00e1 ser\u00e3o entregues 1.150 cestas de alimentos a popula\u00e7\u00e3o que sofre com a fome e a seca. <\/span><\/p>\n<p style=\"font-weight: 400;\"><span style=\"font-style: inherit; font-weight: inherit;\">Fam\u00edlias grandes, sem emprego e renda, residentes em comunidades com dif\u00edcil acesso aos servi\u00e7os de sa\u00fade, sem \u00e1gua pot\u00e1vel e sem saneamento b\u00e1sico estar\u00e3o sendo beneficiadas. Muitas sequer t\u00eam alimentos para uma refei\u00e7\u00e3o no dia. Por isso, a LBV convida as pessoas a se engajarem nas suas iniciativas solid\u00e1rias, para evitar que maiores impactos da pandemia da Covid-19 afetem ainda mais a seguran\u00e7a alimentar das popula\u00e7\u00f5es mais vulner\u00e1veis.<\/span><\/p>\n<p style=\"font-weight: 400;\"><strong><span style=\"font-style: inherit; font-weight: inherit;\">Voc\u00ea ajuda, a LBV faz!<\/span><\/strong><\/p>\n<p style=\"font-weight: 400;\"><span style=\"font-style: inherit; font-weight: inherit;\">A a\u00e7\u00e3o emergencial da LBV j\u00e1 entregou <strong>mais de 554 toneladas de doa\u00e7\u00f5es <\/strong>beneficiando milhares de fam\u00edlias e impactando <strong>mais de 40 mil pessoas,<\/strong> em <strong>108 cidades<\/strong> <strong>nas cinco regi\u00f5es do pa\u00eds<\/strong>, de forma organizada e seguindo todas as recomenda\u00e7\u00f5es das autoridades sanit\u00e1rias para evitar o cont\u00e1gio pelo v\u00edrus.<\/span><\/p>\n<p style=\"font-weight: 400;\"><span style=\"font-style: inherit; font-weight: inherit;\">Para que mais pessoas possam ser ajudadas <\/span><span style=\"font-style: inherit; font-weight: inherit;\">acesse agora o <em>site <\/em><\/span><a href=\"http:\/\/www.lbv.org\/\" data-auth=\"NotApplicable\"><strong><span style=\"font-style: inherit; font-weight: inherit;\">www.lbv.org<\/span><\/strong><\/a><span style=\"font-style: inherit; font-weight: inherit;\"> e colabore. A doa\u00e7\u00e3o \u00e9 simples, r\u00e1pida e segura. <\/span><span style=\"font-style: inherit; font-weight: inherit;\">Ou quando a LBV chamar, atenda com o cora\u00e7\u00e3o e <strong>DIGA SIM!<\/strong> <\/span><\/p>\n<p style=\"font-weight: 400;\"><strong><span style=\"font-style: inherit; font-weight: inherit;\">LBV nas Redes Sociais:<\/span><\/strong><\/p>\n<p style=\"font-weight: 400;\"><strong><span style=\"font-style: inherit; font-weight: inherit;\">Saiba mais sobre a LBV:<\/span><\/strong><span style=\"font-style: inherit; font-weight: inherit;\"> www.lbv.org<\/span><\/p>\n","protected":false},"excerpt":{"rendered":"<p>ONU alerta para o aumento da pobreza e da fome no mundo A\u00e7\u00f5es humanit\u00e1rias e de Solidariedade s\u00e3o fundamentais para amenizar o sofrimento das popula\u00e7\u00f5es mais vulner\u00e1veis O secret\u00e1rio-geral da Organiza\u00e7\u00e3o das Na\u00e7\u00f5es Unidas (ONU), Ant\u00f3nio Guterres, lan\u00e7ou na \u00faltima ter\u00e7a-feira (9\/6), um relat\u00f3rio em que destaca que a pandemia da Covid-19 representa uma amea\u00e7a [&hellip;]<\/p>\n","protected":false},"author":2,"featured_media":0,"comment_status":"open","ping_status":"open","sticky":false,"template":"","format":"standard","meta":{"_links_to":"","_links_to_target":""},"categories":[1],"tags":[],"_links":{"self":[{"href":"https:\/\/www.r2cpress.com.br\/v1\/wp-json\/wp\/v2\/posts\/122504"}],"collection":[{"href":"https:\/\/www.r2cpress.com.br\/v1\/wp-json\/wp\/v2\/posts"}],"about":[{"href":"https:\/\/www.r2cpress.com.br\/v1\/wp-json\/wp\/v2\/types\/post"}],"author":[{"embeddable":true,"href":"https:\/\/www.r2cpress.com.br\/v1\/wp-json\/wp\/v2\/users\/2"}],"replies":[{"embeddable":true,"href":"https:\/\/www.r2cpress.com.br\/v1\/wp-json\/wp\/v2\/comments?post=122504"}],"version-history":[{"count":1,"href":"https:\/\/www.r2cpress.com.br\/v1\/wp-json\/wp\/v2\/posts\/122504\/revisions"}],"predecessor-version":[{"id":122506,"href":"https:\/\/www.r2cpress.com.br\/v1\/wp-json\/wp\/v2\/posts\/122504\/revisions\/122506"}],"wp:attachment":[{"href":"https:\/\/www.r2cpress.com.br\/v1\/wp-json\/wp\/v2\/media?parent=122504"}],"wp:term":[{"taxonomy":"category","embeddable":true,"href":"https:\/\/www.r2cpress.com.br\/v1\/wp-json\/wp\/v2\/categories?post=122504"},{"taxonomy":"post_tag","embeddable":true,"href":"https:\/\/www.r2cpress.com.br\/v1\/wp-json\/wp\/v2\/tags?post=122504"}],"curies":[{"name":"wp","href":"https:\/\/api.w.org\/{rel}","templated":true}]}}