{"id":122781,"date":"2020-09-11T19:53:09","date_gmt":"2020-09-11T22:53:09","guid":{"rendered":"http:\/\/www.r2cpress.com.br\/v1\/?p=122781"},"modified":"2020-09-11T19:53:09","modified_gmt":"2020-09-11T22:53:09","slug":"do-fundo-do-bau-de-jose-leite-405","status":"publish","type":"post","link":"https:\/\/www.r2cpress.com.br\/v1\/2020\/09\/11\/do-fundo-do-bau-de-jose-leite-405\/","title":{"rendered":"DO FUNDO DO BA\u00da DE JOS\u00c9 LEITE."},"content":{"rendered":"<h2 style=\"text-align: center;\"><img loading=\"lazy\" class=\"size-medium aligncenter\" src=\"http:\/\/www.r2cpress.com.br\/v1\/wp-content\/uploads\/2020\/01\/bau-1-300x214.jpg\" width=\"300\" height=\"214\" \/><\/h2>\n<h2 style=\"text-align: center;\">1) 60 ANOS DE JOS\u00c9 LEITE EM ILH\u00c9US.<\/h2>\n<h2 style=\"text-align: center;\">2) NOSSA HOMENAGEM AO AMIGO DR. GERALDO MENEZES BARBOSA (4).<\/h2>\n<h2 style=\"text-align: center;\">3) AS FOTOS DESTAQUES DA SEMANA.<\/h2>\n<p><!--more--><\/p>\n<h2 style=\"text-align: center;\"><img loading=\"lazy\" class=\"alignnone size-medium\" src=\"http:\/\/www.r2cpress.com.br\/v1\/wp-content\/uploads\/2020\/04\/1-2020-04-18T172125.524-300x241.jpg\" width=\"300\" height=\"241\" \/><\/h2>\n<h2 style=\"text-align: center;\">1) 60 ANOS DE JOS\u00c9 LEITE EM ILH\u00c9US.<\/h2>\n<h2 style=\"text-align: center;\">Com muita emo\u00e7\u00e3o e alegria, JOS\u00c9 LEITE come\u00e7a a fazer essa Coluna, a trig\u00e9sima s\u00e9tima desse ano aben\u00e7oado de 2020. Viver 60 anos numa cidade como ILH\u00c9US \u00e9 muito privil\u00e9gio. DEUS \u00e9 grande e fez com que JOS\u00c9 LEITE chegasse at\u00e9 aqui e assim, espera viver por muitos anos, AM\u00c9M!<a href=\"http:\/\/www.r2cpress.com.br\/v1\/wp-content\/uploads\/2020\/09\/2-6.jpg\"><img loading=\"lazy\" class=\"aligncenter size-medium wp-image-122782\" src=\"http:\/\/www.r2cpress.com.br\/v1\/wp-content\/uploads\/2020\/09\/2-6-145x300.jpg\" alt=\"\" width=\"145\" height=\"300\" srcset=\"https:\/\/www.r2cpress.com.br\/v1\/wp-content\/uploads\/2020\/09\/2-6-145x300.jpg 145w, https:\/\/www.r2cpress.com.br\/v1\/wp-content\/uploads\/2020\/09\/2-6.jpg 298w\" sizes=\"(max-width: 145px) 100vw, 145px\" \/><\/a><\/h2>\n<h2 style=\"text-align: center;\">Conforme a edi\u00e7\u00e3o do DI\u00c1RIO DA TARDE do dia 28 de agosto de 1936, as comemora\u00e7\u00f5es do dia 7 de setembro de 1936 foram coroadas de \u00eaxitos, encerrando com uma festa acontecida \u00e1 noite na ASSOCIA\u00c7\u00c3O COMERCIAL DE ILH\u00c9US. Leia a mat\u00e9ria acima. (Clique na foto para ampliar).<a href=\"http:\/\/www.r2cpress.com.br\/v1\/wp-content\/uploads\/2020\/09\/3-4.jpg\"><img loading=\"lazy\" class=\"aligncenter size-medium wp-image-122783\" src=\"http:\/\/www.r2cpress.com.br\/v1\/wp-content\/uploads\/2020\/09\/3-4-185x300.jpg\" alt=\"\" width=\"185\" height=\"300\" srcset=\"https:\/\/www.r2cpress.com.br\/v1\/wp-content\/uploads\/2020\/09\/3-4-185x300.jpg 185w, https:\/\/www.r2cpress.com.br\/v1\/wp-content\/uploads\/2020\/09\/3-4.jpg 389w\" sizes=\"(max-width: 185px) 100vw, 185px\" \/><\/a><\/h2>\n<h2 style=\"text-align: center;\">No ano de 1986, o BRASIL estava vivendo mais um Plano Econ\u00f4mico e os sal\u00e1rios, como tamb\u00e9m os bens de consumo, a muito tempo estavam congelados. Acontece que uma pequena Empresa de ILH\u00c9US resolveu descongelar os Sal\u00e1rios de seus funcion\u00e1rios, aumentando em 20%. Algumas empresas depois seguiram o exemplo da ORGANIZA\u00c7\u00c3O JOS\u00c9 LEITE DE SOUZA. Recorte do JORNAL SUL BAHIA, edi\u00e7\u00e3o de dezembro de 1986. Observe a foto acima. (Clique na foto para ampliar).<\/h2>\n<h2 style=\"text-align: center;\">2) NOSSA HOMENAGEM AO AMIGO DR. GERALDO MENEZES BARBOSA (4).<\/h2>\n<h2 style=\"text-align: center;\">Todos os LIVROS escritos por Dr. GERALDO MENEZES BARBOSA s\u00e3o muito bons, mas tem um que se destaca: A UM SOPRO DO INFINITO. \u00c9 um livro que voc\u00ea come\u00e7a a ler e n\u00e3o quer parar. Foi o que aconteceu com JOS\u00c9 LEITE, que depois de ler convidou Dr. GERALDO para visitar ILH\u00c9US e lan\u00e7ar o livro para os Ilheenses tamb\u00e9m desfrutarem de uma boa leitura. E foi o que aconteceu no dia 03 de fevereiro de 2012 na ACADEMIA DE LETRAS DE ILH\u00c9US. Leia a not\u00edcia abaixo.<a href=\"http:\/\/www.r2cpress.com.br\/v1\/wp-content\/uploads\/2020\/09\/4-4.jpg\"><img loading=\"lazy\" class=\"aligncenter size-medium wp-image-122784\" src=\"http:\/\/www.r2cpress.com.br\/v1\/wp-content\/uploads\/2020\/09\/4-4-229x300.jpg\" alt=\"\" width=\"229\" height=\"300\" srcset=\"https:\/\/www.r2cpress.com.br\/v1\/wp-content\/uploads\/2020\/09\/4-4-229x300.jpg 229w, https:\/\/www.r2cpress.com.br\/v1\/wp-content\/uploads\/2020\/09\/4-4.jpg 457w\" sizes=\"(max-width: 229px) 100vw, 229px\" \/><\/a><\/h2>\n<h2 style=\"text-align: center;\">(Clique na foto para ampliar).<a href=\"http:\/\/www.r2cpress.com.br\/v1\/wp-content\/uploads\/2020\/09\/5-4.jpg\"><img loading=\"lazy\" class=\"aligncenter size-medium wp-image-122785\" src=\"http:\/\/www.r2cpress.com.br\/v1\/wp-content\/uploads\/2020\/09\/5-4-300x148.jpg\" alt=\"\" width=\"300\" height=\"148\" srcset=\"https:\/\/www.r2cpress.com.br\/v1\/wp-content\/uploads\/2020\/09\/5-4-300x148.jpg 300w, https:\/\/www.r2cpress.com.br\/v1\/wp-content\/uploads\/2020\/09\/5-4.jpg 600w\" sizes=\"(max-width: 300px) 100vw, 300px\" \/><\/a><\/h2>\n<h2 style=\"text-align: center;\">Na 1\u00aa foto: Professor ARL\u00c9O BARBOSA, Presidente da ACADEMIA DE LETRAS DE ILH\u00c9US falando sobre a import\u00e2ncia do lan\u00e7amento do LIVRO.<\/h2>\n<h2 style=\"text-align: center;\">Na 2\u00aa foto: JOS\u00c9 LEITE DE SOUZA apresentando o convidado Juazeirense Dr. GERALDO MENEZES BARBOSA. (Clique na foto para ampliar).<a href=\"http:\/\/www.r2cpress.com.br\/v1\/wp-content\/uploads\/2020\/09\/6-4.jpg\"><img loading=\"lazy\" class=\"aligncenter size-medium wp-image-122786\" src=\"http:\/\/www.r2cpress.com.br\/v1\/wp-content\/uploads\/2020\/09\/6-4-300x183.jpg\" alt=\"\" width=\"300\" height=\"183\" srcset=\"https:\/\/www.r2cpress.com.br\/v1\/wp-content\/uploads\/2020\/09\/6-4-300x183.jpg 300w, https:\/\/www.r2cpress.com.br\/v1\/wp-content\/uploads\/2020\/09\/6-4.jpg 600w\" sizes=\"(max-width: 300px) 100vw, 300px\" \/><\/a><\/h2>\n<h2 style=\"text-align: center;\">1\u00aa Foto: Dr. GERALDO falando da sua alegria de conhecer ILH\u00c9US, A TERRA DE JORGE AMADO.<\/h2>\n<h2 style=\"text-align: center;\">2\u00aa Foto: Dr. GERALDO autografando seu Livro.<a href=\"http:\/\/www.r2cpress.com.br\/v1\/wp-content\/uploads\/2020\/09\/7-4.jpg\"><img loading=\"lazy\" class=\"aligncenter size-medium wp-image-122787\" src=\"http:\/\/www.r2cpress.com.br\/v1\/wp-content\/uploads\/2020\/09\/7-4-300x142.jpg\" alt=\"\" width=\"300\" height=\"142\" srcset=\"https:\/\/www.r2cpress.com.br\/v1\/wp-content\/uploads\/2020\/09\/7-4-300x142.jpg 300w, https:\/\/www.r2cpress.com.br\/v1\/wp-content\/uploads\/2020\/09\/7-4.jpg 600w\" sizes=\"(max-width: 300px) 100vw, 300px\" \/><\/a><\/h2>\n<h2 style=\"text-align: center;\">1\u00aa Foto: O Bispo da Diocese de ILH\u00c9US DOM MAURO MONTAGNOLI, tamb\u00e9m presente na solenidade. Os dois j\u00e1 se conheciam desde o ano de 2011, quando DOM MAURO participou das festividades do CENTEN\u00c1RIO DE JUAZEIRO DO NORTE.<\/h2>\n<h2 style=\"text-align: center;\">2\u00aa Foto: A Professora e ex. Diretora da EDITUS (Editora da UESC) BAISA NORA tamb\u00e9m presente no lan\u00e7amento do Livro de Dr. GERALDO.<a href=\"http:\/\/www.r2cpress.com.br\/v1\/wp-content\/uploads\/2020\/09\/8-4.jpg\"><img loading=\"lazy\" class=\"aligncenter size-medium wp-image-122789\" src=\"http:\/\/www.r2cpress.com.br\/v1\/wp-content\/uploads\/2020\/09\/8-4-300x158.jpg\" alt=\"\" width=\"300\" height=\"158\" srcset=\"https:\/\/www.r2cpress.com.br\/v1\/wp-content\/uploads\/2020\/09\/8-4-300x158.jpg 300w, https:\/\/www.r2cpress.com.br\/v1\/wp-content\/uploads\/2020\/09\/8-4.jpg 600w\" sizes=\"(max-width: 300px) 100vw, 300px\" \/><\/a><\/h2>\n<h2 style=\"text-align: center;\">1\u00aa Foto: JOS\u00c9 LEITE ao lado de Dr. GERALDO e outros Cearenses amigos.<\/h2>\n<h2 style=\"text-align: center;\">2\u00aa Foto: O saudoso Dr. GERALDO MENEZES BARBOSA ladeado por dois Juazeirenses considerado como dois sobrinhos seus. GERALDO LANDIM e ALFREDO LANDIM.<a href=\"http:\/\/www.r2cpress.com.br\/v1\/wp-content\/uploads\/2020\/09\/9-4.jpg\"><img loading=\"lazy\" class=\"aligncenter size-medium wp-image-122790\" src=\"http:\/\/www.r2cpress.com.br\/v1\/wp-content\/uploads\/2020\/09\/9-4-300x207.jpg\" alt=\"\" width=\"300\" height=\"207\" srcset=\"https:\/\/www.r2cpress.com.br\/v1\/wp-content\/uploads\/2020\/09\/9-4-300x207.jpg 300w, https:\/\/www.r2cpress.com.br\/v1\/wp-content\/uploads\/2020\/09\/9-4.jpg 600w\" sizes=\"(max-width: 300px) 100vw, 300px\" \/><\/a><\/h2>\n<h2 style=\"text-align: center;\">Foto hist\u00f3rica com a Personagem do Livro escrito por Dr. GERLDO MENEZES BARBOSA. MARIA DO CARMO, conhecida como MARIA DOS OLHOS DE RAIO X. Na foto, da esquerda para direita: Cel. GERALDO DIAS DE ANDRADE (tamb\u00e9m escritor), JOS\u00c9 LEITE, MARIA DOS OLHOS DE RAIO X e Dr. GERALDO MENEZES BARBOSA. Depois do lan\u00e7amento do Livro \u201cA UM SOPRO DO INFINITO\u201d 20 pessoas viajaram de ILH\u00c9US para JUAZEIRO DO NORTE para se consultarem com a VIDENTE. MARIA DO CARMO faleceu a 4 anos atr\u00e1s.<\/h2>\n<h2 style=\"text-align: center;\">3) AS FOTOS DESTAQUES DA SEMANA.<a href=\"http:\/\/www.r2cpress.com.br\/v1\/wp-content\/uploads\/2020\/09\/10-4.jpg\"><img loading=\"lazy\" class=\"aligncenter size-medium wp-image-122791\" src=\"http:\/\/www.r2cpress.com.br\/v1\/wp-content\/uploads\/2020\/09\/10-4-300x174.jpg\" alt=\"\" width=\"300\" height=\"174\" srcset=\"https:\/\/www.r2cpress.com.br\/v1\/wp-content\/uploads\/2020\/09\/10-4-300x174.jpg 300w, https:\/\/www.r2cpress.com.br\/v1\/wp-content\/uploads\/2020\/09\/10-4.jpg 600w\" sizes=\"(max-width: 300px) 100vw, 300px\" \/><\/a><\/h2>\n<h2 style=\"text-align: center;\">Presta bem aten\u00e7\u00e3o o que est\u00e1 escrito nessa PLACA colocada no hall de entrada do Pr\u00e9dio da ASSOCIA\u00c7\u00c3O COMERCIAL DE ILH\u00c9US. Aqui vai a pergunta que n\u00e3o ofende.<\/h2>\n<h2 style=\"text-align: center;\">1\u00ba SER\u00c1 QUE J\u00c1 HOUVE ESSA RECUPERA\u00c7\u00c3O ECON\u00d4MICA E SOCIAL DE ILH\u00c9US?<\/h2>\n<h2 style=\"text-align: center;\">2\u00ba O POLO DE CONFEC\u00c7\u00d5ES FOI INAUGURADO E COM POUCO TEMPO N\u00c3O DEU CERTO.<\/h2>\n<h2 style=\"text-align: center;\">3\u00ba O MOINHO IDEAL FOI INAUGURADO. A ALEGRIA DOS ILHEENSES AT\u00c9 QUE DUROU UM POUCO. AGORA S\u00d3 RESTA UM ELEFANTE BRANCO.<\/h2>\n<h2 style=\"text-align: center;\">MEU DEUS, N\u00c3O DEIXA MINHA CIDADE SOFRER TANTO!<\/h2>\n<h2 style=\"text-align: center;\">(Clique na foto para ampliar).<a href=\"http:\/\/www.r2cpress.com.br\/v1\/wp-content\/uploads\/2020\/09\/11-4.jpg\"><img loading=\"lazy\" class=\"aligncenter size-medium wp-image-122792\" src=\"http:\/\/www.r2cpress.com.br\/v1\/wp-content\/uploads\/2020\/09\/11-4-169x300.jpg\" alt=\"\" width=\"169\" height=\"300\" srcset=\"https:\/\/www.r2cpress.com.br\/v1\/wp-content\/uploads\/2020\/09\/11-4-169x300.jpg 169w, https:\/\/www.r2cpress.com.br\/v1\/wp-content\/uploads\/2020\/09\/11-4.jpg 338w\" sizes=\"(max-width: 169px) 100vw, 169px\" \/><\/a><\/h2>\n<h2 style=\"text-align: center;\">Para quem n\u00e3o conhece esse FRUTO. \u00c9 o nosso CACAU TAMANHO GIGANTE.<\/h2>\n<h2 style=\"text-align: center;\">E BOTA GIGANTE NISSO!<a href=\"http:\/\/www.r2cpress.com.br\/v1\/wp-content\/uploads\/2020\/09\/12-4.jpg\"><img loading=\"lazy\" class=\"aligncenter size-medium wp-image-122793\" src=\"http:\/\/www.r2cpress.com.br\/v1\/wp-content\/uploads\/2020\/09\/12-4-300x161.jpg\" alt=\"\" width=\"300\" height=\"161\" srcset=\"https:\/\/www.r2cpress.com.br\/v1\/wp-content\/uploads\/2020\/09\/12-4-300x161.jpg 300w, https:\/\/www.r2cpress.com.br\/v1\/wp-content\/uploads\/2020\/09\/12-4.jpg 600w\" sizes=\"(max-width: 300px) 100vw, 300px\" \/><\/a><\/h2>\n<h2 style=\"text-align: center;\">Um dos amigos que JOS\u00c9 LEITE tem no cora\u00e7\u00e3o faleceu a semana passada. Conhecido como SARGENTO TORRES, ex. Instrutor do TIRO DE GUERRA DE ILH\u00c9US que n\u00e3o existe mais. Na 1\u00aa foto: SARGENTO TORRES. Na 2\u00aa foto: SARGENTO TORRES com seus Familiares.<a href=\"http:\/\/www.r2cpress.com.br\/v1\/wp-content\/uploads\/2020\/09\/13-5.jpg\"><img loading=\"lazy\" class=\"aligncenter size-medium wp-image-122794\" src=\"http:\/\/www.r2cpress.com.br\/v1\/wp-content\/uploads\/2020\/09\/13-5-300x188.jpg\" alt=\"\" width=\"300\" height=\"188\" srcset=\"https:\/\/www.r2cpress.com.br\/v1\/wp-content\/uploads\/2020\/09\/13-5-300x188.jpg 300w, https:\/\/www.r2cpress.com.br\/v1\/wp-content\/uploads\/2020\/09\/13-5.jpg 600w\" sizes=\"(max-width: 300px) 100vw, 300px\" \/><\/a><\/h2>\n<h2 style=\"text-align: center;\">O saudoso amigo SALDANHA fazendo atividade f\u00edsica com JOS\u00c9 LEITE em JUAZEIRO DO NORTE. (Foto: 20-07-2011). H\u00e1 muito tempo, ILH\u00c9US precisa de uma ACADEMIA A C\u00c9U ABERTO! Vamos torcer para que no pr\u00f3ximo ano aconte\u00e7a.<a href=\"http:\/\/www.r2cpress.com.br\/v1\/wp-content\/uploads\/2020\/09\/14-4.jpg\"><img loading=\"lazy\" class=\"aligncenter size-medium wp-image-122795\" src=\"http:\/\/www.r2cpress.com.br\/v1\/wp-content\/uploads\/2020\/09\/14-4-300x215.jpg\" alt=\"\" width=\"300\" height=\"215\" srcset=\"https:\/\/www.r2cpress.com.br\/v1\/wp-content\/uploads\/2020\/09\/14-4-300x215.jpg 300w, https:\/\/www.r2cpress.com.br\/v1\/wp-content\/uploads\/2020\/09\/14-4.jpg 600w\" sizes=\"(max-width: 300px) 100vw, 300px\" \/><\/a><\/h2>\n<h2 style=\"text-align: center;\">Essa not\u00edcia JOS\u00c9 LEITE veio saber a pouco tempo. Dr. CLEBER RORIZ, nas horas de lazer, principalmente nos finais de semana, se transforma num dos melhores cantores da JOVEM GUARDA da Regi\u00e3o!<\/h2>\n<h2 style=\"text-align: center;\">1\u00aa Foto: Dr. CLEBER com sua famosa GUITARRA.<\/h2>\n<h2 style=\"text-align: center;\">2\u00aa Foto: Dr. CLEBER cantando na \u201cFESTA DE ARROMBA II\u201d no JEQUI\u00c9 TENIS CLUBE, no dia 12-06-2019, DIA DOS NAMORADOS.<a href=\"http:\/\/www.r2cpress.com.br\/v1\/wp-content\/uploads\/2020\/09\/15-3.jpg\"><img loading=\"lazy\" class=\"aligncenter size-medium wp-image-122796\" src=\"http:\/\/www.r2cpress.com.br\/v1\/wp-content\/uploads\/2020\/09\/15-3-300x225.jpg\" alt=\"\" width=\"300\" height=\"225\" srcset=\"https:\/\/www.r2cpress.com.br\/v1\/wp-content\/uploads\/2020\/09\/15-3-300x225.jpg 300w, https:\/\/www.r2cpress.com.br\/v1\/wp-content\/uploads\/2020\/09\/15-3.jpg 600w\" sizes=\"(max-width: 300px) 100vw, 300px\" \/><\/a><\/h2>\n<h2 style=\"text-align: center;\">Dr. CLEBER RORIZ ladeado pelos seus filhos. Da esquerda para direita: Dr. CLEBER FILHO, Dr. CLEBER RORIZ, GABRIEL e ANDR\u00c9 LUIZ<a href=\"http:\/\/www.r2cpress.com.br\/v1\/wp-content\/uploads\/2020\/09\/16-3.jpg\"><img loading=\"lazy\" class=\"aligncenter size-medium wp-image-122797\" src=\"http:\/\/www.r2cpress.com.br\/v1\/wp-content\/uploads\/2020\/09\/16-3-202x300.jpg\" alt=\"\" width=\"202\" height=\"300\" srcset=\"https:\/\/www.r2cpress.com.br\/v1\/wp-content\/uploads\/2020\/09\/16-3-202x300.jpg 202w, https:\/\/www.r2cpress.com.br\/v1\/wp-content\/uploads\/2020\/09\/16-3.jpg 403w\" sizes=\"(max-width: 202px) 100vw, 202px\" \/><\/a><\/h2>\n<h2 style=\"text-align: center;\">Na foto acima MARILEIDE, filha de SEU LUNGA (ao lado da Est\u00e1tua de seu Pai) que faleceu na \u00faltima semana. Nossos sentimentos para todos da Fam\u00edlia!<\/h2>\n<h2 style=\"text-align: center;\">E NO MAIS&#8230;<a href=\"http:\/\/www.r2cpress.com.br\/v1\/wp-content\/uploads\/2020\/09\/17-1.jpg\"><img loading=\"lazy\" class=\"aligncenter size-medium wp-image-122798\" src=\"http:\/\/www.r2cpress.com.br\/v1\/wp-content\/uploads\/2020\/09\/17-1-300x205.jpg\" alt=\"\" width=\"300\" height=\"205\" srcset=\"https:\/\/www.r2cpress.com.br\/v1\/wp-content\/uploads\/2020\/09\/17-1-300x205.jpg 300w, https:\/\/www.r2cpress.com.br\/v1\/wp-content\/uploads\/2020\/09\/17-1.jpg 600w\" sizes=\"(max-width: 300px) 100vw, 300px\" \/><\/a><\/h2>\n<h2 style=\"text-align: center;\">Na 1\u00aa foto: H\u00e1 30 dias atr\u00e1s: A \u00faltima Cerveja gelada que JOS\u00c9 LEITE bebeu na varanda da CASA DE PRAIA no bairro S\u00c3O MIGUEL.<\/h2>\n<h2 style=\"text-align: center;\">2\u00aa Foto: OLHA A\u00cd MEU IRM\u00c3O! O ESTRAGO QUE A MAR\u00c9 FEZ H\u00c1 15 DIAS ATR\u00c1S. DE QUEM \u00c9 A CULPA? UM CULPADO TEM DE APARECER!<\/h2>\n<h2 style=\"text-align: center;\">(Clique na foto para ampliar).<\/h2>\n<h2 style=\"text-align: center;\"><em><strong>PARA CONFERIR O BA\u00da ANTERIOR, CLIQUE\u00a0<a href=\"http:\/\/www.r2cpress.com.br\/v1\/2020\/09\/04\/do-fundo-do-bau-de-jose-leite-404\/\"><span style=\"color: #ff0000;\">AQUI<\/span><\/a><\/strong><\/em><\/h2>\n<h2 style=\"text-align: center;\">Texto e fotos: Jos\u00e9 Leite de Souza.<\/h2>\n<h2 style=\"text-align: center;\">jleitesouza@hotmail.com<\/h2>\n<h2 style=\"text-align: center;\">(73) 3634-3134<\/h2>\n","protected":false},"excerpt":{"rendered":"<p>1) 60 ANOS DE JOS\u00c9 LEITE EM ILH\u00c9US. 2) NOSSA HOMENAGEM AO AMIGO DR. GERALDO MENEZES BARBOSA (4). 3) AS FOTOS DESTAQUES DA SEMANA.<\/p>\n","protected":false},"author":2,"featured_media":0,"comment_status":"open","ping_status":"open","sticky":false,"template":"","format":"standard","meta":{"_links_to":"","_links_to_target":""},"categories":[39],"tags":[],"_links":{"self":[{"href":"https:\/\/www.r2cpress.com.br\/v1\/wp-json\/wp\/v2\/posts\/122781"}],"collection":[{"href":"https:\/\/www.r2cpress.com.br\/v1\/wp-json\/wp\/v2\/posts"}],"about":[{"href":"https:\/\/www.r2cpress.com.br\/v1\/wp-json\/wp\/v2\/types\/post"}],"author":[{"embeddable":true,"href":"https:\/\/www.r2cpress.com.br\/v1\/wp-json\/wp\/v2\/users\/2"}],"replies":[{"embeddable":true,"href":"https:\/\/www.r2cpress.com.br\/v1\/wp-json\/wp\/v2\/comments?post=122781"}],"version-history":[{"count":1,"href":"https:\/\/www.r2cpress.com.br\/v1\/wp-json\/wp\/v2\/posts\/122781\/revisions"}],"predecessor-version":[{"id":122799,"href":"https:\/\/www.r2cpress.com.br\/v1\/wp-json\/wp\/v2\/posts\/122781\/revisions\/122799"}],"wp:attachment":[{"href":"https:\/\/www.r2cpress.com.br\/v1\/wp-json\/wp\/v2\/media?parent=122781"}],"wp:term":[{"taxonomy":"category","embeddable":true,"href":"https:\/\/www.r2cpress.com.br\/v1\/wp-json\/wp\/v2\/categories?post=122781"},{"taxonomy":"post_tag","embeddable":true,"href":"https:\/\/www.r2cpress.com.br\/v1\/wp-json\/wp\/v2\/tags?post=122781"}],"curies":[{"name":"wp","href":"https:\/\/api.w.org\/{rel}","templated":true}]}}