{"id":123810,"date":"2021-04-16T18:57:21","date_gmt":"2021-04-16T21:57:21","guid":{"rendered":"http:\/\/www.r2cpress.com.br\/v1\/?p=123810"},"modified":"2021-04-16T18:57:21","modified_gmt":"2021-04-16T21:57:21","slug":"trabalhadores-da-educacao-de-55-a-59-anos-serao-vacinados-contra-a-covid-19-em-ilheus","status":"publish","type":"post","link":"https:\/\/www.r2cpress.com.br\/v1\/2021\/04\/16\/trabalhadores-da-educacao-de-55-a-59-anos-serao-vacinados-contra-a-covid-19-em-ilheus\/","title":{"rendered":"Trabalhadores da Educa\u00e7\u00e3o de 55 a 59 anos ser\u00e3o vacinados contra a Covid-19 em Ilh\u00e9us"},"content":{"rendered":"<div style=\"width: 306px\" class=\"wp-caption alignleft\"><img loading=\"lazy\" class=\"\" src=\"https:\/\/portalfacilclientes.blob.core.windows.net\/uploads\/ILHEUS\/img\/%7BAAB1EACB-3D6B-D4AA-CE6E-CACC4C2E0CB2%7D\/%7BAAB1EACB-3D6B-D4AA-CE6E-CACC4C2E0CB2%7D_650X450.jpg\" width=\"296\" height=\"205\" \/><p class=\"wp-caption-text\"><strong>POR SECOM<\/strong><\/p><\/div>\n<p>Uma reuni\u00e3o realizada na manh\u00e3 desta sexta-feira entre a secretaria de Educa\u00e7\u00e3o, Esporte e Lazer (Seduc) e a secretaria de Sa\u00fade (Sesau), da Prefeitura de Ilh\u00e9us, definiu que os trabalhadores da educa\u00e7\u00e3o, de 55 a 59 anos, ser\u00e3o vacinados contra a Covid-19, assim que a vacina chegar na cidade. Esse p\u00fablico foi inclu\u00eddo como grupo priorit\u00e1rio pela Secretaria de Sa\u00fade do Estado da Bahia (Sesab) esta semana.<\/p>\n<p>O prefeito M\u00e1rio Alexandre ressalta a import\u00e2ncia da imuniza\u00e7\u00e3o dos trabalhadores da educa\u00e7\u00e3o. &#8220;\u00c9 fundamental que nossos trabalhadores sejam imunizados logo. S\u00e3o pessoas que precisam ter garantida a vacina, n\u00e3o s\u00f3 pelo direito \u00e0 sa\u00fade, mas principalmente porque em breve, chegar\u00e1 a fase do ensino h\u00edbrido, com atividades na escola, e, por isso, \u00e9 fundamental que recebam logo a vacina&#8221;, disse M\u00e1rio Alexandre.<\/p>\n<p>Dentre os trabalhadores da educa\u00e7\u00e3o, ser\u00e3o contemplados os professores, servi\u00e7os gerais, porteiros, merendeiras, assistentes administrativos e vigilantes.<\/p>\n<p>Assim que a vacina chegar em Ilh\u00e9us, a Seduc e a Sesau v\u00e3o informar as datas, locais e hor\u00e1rios para a imuniza\u00e7\u00e3o desse grupo.<\/p>\n","protected":false},"excerpt":{"rendered":"<p>Uma reuni\u00e3o realizada na manh\u00e3 desta sexta-feira entre a secretaria de Educa\u00e7\u00e3o, Esporte e Lazer (Seduc) e a secretaria de Sa\u00fade (Sesau), da Prefeitura de Ilh\u00e9us, definiu que os trabalhadores da educa\u00e7\u00e3o, de 55 a 59 anos, ser\u00e3o vacinados contra a Covid-19, assim que a vacina chegar na cidade. Esse p\u00fablico foi inclu\u00eddo como grupo [&hellip;]<\/p>\n","protected":false},"author":2,"featured_media":0,"comment_status":"open","ping_status":"open","sticky":false,"template":"","format":"standard","meta":{"_links_to":"","_links_to_target":""},"categories":[1],"tags":[],"_links":{"self":[{"href":"https:\/\/www.r2cpress.com.br\/v1\/wp-json\/wp\/v2\/posts\/123810"}],"collection":[{"href":"https:\/\/www.r2cpress.com.br\/v1\/wp-json\/wp\/v2\/posts"}],"about":[{"href":"https:\/\/www.r2cpress.com.br\/v1\/wp-json\/wp\/v2\/types\/post"}],"author":[{"embeddable":true,"href":"https:\/\/www.r2cpress.com.br\/v1\/wp-json\/wp\/v2\/users\/2"}],"replies":[{"embeddable":true,"href":"https:\/\/www.r2cpress.com.br\/v1\/wp-json\/wp\/v2\/comments?post=123810"}],"version-history":[{"count":1,"href":"https:\/\/www.r2cpress.com.br\/v1\/wp-json\/wp\/v2\/posts\/123810\/revisions"}],"predecessor-version":[{"id":123811,"href":"https:\/\/www.r2cpress.com.br\/v1\/wp-json\/wp\/v2\/posts\/123810\/revisions\/123811"}],"wp:attachment":[{"href":"https:\/\/www.r2cpress.com.br\/v1\/wp-json\/wp\/v2\/media?parent=123810"}],"wp:term":[{"taxonomy":"category","embeddable":true,"href":"https:\/\/www.r2cpress.com.br\/v1\/wp-json\/wp\/v2\/categories?post=123810"},{"taxonomy":"post_tag","embeddable":true,"href":"https:\/\/www.r2cpress.com.br\/v1\/wp-json\/wp\/v2\/tags?post=123810"}],"curies":[{"name":"wp","href":"https:\/\/api.w.org\/{rel}","templated":true}]}}