{"id":124536,"date":"2021-09-04T13:46:48","date_gmt":"2021-09-04T16:46:48","guid":{"rendered":"http:\/\/www.r2cpress.com.br\/v1\/?p=124536"},"modified":"2021-09-04T13:46:48","modified_gmt":"2021-09-04T16:46:48","slug":"do-fundo-do-bau-de-jose-leite-445","status":"publish","type":"post","link":"https:\/\/www.r2cpress.com.br\/v1\/2021\/09\/04\/do-fundo-do-bau-de-jose-leite-445\/","title":{"rendered":"DO FUNDO DO BA\u00da DE JOS\u00c9 LEITE"},"content":{"rendered":"<p style=\"text-align: center;\"><strong><img loading=\"lazy\" class=\"alignnone size-medium\" src=\"http:\/\/www.r2cpress.com.br\/v1\/wp-content\/uploads\/2020\/01\/bau-1-300x214.jpg\" width=\"300\" height=\"214\" \/><\/strong><\/p>\n<p style=\"text-align: center;\"><strong>1) 61 ANOS DE JOS\u00c9 LEITE EM ILH\u00c9US.<\/strong><\/p>\n<p style=\"text-align: center;\"><strong>2) NOSSA HOMENAGEM A UM GRANDE ILHENSE (FINAL).<\/strong><\/p>\n<p style=\"text-align: center;\"><strong>3) CDL DE ILH\u00c9US 47 ANOS DE HIST\u00d3RIA.<\/strong><\/p>\n<p style=\"text-align: center;\"><strong>4) AS FOTOS DESTAQUES DA SEMANA.<\/strong><!--more--><\/p>\n<p style=\"text-align: center;\"><strong>1) 61 ANOS DE JOS\u00c9 LEITE EM ILH\u00c9US.<img loading=\"lazy\" class=\"alignnone size-medium\" src=\"http:\/\/www.r2cpress.com.br\/v1\/wp-content\/uploads\/2021\/02\/1-10-300x156.jpg\" width=\"300\" height=\"156\" \/><\/strong><\/p>\n<p style=\"text-align: center;\">Meus amigos de ILH\u00c9US, JUAZEIRO DO NORTE e de todo o BRASIL, gra\u00e7as ao meu BOM DEUS e ao PADRE C\u00cdCERO DO JUAZEIRO e S\u00c3O JORGE DOS ILH\u00c9US, conseguimos chegar em 2021 com SA\u00daDE. Essa coluna \u00e9 a trig\u00e9sima quarta desse ANO NOVO, que esperamos, SEJA UM BOM ANO PARA TODOS N\u00d3S!<a href=\"http:\/\/www.r2cpress.com.br\/v1\/wp-content\/uploads\/2021\/09\/2-60.jpg\"><img loading=\"lazy\" class=\"aligncenter size-medium wp-image-124537\" src=\"http:\/\/www.r2cpress.com.br\/v1\/wp-content\/uploads\/2021\/09\/2-60-238x300.jpg\" alt=\"\" width=\"238\" height=\"300\" srcset=\"https:\/\/www.r2cpress.com.br\/v1\/wp-content\/uploads\/2021\/09\/2-60-238x300.jpg 238w, https:\/\/www.r2cpress.com.br\/v1\/wp-content\/uploads\/2021\/09\/2-60.jpg 475w\" sizes=\"(max-width: 238px) 100vw, 238px\" \/><\/a><\/p>\n<p style=\"text-align: center;\">As festas promovidas pelo saudoso ANT\u00d4NIO CONCEI\u00c7\u00c3O ficaram na hist\u00f3ria da vida social de ILH\u00c9US. ANT\u00d4NIO CONCEI\u00c7\u00c3O era funcion\u00e1rio do BANCO DO BRASIL e foi Presidente do BANC\u00c1RIOS ATL\u00c9TICO CLUBE por muitos anos. SILVIA KRUSCHEWSKY, na \u00e9poca, uma das senhoritas mais bonitas de ILH\u00c9US, e tempos depois se casou com o saudoso amigo GILBERTO SAB\u00d3IA, e o casal teve v\u00e1rios filhos, entre eles o amigo ALCIDES KRUSCHEWSKY. Publicado no JORNAL DI\u00c1RIO DATARDE, edi\u00e7\u00e3o de 22 de novembro de 1955.<\/p>\n<p style=\"text-align: center;\">Clique na foto para ampliar.<\/p>\n<p style=\"text-align: center;\"><strong>2) NOSSA HOMENAGEM A UM GRANDE ILHEENSE (FINAL).<a href=\"http:\/\/www.r2cpress.com.br\/v1\/wp-content\/uploads\/2021\/09\/3-56.jpg\"><img loading=\"lazy\" class=\"aligncenter size-medium wp-image-124538\" src=\"http:\/\/www.r2cpress.com.br\/v1\/wp-content\/uploads\/2021\/09\/3-56-200x300.jpg\" alt=\"\" width=\"200\" height=\"300\" srcset=\"https:\/\/www.r2cpress.com.br\/v1\/wp-content\/uploads\/2021\/09\/3-56-200x300.jpg 200w, https:\/\/www.r2cpress.com.br\/v1\/wp-content\/uploads\/2021\/09\/3-56.jpg 422w\" sizes=\"(max-width: 200px) 100vw, 200px\" \/><\/a><\/strong><\/p>\n<p style=\"text-align: center;\">\u00c1LVARO MELO VIEIRA foi um dos fundadores da ESCOLA T\u00c9CNICA DE COM\u00c9RCIO e em sua homenagem foi colocada o seu nome. Publicado no JORNAL DI\u00c1RIO DA TARDE, edi\u00e7\u00e3o de 17 de agosto de 1973. Clique na foto para ampliar.<a href=\"http:\/\/www.r2cpress.com.br\/v1\/wp-content\/uploads\/2021\/09\/4-7.jpeg\"><img loading=\"lazy\" class=\"aligncenter size-medium wp-image-124539\" src=\"http:\/\/www.r2cpress.com.br\/v1\/wp-content\/uploads\/2021\/09\/4-7-293x300.jpeg\" alt=\"\" width=\"293\" height=\"300\" srcset=\"https:\/\/www.r2cpress.com.br\/v1\/wp-content\/uploads\/2021\/09\/4-7-293x300.jpeg 293w, https:\/\/www.r2cpress.com.br\/v1\/wp-content\/uploads\/2021\/09\/4-7.jpeg 489w\" sizes=\"(max-width: 293px) 100vw, 293px\" \/><\/a><\/p>\n<p style=\"text-align: center;\">\u00c1LVARO MELO VIEIRA (foto) foi Presidente da ASSOCIA\u00c7\u00c3O COMERCIAL DE ILH\u00c9US de 1929\/1930 e de 1944 a 1970, foi Prefeito nos anos de 1946\/1947 e faleceu no m\u00eas de agosto de 1973.<\/p>\n<p style=\"text-align: center;\"><strong>3) CDL DE ILH\u00c9US, 47 ANOS DE HIST\u00d3RIA.<\/strong><\/p>\n<p style=\"text-align: center;\">Nesse m\u00eas de setembro, precisamente no dia 20, \u00e9 a data do anivers\u00e1rio da C\u00c2MARA DE DIRIGENTES LOGISTAS DE ILH\u00c9US que tempos atr\u00e1s era conhecida como CLUBE DE DIRETORES LOJISTAS DE ILH\u00c9US, fundado em 20 de setembro de 1974, 47 anos atr\u00e1s. A partir dessa Coluna e durante todo o m\u00eas de setembro, vamos homenagear o CDL DE ILH\u00c9US postando v\u00e1rias fotos hist\u00f3ricas e acontecimentos no correr do tempo.<a href=\"http:\/\/www.r2cpress.com.br\/v1\/wp-content\/uploads\/2021\/09\/5-41.jpg\"><img loading=\"lazy\" class=\"aligncenter size-medium wp-image-124540\" src=\"http:\/\/www.r2cpress.com.br\/v1\/wp-content\/uploads\/2021\/09\/5-41-300x162.jpg\" alt=\"\" width=\"300\" height=\"162\" srcset=\"https:\/\/www.r2cpress.com.br\/v1\/wp-content\/uploads\/2021\/09\/5-41-300x162.jpg 300w, https:\/\/www.r2cpress.com.br\/v1\/wp-content\/uploads\/2021\/09\/5-41.jpg 600w\" sizes=\"(max-width: 300px) 100vw, 300px\" \/><\/a><\/p>\n<p style=\"text-align: center;\">1\u00aa Foto: 3\u00aa CONVEN\u00c7\u00c3O LOJISTA realizada em JUAZEIRO da BAHIA. Na foto: o de barba \u00e9 o saudoso RAIMUNDO GALV\u00c3O (Secret\u00e1rio Executivo do CDL de ITABUNA por muitos anos). Os dois acima, lado direito de \u00f3culos, JOS\u00c9 LEITE DE SOUZA e o amigo AFONSO AMORA MENEZES.<\/p>\n<p style=\"text-align: center;\">2\u00aa Foto: 4\u00aa CONVEN\u00c7\u00c3O LOJISTA realizada em ILH\u00c9US. Na foto: JOS\u00c9 LEITE, FRED ADAME e JOS\u00c9 JORGE RANDAM (Foto: ano 1981).<\/p>\n<p style=\"text-align: center;\">Clique na foto para ampliar.<a href=\"http:\/\/www.r2cpress.com.br\/v1\/wp-content\/uploads\/2021\/09\/6-43.jpg\"><img loading=\"lazy\" class=\"aligncenter size-medium wp-image-124541\" src=\"http:\/\/www.r2cpress.com.br\/v1\/wp-content\/uploads\/2021\/09\/6-43-300x162.jpg\" alt=\"\" width=\"300\" height=\"162\" srcset=\"https:\/\/www.r2cpress.com.br\/v1\/wp-content\/uploads\/2021\/09\/6-43-300x162.jpg 300w, https:\/\/www.r2cpress.com.br\/v1\/wp-content\/uploads\/2021\/09\/6-43.jpg 600w\" sizes=\"(max-width: 300px) 100vw, 300px\" \/><\/a><\/p>\n<p style=\"text-align: center;\">1\u00aa Foto: Reuni\u00e3o do CDL DE ILH\u00c9US realizada no Sal\u00e3o da ASSOCIA\u00c7\u00c3O COMERCIAL DE ILH\u00c9US. JOS\u00c9 LEITE \u00e9 o 1\u00aa do lado esquerdo. (Foto: D\u00e9cada de 1970).<\/p>\n<p style=\"text-align: center;\">2\u00aa Foto: Reuni\u00e3o Festiva do CDL DE ILH\u00c9US. Na foto, da esquerda para direita, EUDER, NEI MELO, JOS\u00c9 LEITE, o saudoso M\u00c1RIO BUNCHAFT, e o \u00faltimo do lado direito \u00e9 o saudoso FERNANDO COSTA LINO. (Foto: D\u00e9cada de 1980).<\/p>\n<p style=\"text-align: center;\">Clique na foto para ampliar.<a href=\"http:\/\/www.r2cpress.com.br\/v1\/wp-content\/uploads\/2021\/09\/7-43.jpg\"><img loading=\"lazy\" class=\"aligncenter size-medium wp-image-124542\" src=\"http:\/\/www.r2cpress.com.br\/v1\/wp-content\/uploads\/2021\/09\/7-43-222x300.jpg\" alt=\"\" width=\"222\" height=\"300\" srcset=\"https:\/\/www.r2cpress.com.br\/v1\/wp-content\/uploads\/2021\/09\/7-43-222x300.jpg 222w, https:\/\/www.r2cpress.com.br\/v1\/wp-content\/uploads\/2021\/09\/7-43.jpg 443w\" sizes=\"(max-width: 222px) 100vw, 222px\" \/><\/a><\/p>\n<p style=\"text-align: center;\">Lembran\u00e7a da 1\u00aa CONVEN\u00c7\u00c3O LOJISTA realizada na cidade de FEIRA DE SANTANA no ano de 1978. JOS\u00c9 LEITE era o Presidente do CDL DE ILH\u00c9US e participou junto com o Prefeito de ILH\u00c9US, na \u00e9poca, Dr. ANT\u00d4NIO OL\u00cdMPIO RHEM DA SILVA, o saudoso ITAMAR MARTINS e o saudoso jornalista EVERALDO VALADARES. Viajaram num autom\u00f3vel CHEVETTE e JOS\u00c9 LEITE na dire\u00e7\u00e3o. Atualmente, poucos lojistas tem uma lembran\u00e7a dessa na foto acima. Clique na foto para ampliar.<a href=\"http:\/\/www.r2cpress.com.br\/v1\/wp-content\/uploads\/2021\/09\/8-45.jpg\"><img loading=\"lazy\" class=\"aligncenter size-medium wp-image-124546\" src=\"http:\/\/www.r2cpress.com.br\/v1\/wp-content\/uploads\/2021\/09\/8-45-300x147.jpg\" alt=\"\" width=\"300\" height=\"147\" srcset=\"https:\/\/www.r2cpress.com.br\/v1\/wp-content\/uploads\/2021\/09\/8-45-300x147.jpg 300w, https:\/\/www.r2cpress.com.br\/v1\/wp-content\/uploads\/2021\/09\/8-45.jpg 600w\" sizes=\"(max-width: 300px) 100vw, 300px\" \/><\/a><\/p>\n<p style=\"text-align: center;\">1\u00aa e 2\u00aa Foto: CONVEN\u00c7\u00d5ES realizadas nos anos de 1979 e 1980 com a presen\u00e7a de JOS\u00c9 LEITE. Clique na foto para ampliar.<a href=\"http:\/\/www.r2cpress.com.br\/v1\/wp-content\/uploads\/2021\/09\/9-46-1.jpg\"><img loading=\"lazy\" class=\"aligncenter size-medium wp-image-124544\" src=\"http:\/\/www.r2cpress.com.br\/v1\/wp-content\/uploads\/2021\/09\/9-46-1-300x153.jpg\" alt=\"\" width=\"300\" height=\"153\" srcset=\"https:\/\/www.r2cpress.com.br\/v1\/wp-content\/uploads\/2021\/09\/9-46-1-300x153.jpg 300w, https:\/\/www.r2cpress.com.br\/v1\/wp-content\/uploads\/2021\/09\/9-46-1.jpg 600w\" sizes=\"(max-width: 300px) 100vw, 300px\" \/><\/a><\/p>\n<p style=\"text-align: center;\">CONVEN\u00c7\u00d5ES LOJISTAS realizadas nos anos de 1981 e 1982 JOS\u00c9 LEITE sempre presente.<\/p>\n<p style=\"text-align: center;\"><strong>4) AS FOTOS DESTAQUES DA SEMANA.<a href=\"http:\/\/www.r2cpress.com.br\/v1\/wp-content\/uploads\/2021\/09\/10-44.jpg\"><img loading=\"lazy\" class=\"aligncenter size-medium wp-image-124547\" src=\"http:\/\/www.r2cpress.com.br\/v1\/wp-content\/uploads\/2021\/09\/10-44-300x226.jpg\" alt=\"\" width=\"300\" height=\"226\" srcset=\"https:\/\/www.r2cpress.com.br\/v1\/wp-content\/uploads\/2021\/09\/10-44-300x226.jpg 300w, https:\/\/www.r2cpress.com.br\/v1\/wp-content\/uploads\/2021\/09\/10-44.jpg 600w\" sizes=\"(max-width: 300px) 100vw, 300px\" \/><\/a><\/strong><\/p>\n<p style=\"text-align: center;\">VISTA DA BAIA DO PONTAL no ano de 1966, logo depois da inaugura\u00e7\u00e3o da PONTE LOMANTO J\u00daNIOR. Destaque para os destro\u00e7os do NAVIO URUBATAN que incendiou com um carregamento de Ton\u00e9is de Betume e produtos inflam\u00e1veis no ano de 1959, cujas explos\u00f5es assombraram a cidade inteira, quatro tripulantes faleceram. Aconteceu no PORTO ANTIGO DE ILH\u00c9US. Foto de um clich\u00ea publicado no JORNAL DI\u00c1RIO DA TARDE, edi\u00e7\u00e3o de 03-09-1968. Ontem, sexta feira 03-09-2021, fez 53 anos. Clique na foto para ampliar.<a href=\"http:\/\/www.r2cpress.com.br\/v1\/wp-content\/uploads\/2021\/09\/11-44.jpg\"><img loading=\"lazy\" class=\"aligncenter size-medium wp-image-124548\" src=\"http:\/\/www.r2cpress.com.br\/v1\/wp-content\/uploads\/2021\/09\/11-44-300x146.jpg\" alt=\"\" width=\"300\" height=\"146\" srcset=\"https:\/\/www.r2cpress.com.br\/v1\/wp-content\/uploads\/2021\/09\/11-44-300x146.jpg 300w, https:\/\/www.r2cpress.com.br\/v1\/wp-content\/uploads\/2021\/09\/11-44.jpg 600w\" sizes=\"(max-width: 300px) 100vw, 300px\" \/><\/a><\/p>\n<p style=\"text-align: center;\">JOS\u00c9 LEITE recebendo a visita da Fam\u00edlia MASELLI e de seus primos SOCORRO e J\u00da. (Foto: 03\/09\/2021). Clique na foto para ampliar.<a href=\"http:\/\/www.r2cpress.com.br\/v1\/wp-content\/uploads\/2021\/09\/12-44.jpg\"><img loading=\"lazy\" class=\"aligncenter size-medium wp-image-124549\" src=\"http:\/\/www.r2cpress.com.br\/v1\/wp-content\/uploads\/2021\/09\/12-44-162x300.jpg\" alt=\"\" width=\"162\" height=\"300\" srcset=\"https:\/\/www.r2cpress.com.br\/v1\/wp-content\/uploads\/2021\/09\/12-44-162x300.jpg 162w, https:\/\/www.r2cpress.com.br\/v1\/wp-content\/uploads\/2021\/09\/12-44.jpg 324w\" sizes=\"(max-width: 162px) 100vw, 162px\" \/><\/a><\/p>\n<p style=\"text-align: center;\">Na foto: JOS\u00c9 LEITE e seu primo Juazeirense JUCIEUDE LEITE (J\u00da), agora feliz porque sua aposentadoria chegou. MUITA SA\u00daDE, MEU PRIMO!<a href=\"http:\/\/www.r2cpress.com.br\/v1\/wp-content\/uploads\/2021\/09\/13-47.jpg\"><img loading=\"lazy\" class=\"aligncenter size-medium wp-image-124550\" src=\"http:\/\/www.r2cpress.com.br\/v1\/wp-content\/uploads\/2021\/09\/13-47-300x244.jpg\" alt=\"\" width=\"300\" height=\"244\" srcset=\"https:\/\/www.r2cpress.com.br\/v1\/wp-content\/uploads\/2021\/09\/13-47-300x244.jpg 300w, https:\/\/www.r2cpress.com.br\/v1\/wp-content\/uploads\/2021\/09\/13-47.jpg 600w\" sizes=\"(max-width: 300px) 100vw, 300px\" \/><\/a><\/p>\n<p style=\"text-align: center;\">MOROU NA RUA CARNEIRO DA ROCHA, TEM DE SAIR NO BA\u00da, MESMO QUE TENHA SIDO H\u00c1 50 ANOS ATR\u00c1S!<\/p>\n<p style=\"text-align: center;\">Na foto: Os amigos CARLOS MASCARENHAS e M\u00c1RIO CASTRO.<a href=\"http:\/\/www.r2cpress.com.br\/v1\/wp-content\/uploads\/2021\/09\/14-7.jpeg\"><img loading=\"lazy\" class=\"aligncenter size-medium wp-image-124551\" src=\"http:\/\/www.r2cpress.com.br\/v1\/wp-content\/uploads\/2021\/09\/14-7-300x207.jpeg\" alt=\"\" width=\"300\" height=\"207\" srcset=\"https:\/\/www.r2cpress.com.br\/v1\/wp-content\/uploads\/2021\/09\/14-7-300x207.jpeg 300w, https:\/\/www.r2cpress.com.br\/v1\/wp-content\/uploads\/2021\/09\/14-7.jpeg 600w\" sizes=\"(max-width: 300px) 100vw, 300px\" \/><\/a><\/p>\n<p style=\"text-align: center;\">OS IRM\u00c3OS FARIAS numa Festa de Anivers\u00e1rio. Da esquerda para direita: ZIVALDA, ALBERTO, VERA, o saudoso CARLOS e FILOMENA. Foto de 15 anos atr\u00e1s. Clique na foto para ampliar.<\/p>\n<p style=\"text-align: center;\"><strong>E NO MAIS&#8230;<a href=\"http:\/\/www.r2cpress.com.br\/v1\/wp-content\/uploads\/2021\/09\/15-40.jpg\"><img loading=\"lazy\" class=\"aligncenter size-medium wp-image-124552\" src=\"http:\/\/www.r2cpress.com.br\/v1\/wp-content\/uploads\/2021\/09\/15-40-300x279.jpg\" alt=\"\" width=\"300\" height=\"279\" srcset=\"https:\/\/www.r2cpress.com.br\/v1\/wp-content\/uploads\/2021\/09\/15-40-300x279.jpg 300w, https:\/\/www.r2cpress.com.br\/v1\/wp-content\/uploads\/2021\/09\/15-40.jpg 587w\" sizes=\"(max-width: 300px) 100vw, 300px\" \/><\/a><\/strong><\/p>\n<p style=\"text-align: center;\">EXISTE MAIS SAUDOSISMO DO QUE ISSO?<\/p>\n<p style=\"text-align: center;\">1\u00aa Foto, 1961: FRASCO DE PERFUME LANCASTER (Argentino), naquele ano JOS\u00c9 LEITE come\u00e7ou a usar e muitos anos depois deixaram de fabricar.<\/p>\n<p style=\"text-align: center;\">2\u00aa Foto, 2021: Come\u00e7aram a produzir de novo (2020), mas o aroma \u00e9 s\u00f3 60% do antigo, mesmo assim JOS\u00c9 LEITE continua a usar LANCASTER.<\/p>\n<p style=\"text-align: center;\">UM AMOR DE 60 ANOS, A GENTE NUNCA ESQUECE!<\/p>\n<h2 style=\"text-align: center;\"><em><strong>PARA CONFERIR O BA\u00da ANTERIOR, CLIQUE\u00a0<a href=\"http:\/\/www.r2cpress.com.br\/v1\/2021\/08\/27\/do-fundo-do-bau-de-jose-leite-444\/#more-124503\"><span style=\"color: #ff0000;\">AQUI<\/span><\/a><\/strong><\/em><\/h2>\n<p style=\"text-align: center;\">Clique na foto para ampliar.<\/p>\n<p style=\"text-align: center;\">Texto e fotos: Jos\u00e9 Leite de Souza.<\/p>\n<p style=\"text-align: center;\">jleitesouza@hotmail.com<\/p>\n<p style=\"text-align: center;\">(73) 3634-3134.<\/p>\n","protected":false},"excerpt":{"rendered":"<p>1) 61 ANOS DE JOS\u00c9 LEITE EM ILH\u00c9US. 2) NOSSA HOMENAGEM A UM GRANDE ILHENSE (FINAL). 3) CDL DE ILH\u00c9US 47 ANOS DE HIST\u00d3RIA. 4) AS FOTOS DESTAQUES DA SEMANA.<\/p>\n","protected":false},"author":2,"featured_media":0,"comment_status":"open","ping_status":"open","sticky":false,"template":"","format":"standard","meta":{"_links_to":"","_links_to_target":""},"categories":[39],"tags":[],"_links":{"self":[{"href":"https:\/\/www.r2cpress.com.br\/v1\/wp-json\/wp\/v2\/posts\/124536"}],"collection":[{"href":"https:\/\/www.r2cpress.com.br\/v1\/wp-json\/wp\/v2\/posts"}],"about":[{"href":"https:\/\/www.r2cpress.com.br\/v1\/wp-json\/wp\/v2\/types\/post"}],"author":[{"embeddable":true,"href":"https:\/\/www.r2cpress.com.br\/v1\/wp-json\/wp\/v2\/users\/2"}],"replies":[{"embeddable":true,"href":"https:\/\/www.r2cpress.com.br\/v1\/wp-json\/wp\/v2\/comments?post=124536"}],"version-history":[{"count":1,"href":"https:\/\/www.r2cpress.com.br\/v1\/wp-json\/wp\/v2\/posts\/124536\/revisions"}],"predecessor-version":[{"id":124553,"href":"https:\/\/www.r2cpress.com.br\/v1\/wp-json\/wp\/v2\/posts\/124536\/revisions\/124553"}],"wp:attachment":[{"href":"https:\/\/www.r2cpress.com.br\/v1\/wp-json\/wp\/v2\/media?parent=124536"}],"wp:term":[{"taxonomy":"category","embeddable":true,"href":"https:\/\/www.r2cpress.com.br\/v1\/wp-json\/wp\/v2\/categories?post=124536"},{"taxonomy":"post_tag","embeddable":true,"href":"https:\/\/www.r2cpress.com.br\/v1\/wp-json\/wp\/v2\/tags?post=124536"}],"curies":[{"name":"wp","href":"https:\/\/api.w.org\/{rel}","templated":true}]}}