{"id":124699,"date":"2021-10-01T21:34:41","date_gmt":"2021-10-02T00:34:41","guid":{"rendered":"http:\/\/www.r2cpress.com.br\/v1\/?p=124699"},"modified":"2021-10-01T21:34:41","modified_gmt":"2021-10-02T00:34:41","slug":"do-fundo-do-bau-de-jose-leite-especial-83","status":"publish","type":"post","link":"https:\/\/www.r2cpress.com.br\/v1\/2021\/10\/01\/do-fundo-do-bau-de-jose-leite-especial-83\/","title":{"rendered":"DO FUNDO DO BA\u00da DE JOS\u00c9 LEITE ESPECIAL."},"content":{"rendered":"<h2><img loading=\"lazy\" class=\"size-medium aligncenter\" src=\"http:\/\/www.r2cpress.com.br\/v1\/wp-content\/uploads\/2020\/01\/bau-1-300x214.jpg\" width=\"300\" height=\"214\" \/><\/h2>\n<h2 style=\"text-align: center;\"><strong>1) 61 ANOS DE JOS\u00c9 LEITE EM ILH\u00c9US.<\/strong><\/h2>\n<h2 style=\"text-align: center;\"><strong>2) CDL DE ILH\u00c9US 47 ANOS DE HIST\u00d3RIA (5\u00aa PARTE)<\/strong><\/h2>\n<h2 style=\"text-align: center;\"><strong>3) AS FOTOS DESTAQUES DA SEMANA.<\/strong><!--more--><\/h2>\n<h2 style=\"text-align: center;\"><strong>1) 61 NOS DE JOS\u00c9 LEITE EM ILH\u00c9US.<\/strong><\/h2>\n<h2 style=\"text-align: center;\"><img loading=\"lazy\" class=\"size-medium aligncenter\" src=\"http:\/\/www.r2cpress.com.br\/v1\/wp-content\/uploads\/2021\/02\/1-10-300x156.jpg\" width=\"300\" height=\"156\" \/><\/h2>\n<h2 style=\"text-align: center;\">Meus amigos de ILH\u00c9US, JUAZEIRO DO NORTE e de todo o BRASIL, gra\u00e7as ao meu BOM DEUS e ao PADRE C\u00cdCERO DO JUAZEIRO e S\u00c3O JORGE DOS ILH\u00c9US, conseguimos chegar em 2021 com SA\u00daDE. Essa coluna \u00e9 a trig\u00e9sima oitava desse ANO NOVO, que esperamos, SEJA UM BOM ANO PARA TODOS N\u00d3S!<a href=\"http:\/\/www.r2cpress.com.br\/v1\/wp-content\/uploads\/2021\/10\/2-67.jpg\"><img loading=\"lazy\" class=\"aligncenter size-medium wp-image-124700\" src=\"http:\/\/www.r2cpress.com.br\/v1\/wp-content\/uploads\/2021\/10\/2-67-161x300.jpg\" alt=\"\" width=\"161\" height=\"300\" srcset=\"https:\/\/www.r2cpress.com.br\/v1\/wp-content\/uploads\/2021\/10\/2-67-161x300.jpg 161w, https:\/\/www.r2cpress.com.br\/v1\/wp-content\/uploads\/2021\/10\/2-67.jpg 321w\" sizes=\"(max-width: 161px) 100vw, 161px\" \/><\/a><\/h2>\n<h2 style=\"text-align: center;\">Esse texto acima \u00e9 de 38 anos atr\u00e1s (1983), mas para conseguir um amigo, n\u00e3o existe idade. Agora, tem de ser amigos sinceros, e \u00e9 disso que JOS\u00c9 LEITE GOSTA! Publicado no Jornal mensal \u201cO CORREIO\u201d, edi\u00e7\u00e3o de dezembro de 1983. Clique na foto para ampliar.<\/h2>\n<h2 style=\"text-align: center;\"><strong>2) CDL DE ILH\u00c9US 47 ANOS DE HIST\u00d3RIA (5\u00aa PARTE).<\/strong><\/h2>\n<h2 style=\"text-align: center;\">N\u00e3o resta d\u00favida que a Diretoria atual da CDL DE ILH\u00c9US, mostrou compet\u00eancia em conseguir uma Sede para a entidade, e a partir de agora n\u00e3o vai mais pagar Aluguel. Agora esperamos que essa mesma Diretoria consiga resgatar a sua Sede Social que se encontra inativada e entregue a terceiros por culpa de administra\u00e7\u00f5es anteriores. N\u00e3o se pode jogar fora um Im\u00f3vel estimado em mais de 500 mil reais de \u00e1rea constru\u00edda. Temos certeza que j\u00e1 existem planos da Diretoria para essa finalidade. Atrav\u00e9s de fotos vamos contar um pouco da Hist\u00f3ria da SEDE SOCIAL.<a href=\"http:\/\/www.r2cpress.com.br\/v1\/wp-content\/uploads\/2021\/10\/3-61.jpg\"><img loading=\"lazy\" class=\"aligncenter size-medium wp-image-124701\" src=\"http:\/\/www.r2cpress.com.br\/v1\/wp-content\/uploads\/2021\/10\/3-61-300x153.jpg\" alt=\"\" width=\"300\" height=\"153\" srcset=\"https:\/\/www.r2cpress.com.br\/v1\/wp-content\/uploads\/2021\/10\/3-61-300x153.jpg 300w, https:\/\/www.r2cpress.com.br\/v1\/wp-content\/uploads\/2021\/10\/3-61.jpg 600w\" sizes=\"(max-width: 300px) 100vw, 300px\" \/><\/a><\/h2>\n<h2 style=\"text-align: center;\">Fotos de quando a CDL DE ILH\u00c9US conseguiu o espa\u00e7o das CABANAS DO MIRANTE depois que um inc\u00eandio destruiu tudo.<\/h2>\n<h2 style=\"text-align: center;\">1\u00aa Foto: O Padre benzendo o espa\u00e7o.<\/h2>\n<h2 style=\"text-align: center;\">2\u00aa Foto: JOS\u00c9 LEITE apresentando o espa\u00e7o para a Diretoria da CDL, na \u00e9poca. Na foto aparece o amigo JOS\u00c9 VIVAS.<a href=\"http:\/\/www.r2cpress.com.br\/v1\/wp-content\/uploads\/2021\/10\/4-47.jpg\"><img loading=\"lazy\" class=\"aligncenter size-medium wp-image-124703\" src=\"http:\/\/www.r2cpress.com.br\/v1\/wp-content\/uploads\/2021\/10\/4-47-300x157.jpg\" alt=\"\" width=\"300\" height=\"157\" srcset=\"https:\/\/www.r2cpress.com.br\/v1\/wp-content\/uploads\/2021\/10\/4-47-300x157.jpg 300w, https:\/\/www.r2cpress.com.br\/v1\/wp-content\/uploads\/2021\/10\/4-47.jpg 600w\" sizes=\"(max-width: 300px) 100vw, 300px\" \/><\/a><\/h2>\n<h2 style=\"text-align: center;\">A Diretoria da CDL DE ILH\u00c9US conhecendo a futura SEDE SOCIAL.<a href=\"http:\/\/www.r2cpress.com.br\/v1\/wp-content\/uploads\/2021\/10\/5-45.jpg\"><img loading=\"lazy\" class=\"aligncenter size-medium wp-image-124704\" src=\"http:\/\/www.r2cpress.com.br\/v1\/wp-content\/uploads\/2021\/10\/5-45-300x148.jpg\" alt=\"\" width=\"300\" height=\"148\" srcset=\"https:\/\/www.r2cpress.com.br\/v1\/wp-content\/uploads\/2021\/10\/5-45-300x148.jpg 300w, https:\/\/www.r2cpress.com.br\/v1\/wp-content\/uploads\/2021\/10\/5-45.jpg 600w\" sizes=\"(max-width: 300px) 100vw, 300px\" \/><\/a><\/h2>\n<h2 style=\"text-align: center;\">1\u00aa e 2\u00aa foto: Depois da apresenta\u00e7\u00e3o, foi servido um Coquetel para os convidados.<a href=\"http:\/\/www.r2cpress.com.br\/v1\/wp-content\/uploads\/2021\/10\/6-47.jpg\"><img loading=\"lazy\" class=\"aligncenter size-medium wp-image-124705\" src=\"http:\/\/www.r2cpress.com.br\/v1\/wp-content\/uploads\/2021\/10\/6-47-300x234.jpg\" alt=\"\" width=\"300\" height=\"234\" srcset=\"https:\/\/www.r2cpress.com.br\/v1\/wp-content\/uploads\/2021\/10\/6-47-300x234.jpg 300w, https:\/\/www.r2cpress.com.br\/v1\/wp-content\/uploads\/2021\/10\/6-47.jpg 600w\" sizes=\"(max-width: 300px) 100vw, 300px\" \/><\/a><\/h2>\n<h2 style=\"text-align: center;\">Inaugura\u00e7\u00e3o do Espa\u00e7o (descoberto) HANS SCHAEPPI. Na foto, o saudoso PADRE JO\u00c3O OITICICA (Aben\u00e7oando o local), JOS\u00c9 LEITE DE SOUZA, QUINTO DE SOUZA, o saudoso TONI NETO e o Presidente da FEDERA\u00c7\u00c3O DOS LOJISTAS.<a href=\"http:\/\/www.r2cpress.com.br\/v1\/wp-content\/uploads\/2021\/10\/7-47.jpg\"><img loading=\"lazy\" class=\"aligncenter size-medium wp-image-124706\" src=\"http:\/\/www.r2cpress.com.br\/v1\/wp-content\/uploads\/2021\/10\/7-47-300x141.jpg\" alt=\"\" width=\"300\" height=\"141\" srcset=\"https:\/\/www.r2cpress.com.br\/v1\/wp-content\/uploads\/2021\/10\/7-47-300x141.jpg 300w, https:\/\/www.r2cpress.com.br\/v1\/wp-content\/uploads\/2021\/10\/7-47.jpg 600w\" sizes=\"(max-width: 300px) 100vw, 300px\" \/><\/a><\/h2>\n<h2 style=\"text-align: center;\">DA S\u00c9RIE: EU ERA ASSIM, FIQUEI ASSIM. CABANAS, MIRANTE DOS LOJISTAS.<a href=\"http:\/\/www.r2cpress.com.br\/v1\/wp-content\/uploads\/2021\/10\/8-48.jpg\"><img loading=\"lazy\" class=\"aligncenter size-medium wp-image-124707\" src=\"http:\/\/www.r2cpress.com.br\/v1\/wp-content\/uploads\/2021\/10\/8-48-300x157.jpg\" alt=\"\" width=\"300\" height=\"157\" srcset=\"https:\/\/www.r2cpress.com.br\/v1\/wp-content\/uploads\/2021\/10\/8-48-300x157.jpg 300w, https:\/\/www.r2cpress.com.br\/v1\/wp-content\/uploads\/2021\/10\/8-48.jpg 600w\" sizes=\"(max-width: 300px) 100vw, 300px\" \/><\/a><\/h2>\n<h2 style=\"text-align: center;\">DA S\u00c9RIE: EU ERA ASSIM, FIQUEI ASSIM. CABANAS, MIRANTE DOS LOJISTAS.<a href=\"http:\/\/www.r2cpress.com.br\/v1\/wp-content\/uploads\/2021\/10\/9-50.jpg\"><img loading=\"lazy\" class=\"aligncenter size-medium wp-image-124708\" src=\"http:\/\/www.r2cpress.com.br\/v1\/wp-content\/uploads\/2021\/10\/9-50-300x157.jpg\" alt=\"\" width=\"300\" height=\"157\" srcset=\"https:\/\/www.r2cpress.com.br\/v1\/wp-content\/uploads\/2021\/10\/9-50-300x157.jpg 300w, https:\/\/www.r2cpress.com.br\/v1\/wp-content\/uploads\/2021\/10\/9-50.jpg 600w\" sizes=\"(max-width: 300px) 100vw, 300px\" \/><\/a><\/h2>\n<h2 style=\"text-align: center;\">1\u00aa Foto: JOS\u00c9 LEITE, Presidente da CDL DE ILH\u00c9US, na \u00e9poca, agradecendo o amigo e Hoteleiro, o saudoso HANS SCHAEPPI por ter doado o Espa\u00e7o das CABANAS DO MIRANTE para o CDL. O Ex. Prefeito de ILH\u00c9US, o saudoso ARISTON CARDOSO saudando o saudoso HANS SHAEPPI.<a href=\"http:\/\/www.r2cpress.com.br\/v1\/wp-content\/uploads\/2021\/10\/10-47-1.jpg\"><img loading=\"lazy\" class=\"aligncenter size-medium wp-image-124709\" src=\"http:\/\/www.r2cpress.com.br\/v1\/wp-content\/uploads\/2021\/10\/10-47-1-300x141.jpg\" alt=\"\" width=\"300\" height=\"141\" srcset=\"https:\/\/www.r2cpress.com.br\/v1\/wp-content\/uploads\/2021\/10\/10-47-1-300x141.jpg 300w, https:\/\/www.r2cpress.com.br\/v1\/wp-content\/uploads\/2021\/10\/10-47-1.jpg 600w\" sizes=\"(max-width: 300px) 100vw, 300px\" \/><\/a><\/h2>\n<h2 style=\"text-align: center;\">Mesa de autoridades e convidados participando da inaugura\u00e7\u00e3o do Espa\u00e7o HANS SHAEPPI (CABANAS DO MIRANTE).<\/h2>\n<h2 style=\"text-align: center;\">1\u00aa foto: Inaugura\u00e7\u00e3o das CABANAS DO MIRANTE.<\/h2>\n<h2 style=\"text-align: center;\">2\u00aa Foto: Inaugura\u00e7\u00e3o do ESPA\u00c7O HANS SHAEPPI (CABANAS DO MIRANTE).<a href=\"http:\/\/www.r2cpress.com.br\/v1\/wp-content\/uploads\/2021\/10\/11-48.jpg\"><img loading=\"lazy\" class=\"aligncenter size-medium wp-image-124710\" src=\"http:\/\/www.r2cpress.com.br\/v1\/wp-content\/uploads\/2021\/10\/11-48-300x133.jpg\" alt=\"\" width=\"300\" height=\"133\" srcset=\"https:\/\/www.r2cpress.com.br\/v1\/wp-content\/uploads\/2021\/10\/11-48-300x133.jpg 300w, https:\/\/www.r2cpress.com.br\/v1\/wp-content\/uploads\/2021\/10\/11-48.jpg 600w\" sizes=\"(max-width: 300px) 100vw, 300px\" \/><\/a><\/h2>\n<h2 style=\"text-align: center;\"><strong>3) AS FOTOS DESTAQUES DA SEMANA.<a href=\"http:\/\/www.r2cpress.com.br\/v1\/wp-content\/uploads\/2021\/10\/12-48.jpg\"><img loading=\"lazy\" class=\"aligncenter size-medium wp-image-124711\" src=\"http:\/\/www.r2cpress.com.br\/v1\/wp-content\/uploads\/2021\/10\/12-48-121x300.jpg\" alt=\"\" width=\"121\" height=\"300\" srcset=\"https:\/\/www.r2cpress.com.br\/v1\/wp-content\/uploads\/2021\/10\/12-48-121x300.jpg 121w, https:\/\/www.r2cpress.com.br\/v1\/wp-content\/uploads\/2021\/10\/12-48.jpg 242w\" sizes=\"(max-width: 121px) 100vw, 121px\" \/><\/a><\/strong><\/h2>\n<h2 style=\"text-align: center;\">At\u00e9 o ano de 1991, o CDL DE ILH\u00c9US funcionava numa das salas da ASSOCIA\u00c7\u00c3O COMERCIAL DE ILH\u00c9US. JOS\u00c9 LEITE DE SOUZA, Presidente da CDL na \u00e9poca, conseguiu uma nova Sede no mesmo Pr\u00e9dio da ACI. Com entrada pela RUA RODOLFO VIEIRA e com 3 Salas onde atualmente funciona a Empresa INFOWORLD. Um dos Presidentes, achando um desrespeito, alugou uma Sala no Ed. KAUFMANN, que n\u00e3o demorou muito tempo, e depois foi uma grande ROMARIA. Foi para a Rua Ant\u00f4nio Lavigne (2 locais), Pra\u00e7a Rui Barbosa, Rua Jorge Amado e agora Rua Prado Valadares. UFA! GRA\u00c7AS A DEUS, AGORA VAMOS DESCANSAR UM POUCO. Edi\u00e7\u00e3o do JORNAL DA MANH\u00c3 publicado em 02-03-1991. Clique na foto para ampliar.<a href=\"http:\/\/www.r2cpress.com.br\/v1\/wp-content\/uploads\/2021\/10\/13-51.jpg\"><img loading=\"lazy\" class=\"aligncenter size-medium wp-image-124712\" src=\"http:\/\/www.r2cpress.com.br\/v1\/wp-content\/uploads\/2021\/10\/13-51-300x270.jpg\" alt=\"\" width=\"300\" height=\"270\" srcset=\"https:\/\/www.r2cpress.com.br\/v1\/wp-content\/uploads\/2021\/10\/13-51-300x270.jpg 300w, https:\/\/www.r2cpress.com.br\/v1\/wp-content\/uploads\/2021\/10\/13-51.jpg 600w\" sizes=\"(max-width: 300px) 100vw, 300px\" \/><\/a><\/h2>\n<h2 style=\"text-align: center;\">Nesta sexta feira (01-10-2021), JOS\u00c9 LEITE recebeu a visita do ilustre amigo Ten.Cel da PM. JOELSON RESENDE que trouxe um Presente Especial para JOS\u00c9 LEITE, 6 mudas de p\u00e9 de PITOMBA. Quem conhece, sabe o que \u00e9 bom!<a href=\"http:\/\/www.r2cpress.com.br\/v1\/wp-content\/uploads\/2021\/10\/14-41.jpg\"><img loading=\"lazy\" class=\"aligncenter size-medium wp-image-124713\" src=\"http:\/\/www.r2cpress.com.br\/v1\/wp-content\/uploads\/2021\/10\/14-41-293x300.jpg\" alt=\"\" width=\"293\" height=\"300\" srcset=\"https:\/\/www.r2cpress.com.br\/v1\/wp-content\/uploads\/2021\/10\/14-41-293x300.jpg 293w, https:\/\/www.r2cpress.com.br\/v1\/wp-content\/uploads\/2021\/10\/14-41.jpg 529w\" sizes=\"(max-width: 293px) 100vw, 293px\" \/><\/a><\/h2>\n<h2 style=\"text-align: center;\">Na \u00faltima quarta feira (29-09-2021), JOS\u00c9 LEITE recebeu a visita do amigo Ilheense J\u00daNIOR, que a muitos anos, tem resid\u00eancia em LISBOA &#8211; PORTUGAL. J\u00daNIOR \u00e9 agente de Turismo e conhece dezenas de pa\u00edses. GRANDE ABRA\u00c7O, AMIGO!<a href=\"http:\/\/www.r2cpress.com.br\/v1\/wp-content\/uploads\/2021\/10\/15-43.jpg\"><img loading=\"lazy\" class=\"aligncenter size-medium wp-image-124714\" src=\"http:\/\/www.r2cpress.com.br\/v1\/wp-content\/uploads\/2021\/10\/15-43-300x226.jpg\" alt=\"\" width=\"300\" height=\"226\" srcset=\"https:\/\/www.r2cpress.com.br\/v1\/wp-content\/uploads\/2021\/10\/15-43-300x226.jpg 300w, https:\/\/www.r2cpress.com.br\/v1\/wp-content\/uploads\/2021\/10\/15-43.jpg 600w\" sizes=\"(max-width: 300px) 100vw, 300px\" \/><\/a><\/h2>\n<h2 style=\"text-align: center;\">Olha que surpresa maravilhosa, JOS\u00c9 LEITE recebeu, na \u00faltima segunda feira (27-09-2021), a visita do amigo F\u00c9 EM DEUS ALVES DE JESUS. Sim, o nome do homem \u00e9 esse mesmo. F\u00c9 EM DEUS foi Presidente da CDL DE EUN\u00c1POLIS em 1993\/1994. Atualmente \u00e9 Corretor de grandes empresas. SEJA BEM VINDO SEMPRE, QUERIDO AMIGO!<a href=\"http:\/\/www.r2cpress.com.br\/v1\/wp-content\/uploads\/2021\/10\/16-26.jpg\"><img loading=\"lazy\" class=\"aligncenter size-medium wp-image-124715\" src=\"http:\/\/www.r2cpress.com.br\/v1\/wp-content\/uploads\/2021\/10\/16-26-300x255.jpg\" alt=\"\" width=\"300\" height=\"255\" srcset=\"https:\/\/www.r2cpress.com.br\/v1\/wp-content\/uploads\/2021\/10\/16-26-300x255.jpg 300w, https:\/\/www.r2cpress.com.br\/v1\/wp-content\/uploads\/2021\/10\/16-26.jpg 600w\" sizes=\"(max-width: 300px) 100vw, 300px\" \/><\/a><\/h2>\n<h2 style=\"text-align: center;\">Outra visita importante, na \u00faltima quinta feira (30-09-2021), foi a do PADRE CRISTO, um grande P\u00e1roco da nossa Comunidade. ORE SEMPRE POR JOS\u00c9 LEITE, PADRE CRISTO!<\/h2>\n<h2 style=\"text-align: center;\"><strong>E NO MAIS&#8230;<a href=\"http:\/\/www.r2cpress.com.br\/v1\/wp-content\/uploads\/2021\/10\/17-13.jpg\"><img loading=\"lazy\" class=\"aligncenter size-medium wp-image-124716\" src=\"http:\/\/www.r2cpress.com.br\/v1\/wp-content\/uploads\/2021\/10\/17-13-146x300.jpg\" alt=\"\" width=\"146\" height=\"300\" srcset=\"https:\/\/www.r2cpress.com.br\/v1\/wp-content\/uploads\/2021\/10\/17-13-146x300.jpg 146w, https:\/\/www.r2cpress.com.br\/v1\/wp-content\/uploads\/2021\/10\/17-13.jpg 291w\" sizes=\"(max-width: 146px) 100vw, 146px\" \/><\/a><\/strong><\/h2>\n<h2 style=\"text-align: center;\">Nessa Coluna foi falado muito no nome de DEUS, GRA\u00c7AS A DEUS. Na foto, JOS\u00c9 LEITE e seu amigo \u00cdCARO. Agora, aqui pr\u00e1 n\u00f3s, \u00cdCARO est\u00e1 parecendo com quem nessa foto?<\/h2>\n<h2 style=\"text-align: center;\"><em><strong>PARA CONFERIR O BA\u00da ANTERIOR, CLIQUE\u00a0<a href=\"http:\/\/www.r2cpress.com.br\/v1\/2021\/09\/25\/do-fundo-do-bau-de-jose-leite-448\/#more-124661\"><span style=\"color: #ff0000;\">AQUI<\/span><\/a><\/strong><\/em><\/h2>\n<h2 style=\"text-align: center;\">Texto e fotos: Jos\u00e9 Leite de Souza.<\/h2>\n<h2 style=\"text-align: center;\">jleitesouza@hotmail.com<\/h2>\n<h2 style=\"text-align: center;\">(73) 3634-3134<\/h2>\n","protected":false},"excerpt":{"rendered":"<p>1) 61 ANOS DE JOS\u00c9 LEITE EM ILH\u00c9US. 2) CDL DE ILH\u00c9US 47 ANOS DE HIST\u00d3RIA (5\u00aa PARTE) 3) AS FOTOS DESTAQUES DA SEMANA.<\/p>\n","protected":false},"author":2,"featured_media":0,"comment_status":"open","ping_status":"open","sticky":false,"template":"","format":"standard","meta":{"_links_to":"","_links_to_target":""},"categories":[39],"tags":[],"_links":{"self":[{"href":"https:\/\/www.r2cpress.com.br\/v1\/wp-json\/wp\/v2\/posts\/124699"}],"collection":[{"href":"https:\/\/www.r2cpress.com.br\/v1\/wp-json\/wp\/v2\/posts"}],"about":[{"href":"https:\/\/www.r2cpress.com.br\/v1\/wp-json\/wp\/v2\/types\/post"}],"author":[{"embeddable":true,"href":"https:\/\/www.r2cpress.com.br\/v1\/wp-json\/wp\/v2\/users\/2"}],"replies":[{"embeddable":true,"href":"https:\/\/www.r2cpress.com.br\/v1\/wp-json\/wp\/v2\/comments?post=124699"}],"version-history":[{"count":1,"href":"https:\/\/www.r2cpress.com.br\/v1\/wp-json\/wp\/v2\/posts\/124699\/revisions"}],"predecessor-version":[{"id":124717,"href":"https:\/\/www.r2cpress.com.br\/v1\/wp-json\/wp\/v2\/posts\/124699\/revisions\/124717"}],"wp:attachment":[{"href":"https:\/\/www.r2cpress.com.br\/v1\/wp-json\/wp\/v2\/media?parent=124699"}],"wp:term":[{"taxonomy":"category","embeddable":true,"href":"https:\/\/www.r2cpress.com.br\/v1\/wp-json\/wp\/v2\/categories?post=124699"},{"taxonomy":"post_tag","embeddable":true,"href":"https:\/\/www.r2cpress.com.br\/v1\/wp-json\/wp\/v2\/tags?post=124699"}],"curies":[{"name":"wp","href":"https:\/\/api.w.org\/{rel}","templated":true}]}}